{"id":77693,"date":"2017-03-08T08:49:01","date_gmt":"2017-03-08T12:49:01","guid":{"rendered":"http:\/\/www.eltrabajo.cl\/2017\/?p=77693"},"modified":"2017-03-08T08:49:01","modified_gmt":"2017-03-08T12:49:01","slug":"horacio-de-la-pena-ensenara-tenis-a-alumnos-de-colegios-de-panquehue","status":"publish","type":"post","link":"https:\/\/eltrabajo.cl\/portal\/horacio-de-la-pena-ensenara-tenis-a-alumnos-de-colegios-de-panquehue\/","title":{"rendered":"Horacio de la Pe\u00f1a ense\u00f1ar\u00e1 tenis a alumnos de colegios de Panquehue"},"content":{"rendered":"<figure id=\"attachment_77695\" aria-describedby=\"caption-attachment-77695\" style=\"width: 580px\" class=\"wp-caption alignnone\"><img data-recalc-dims=\"1\" loading=\"lazy\" decoding=\"async\" class=\"size-full wp-image-77695\" src=\"https:\/\/i0.wp.com\/www.eltrabajo.cl\/portal\/wp-content\/uploads\/2017\/03\/horacio-de-la-pe%C3%B1a-2-1.jpg?resize=580%2C348\" alt=\"El Concejo Municipal conoci\u00f3 en detalle el proyecto, el que fue aprobado en forma un\u00e1nime, con una inversi\u00f3n de 26 millones de pesos al a\u00f1o y que ser\u00e1 financiado a trav\u00e9s del Fondo de Apoyo a la Educaci\u00f3n P\u00fablica (FAEP).\" width=\"580\" height=\"348\" srcset=\"https:\/\/i0.wp.com\/eltrabajo.cl\/portal\/wp-content\/uploads\/2017\/03\/horacio-de-la-pe%C3%B1a-2-1.jpg?w=580&amp;ssl=1 580w, https:\/\/i0.wp.com\/eltrabajo.cl\/portal\/wp-content\/uploads\/2017\/03\/horacio-de-la-pe%C3%B1a-2-1.jpg?resize=200%2C120&amp;ssl=1 200w, https:\/\/i0.wp.com\/eltrabajo.cl\/portal\/wp-content\/uploads\/2017\/03\/horacio-de-la-pe%C3%B1a-2-1.jpg?resize=300%2C180&amp;ssl=1 300w, https:\/\/i0.wp.com\/eltrabajo.cl\/portal\/wp-content\/uploads\/2017\/03\/horacio-de-la-pe%C3%B1a-2-1.jpg?resize=250%2C150&amp;ssl=1 250w, https:\/\/i0.wp.com\/eltrabajo.cl\/portal\/wp-content\/uploads\/2017\/03\/horacio-de-la-pe%C3%B1a-2-1.jpg?resize=400%2C240&amp;ssl=1 400w\" sizes=\"auto, (max-width: 580px) 100vw, 580px\" \/><figcaption id=\"caption-attachment-77695\" class=\"wp-caption-text\">El Concejo Municipal conoci\u00f3 en detalle el proyecto, el que fue aprobado en forma un\u00e1nime, con una inversi\u00f3n de 26 millones de pesos al a\u00f1o y que ser\u00e1 financiado a trav\u00e9s del Fondo de Apoyo a la Educaci\u00f3n P\u00fablica (FAEP).<\/figcaption><\/figure>\n<ul>\n<li><span style=\"color: #ff0000;\"><strong>Jefe de la UTP del Daem, David Dazarola, realiz\u00f3 la presentaci\u00f3n del proyecto al Concejo Municipal, el que ser\u00e1 financiados con recursos del FAEP.<\/strong> <\/span><\/li>\n<\/ul>\n<p><strong>PANQUEHUE.-<\/strong> El tenis ya dej\u00f3 ser un deporte de elite y para su pr\u00e1ctica solo se requiere de inter\u00e9s y ganas. Bajo esa premisa, en diciembre del a\u00f1o pasado el alcalde de Panquehue, Luis Pradenas, se reuni\u00f3 con el destacado entrenador Horacio de la Pe\u00f1a, con el fin de poder desarrollar una escuela de tenis en los colegios de la comuna.<br \/>\nLa propuesta no se qued\u00f3 en una mera conversaci\u00f3n, pues durante los meses de enero y febrero, la Unidad T\u00e9cnica Pedag\u00f3gica del Daem, a cargo del docente David Dazarola, por encargo del alcalde estuvo trabajando en un proyecto que permita desarrollar esta iniciativa, que sea inclusivo y que permita la pr\u00e1ctica del tenis en su m\u00e1xima expresi\u00f3n en toda la comuna.<br \/>\nFue as\u00ed que en la sesi\u00f3n del Concejo Municipal, el docente expuso el detalle de este proyecto, que tendr\u00e1 una inversi\u00f3n de 26 millones de pesos al a\u00f1o y que ser\u00e1 financiado a trav\u00e9s del Fondo de Apoyo a la Educaci\u00f3n P\u00fablica (FAEP).<br \/>\nDazarola explic\u00f3 a los ediles que el proyecto denominado \u2018Masificando el Tenis\u2019 buscar\u00e1 masificar esta disciplina como un deporte entretenido y did\u00e1ctico; que sea participativo con la inclusi\u00f3n de ni\u00f1os con capacidades diferentes; que quite el estigma que es un deporte solo de elite; atacando con ello el problema de la obesidad y el sedentarismo en j\u00f3venes, promocionando un estilo de vida saludable.<br \/>\n\u201cEl proyecto que se inicia en la segunda quincena de marzo, tendr\u00e1 una duraci\u00f3n de 10 meses y considera la realizaci\u00f3n de capacitaciones te\u00f3ricas y pr\u00e1cticas por parte del conocido entrenador de tenis Horacio de la Pe\u00f1a, la realizaci\u00f3n de 8 cl\u00ednicas de tenis (una mensual); la entrega de set de tenis a cada uno de los colegios de Panquehue; la entrega de dos becas para participar en centro de alto rendimiento deportivo y al t\u00e9rmino del proyecto la realizaci\u00f3n de un mini torneo\u201d.<br \/>\nEnfrentar la obesidad en ni\u00f1os, ser\u00e1 uno de los principales objetivos de esta escuela de tenis, ya que de acuerdo a lo manifestado por el docente de educaci\u00f3n f\u00edsica del colegio Panquehue, Carlos L\u00f3pez, cerca de un 28 por ciento de la poblaci\u00f3n menor de la comuna, sufre de esta situaci\u00f3n, de acuerdo a datos entregados por el Cesfam.<br \/>\n\u201cCreo que ser\u00e1 un gran desaf\u00edo para la comuna y por lo mismo existe la mayor disposici\u00f3n de poder trabajar con el tenis en cada uno de los colegios, pues se trata de uno de los deportes m\u00e1s completos. Lo interesante de todo esto, es que los profesores ser\u00e1n capacitados para poder continuar con el desarrollo de esta disciplina m\u00e1s all\u00e1 de cuando termina el proyecto\u201d.<br \/>\nEl alcalde Luis Pradenas dijo estar muy satisfecho con el resultado final de esta iniciativa, pues tuvo el apoyo de todo el Concejo Municipal que aprob\u00f3 sin mayores reparos este proyecto.<br \/>\n\u201cCuando me entrevist\u00e9 con Horacio de la Pe\u00f1a y conoc\u00ed su propuesta, de inmediato se inici\u00f3 el trabajo con el Daem y hoy ya lo tenemos terminado y listo parta su ejecuci\u00f3n.<br \/>\n\u00abAqu\u00ed queda en evidencia que este municipio apoya todo tipo de disciplinas deportivas, hemos hecho lo propio con el f\u00fatbol, el b\u00e1squetbol, financiando una gira al norte del pa\u00eds, las artes marciales, el ciclismo extremo y ahora el tenis.<br \/>\n\u00abLos colegios podr\u00e1n trabajar en la pr\u00e1ctica de este deporte, donde no dudo que ser\u00e1 potenciado con el correr de los meses\u201d.<br \/>\nIndic\u00f3 finalmente el alcalde Pradenas, que teniendo lista la fecha de inicio del proyecto, se invitar\u00e1 al propio Horacio de la Pe\u00f1a para su lanzamiento.<\/p>\n<figure id=\"attachment_77694\" aria-describedby=\"caption-attachment-77694\" style=\"width: 580px\" class=\"wp-caption alignnone\"><img data-recalc-dims=\"1\" loading=\"lazy\" decoding=\"async\" class=\"size-full wp-image-77694\" src=\"https:\/\/i0.wp.com\/www.eltrabajo.cl\/portal\/wp-content\/uploads\/2017\/03\/horacio-de-la-pe%C3%B1a-1-1.jpg?resize=580%2C348\" alt=\"El destacado tenista Horacio de la Pe\u00f1a se reuni\u00f3 con el Alcalde Luis Pradenas en diciembre del a\u00f1o pasado, ocasi\u00f3n en que se comenz\u00f3 a gestar el proyecto.\" width=\"580\" height=\"348\" srcset=\"https:\/\/i0.wp.com\/eltrabajo.cl\/portal\/wp-content\/uploads\/2017\/03\/horacio-de-la-pe%C3%B1a-1-1.jpg?w=580&amp;ssl=1 580w, https:\/\/i0.wp.com\/eltrabajo.cl\/portal\/wp-content\/uploads\/2017\/03\/horacio-de-la-pe%C3%B1a-1-1.jpg?resize=200%2C120&amp;ssl=1 200w, https:\/\/i0.wp.com\/eltrabajo.cl\/portal\/wp-content\/uploads\/2017\/03\/horacio-de-la-pe%C3%B1a-1-1.jpg?resize=300%2C180&amp;ssl=1 300w, https:\/\/i0.wp.com\/eltrabajo.cl\/portal\/wp-content\/uploads\/2017\/03\/horacio-de-la-pe%C3%B1a-1-1.jpg?resize=250%2C150&amp;ssl=1 250w, https:\/\/i0.wp.com\/eltrabajo.cl\/portal\/wp-content\/uploads\/2017\/03\/horacio-de-la-pe%C3%B1a-1-1.jpg?resize=400%2C240&amp;ssl=1 400w\" sizes=\"auto, (max-width: 580px) 100vw, 580px\" \/><figcaption id=\"caption-attachment-77694\" class=\"wp-caption-text\">El destacado tenista Horacio de la Pe\u00f1a se reuni\u00f3 con el Alcalde Luis Pradenas en diciembre del a\u00f1o pasado, ocasi\u00f3n en que se comenz\u00f3 a gestar el proyecto.<\/figcaption><\/figure>\n","protected":false},"excerpt":{"rendered":"<p>Jefe de la UTP del Daem, David Dazarola, realiz\u00f3 la presentaci\u00f3n del proyecto al Concejo Municipal, el que ser\u00e1 financiados con recursos del FAEP. PANQUEHUE.- El tenis ya dej\u00f3 ser un deporte&#8230;<\/p>\n","protected":false},"author":482,"featured_media":77694,"comment_status":"open","ping_status":"open","sticky":false,"template":"","format":"standard","meta":{"advanced_seo_description":"","jetpack_seo_html_title":"","jetpack_seo_noindex":false,"_jetpack_memberships_contains_paid_content":false,"footnotes":""},"categories":[1],"tags":[],"class_list":["post-77693","post","type-post","status-publish","format-standard","has-post-thumbnail","hentry","category-cronica"],"jetpack_featured_media_url":"https:\/\/i0.wp.com\/eltrabajo.cl\/portal\/wp-content\/uploads\/2017\/03\/horacio-de-la-pe%C3%B1a-1-1.jpg?fit=580%2C348&ssl=1","jetpack_sharing_enabled":true,"jetpack_likes_enabled":true,"jetpack-related-posts":[],"_links":{"self":[{"href":"https:\/\/eltrabajo.cl\/portal\/wp-json\/wp\/v2\/posts\/77693","targetHints":{"allow":["GET"]}}],"collection":[{"href":"https:\/\/eltrabajo.cl\/portal\/wp-json\/wp\/v2\/posts"}],"about":[{"href":"https:\/\/eltrabajo.cl\/portal\/wp-json\/wp\/v2\/types\/post"}],"author":[{"embeddable":true,"href":"https:\/\/eltrabajo.cl\/portal\/wp-json\/wp\/v2\/users\/482"}],"replies":[{"embeddable":true,"href":"https:\/\/eltrabajo.cl\/portal\/wp-json\/wp\/v2\/comments?post=77693"}],"version-history":[{"count":0,"href":"https:\/\/eltrabajo.cl\/portal\/wp-json\/wp\/v2\/posts\/77693\/revisions"}],"wp:featuredmedia":[{"embeddable":true,"href":"https:\/\/eltrabajo.cl\/portal\/wp-json\/wp\/v2\/media\/77694"}],"wp:attachment":[{"href":"https:\/\/eltrabajo.cl\/portal\/wp-json\/wp\/v2\/media?parent=77693"}],"wp:term":[{"taxonomy":"category","embeddable":true,"href":"https:\/\/eltrabajo.cl\/portal\/wp-json\/wp\/v2\/categories?post=77693"},{"taxonomy":"post_tag","embeddable":true,"href":"https:\/\/eltrabajo.cl\/portal\/wp-json\/wp\/v2\/tags?post=77693"}],"curies":[{"name":"wp","href":"https:\/\/api.w.org\/{rel}","templated":true}]}}