{"id":77702,"date":"2017-03-08T08:56:15","date_gmt":"2017-03-08T12:56:15","guid":{"rendered":"http:\/\/www.eltrabajo.cl\/2017\/?p=77702"},"modified":"2017-03-08T08:56:15","modified_gmt":"2017-03-08T12:56:15","slug":"madre-responsabiliza-al-san-camilo-tras-muerte-de-su-bebe-por-el-shu","status":"publish","type":"post","link":"https:\/\/eltrabajo.cl\/portal\/madre-responsabiliza-al-san-camilo-tras-muerte-de-su-bebe-por-el-shu\/","title":{"rendered":"Madre responsabiliza al San Camilo tras muerte de su beb\u00e9 por el SHU"},"content":{"rendered":"<figure id=\"attachment_77703\" aria-describedby=\"caption-attachment-77703\" style=\"width: 580px\" class=\"wp-caption alignnone\"><img data-recalc-dims=\"1\" loading=\"lazy\" decoding=\"async\" class=\"size-full wp-image-77703\" src=\"https:\/\/i0.wp.com\/www.eltrabajo.cl\/portal\/wp-content\/uploads\/2017\/03\/SHU-Damaris-Ortega-1.jpg?resize=580%2C348\" alt=\"Damaris Ortega, madre del menor.\" width=\"580\" height=\"348\" srcset=\"https:\/\/i0.wp.com\/eltrabajo.cl\/portal\/wp-content\/uploads\/2017\/03\/SHU-Damaris-Ortega-1.jpg?w=580&amp;ssl=1 580w, https:\/\/i0.wp.com\/eltrabajo.cl\/portal\/wp-content\/uploads\/2017\/03\/SHU-Damaris-Ortega-1.jpg?resize=200%2C120&amp;ssl=1 200w, https:\/\/i0.wp.com\/eltrabajo.cl\/portal\/wp-content\/uploads\/2017\/03\/SHU-Damaris-Ortega-1.jpg?resize=300%2C180&amp;ssl=1 300w, https:\/\/i0.wp.com\/eltrabajo.cl\/portal\/wp-content\/uploads\/2017\/03\/SHU-Damaris-Ortega-1.jpg?resize=250%2C150&amp;ssl=1 250w, https:\/\/i0.wp.com\/eltrabajo.cl\/portal\/wp-content\/uploads\/2017\/03\/SHU-Damaris-Ortega-1.jpg?resize=400%2C240&amp;ssl=1 400w\" sizes=\"auto, (max-width: 580px) 100vw, 580px\" \/><figcaption id=\"caption-attachment-77703\" class=\"wp-caption-text\">Damaris Ortega, madre del menor.<\/figcaption><\/figure>\n<ul>\n<li><span style=\"color: #ff0000;\"><strong>Asegura que un pediatra le neg\u00f3 la hospitalizaci\u00f3n oportuna:<\/strong><\/span><\/li>\n<\/ul>\n<p>Una desgarradora historia en la que su protagonista principal es un beb\u00e9 de apenas un a\u00f1o y siete meses de vida, vecino de Poblaci\u00f3n 21 de Mayo y quien era p\u00e1rvulo del Jard\u00edn Infantil Barquito de Papel (Calle Santo Domingo), llamado Thiano Lucas D\u00edaz Ortega, es la que hoy de manera exclusiva nos relata la madre del menor, do\u00f1a Damaris Ortega Zelada.<br \/>\nSe trata de un caso muy complejo en donde el peque\u00f1ito se enferma de diarrea y una evidente infecci\u00f3n intestinal, por lo que la madre decide r\u00e1pidamente llevarlo a Urgencias del Hospital San Camilo, pues ya su estado en pocas horas era cr\u00edtico, pues sus heces eran sangre y se deshidrataba con gran rapidez.<\/p>\n<p><strong>SHU ASESINO<\/strong><br \/>\nSeg\u00fan lo relatado por esta joven madre de 31 a\u00f1os, ella responsabiliza a uno de los pediatras de este centro hospitalario (Doctor Retamal), a quien ella se\u00f1ala como el presunto responsable de evitar que el ni\u00f1o fuera internado con la urgencia que ameritaba. As\u00ed las cosas y tras conocerse que finalmente el ni\u00f1o perdi\u00f3 horas vitales en esperas interminables hasta que finalmente lo recibieron pr\u00e1cticamente agonizando, es cuando los dichos y reclamos de do\u00f1a Damaris toman fuerza y sentido, pues el beb\u00e9 muri\u00f3 por un mal que, a la larga, quiz\u00e1 s\u00ed pudo ser detenido a tiempo.<br \/>\n<strong>&#8211; \u00bfC\u00f3mo empez\u00f3 el SHU a destruir a su peque\u00f1o hijo?<\/strong><br \/>\n&#8211; Mi hijo empez\u00f3 con una fuerte diarrea el domingo 8 de enero, algo relativamente normal en un ni\u00f1o de su edad, a las 13:43 horas yo llegu\u00e9 al Hospital San Camilo, me llamaron a Categorizaci\u00f3n hasta las 15:00 horas, empezaron a suministrarle medicamento y ex\u00e1menes tambi\u00e9n, todos los ex\u00e1menes sal\u00edan con valor cr\u00edtico, el doctor Milton Guerrero (m\u00e9dico general) atend\u00eda a mi beb\u00e9, pero me dijo que \u00e9l estaba recibiendo instrucciones directas del Doctor Retamal (pediatra). En alg\u00fan momento cerca de las siete de la tarde, el Dr. Retamal apareci\u00f3, mir\u00f3 la computadora un instante y se fue.<br \/>\n<strong>&#8211; \u00bfEn alg\u00fan momento apareci\u00f3 este pediatra a revisar personalmente a su beb\u00e9?<\/strong><br \/>\n&#8211; El Doctor Retamal no apareci\u00f3 durante horas, me dijeron que \u00e9l estaba en Residencia, se me dijo tambi\u00e9n que este doctor orden\u00f3 que no hospitalizaran a mi beb\u00e9, porque era s\u00f3lo una infecci\u00f3n intestinal, por lo tanto me le dieron la salida con 38\u00ba de temperatura.<br \/>\n<strong>&#8211; \u00bfQu\u00e9 pas\u00f3 entonces con su ni\u00f1o, grave en su casa entonces?<\/strong><br \/>\n&#8211; El ni\u00f1o se me volvi\u00f3 a complicar y ya el lunes 9 de enero, lo llev\u00e9 en la ma\u00f1ana, ya en ese estado s\u00ed me lo atendieron, comprendieron que su condici\u00f3n no era normal, as\u00ed, me enviaron con el ni\u00f1o al Hospital Dr. Gustavo Fricke de Vi\u00f1a del Mar. All\u00e1 lo sometieron de nuevo a ex\u00e1menes hasta que lograron, despu\u00e9s de casi un d\u00eda entero, los m\u00e9dicos lograron determinar lo que lo estaba matando.<br \/>\n<strong>&#8211; \u00bfEntonces s\u00ed era cr\u00edtica la situaci\u00f3n de su guagua?<\/strong><br \/>\n&#8211; Ya en la etapa final empezaron las carreras, todos los m\u00e9dicos muy preocupados, pues con s\u00f3lo tocar su intestino \u00e9ste sangraba, ellos me dijeron que lo que sufr\u00eda mi hijo era el SHU (S\u00edndrome Hemol\u00edtico Ur\u00e9mico), mal que le gener\u00f3 un shock y fallo multiorg\u00e1nico, lo que finalmente le quit\u00f3 la vida a mi beb\u00e9.<br \/>\n<strong>&#8211; \u00bfQu\u00e9 piensa hacer ahora que se perdi\u00f3 esta importante batalla para salvar a tu beb\u00e9, piensa demandar al hospital?<\/strong><br \/>\n&#8211; Yo estoy indignada. Responsabilizo al Servicio de Urgencias del Hospital San Camilo, por supuesto que los voy a demandar, para que esto no le ocurra a m\u00e1s personas, responsabilizo tambi\u00e9n al Doctor Retamal, porque es inaudito que a un ni\u00f1o que es llevado desangr\u00e1ndose y con una diarrea tan cr\u00edtica, y que este m\u00e9dico se niegue atenderlo en persona, y que le niegue tambi\u00e9n su hospitalizaci\u00f3n, s\u00e9 de casos de ni\u00f1os y adultos que s\u00ed se han salvado con el SHU cuando son atendidos a tiempo, en este caso los dos d\u00edas que los m\u00e9dicos del San Camilo se negaron internar a mi guagua creo que fueron mortales, fatales para que \u00e9l pudiera ganar la pelea a la muerte, finalmente sus ri\u00f1ones colapsaron y no se pudo salvar.<\/p>\n<p><strong>DAR\u00c1N EXPLICACIONES<\/strong><br \/>\nDiario El Trabajo busc\u00f3 respuestas en el Hospital San Camilo para conocer cu\u00e1l es la postura de este centro m\u00e9dico, seg\u00fan supo nuestro medio, el Doctor Retamal no figuraba en ese momento como M\u00e9dico de Guardia, por lo que no tendr\u00eda al parecer responsabilidad en el proceder cl\u00ednico que se le dio al ni\u00f1o. La respuesta del San Camilo dice que \u00abuna vez ocurrido el caso y para entregar toda la informaci\u00f3n a la familia, se han solicitado todos los antecedentes disponibles, por lo cual se fij\u00f3 de com\u00fan acuerdo con la familia, una reuni\u00f3n para la pr\u00f3xima semana en donde se entregar\u00e1 toda la informaci\u00f3n y se buscar\u00e1 responder las preguntas que los padres puedan presentar frente a este lamentable hecho, el cual, cabe destacar, fue producto del denominado SHU, S\u00edndrome Hemol\u00edtico Ur\u00e9mico, patolog\u00eda muy compleja de detectar, para la cual no existe tratamiento espec\u00edfico, ya que se detecta una vez que se ha producido el da\u00f1o en el organismo\u00bb.<br \/>\n<strong>Roberto Gonz\u00e1lez Short<\/strong><\/p>\n<figure id=\"attachment_77704\" aria-describedby=\"caption-attachment-77704\" style=\"width: 580px\" class=\"wp-caption alignnone\"><img data-recalc-dims=\"1\" loading=\"lazy\" decoding=\"async\" class=\"size-full wp-image-77704\" src=\"https:\/\/i0.wp.com\/www.eltrabajo.cl\/portal\/wp-content\/uploads\/2017\/03\/SHU-Defunsion33-1.jpg?resize=580%2C350\" alt=\"GOLPE MORTAL.- As\u00ed fue determinada la muerte de este peque\u00f1ito vecino de Poblaci\u00f3n 21 de Mayo, luego que el SHU lo atacara mortalmente.\" width=\"580\" height=\"350\" srcset=\"https:\/\/i0.wp.com\/eltrabajo.cl\/portal\/wp-content\/uploads\/2017\/03\/SHU-Defunsion33-1.jpg?w=580&amp;ssl=1 580w, https:\/\/i0.wp.com\/eltrabajo.cl\/portal\/wp-content\/uploads\/2017\/03\/SHU-Defunsion33-1.jpg?resize=200%2C121&amp;ssl=1 200w, https:\/\/i0.wp.com\/eltrabajo.cl\/portal\/wp-content\/uploads\/2017\/03\/SHU-Defunsion33-1.jpg?resize=300%2C181&amp;ssl=1 300w, https:\/\/i0.wp.com\/eltrabajo.cl\/portal\/wp-content\/uploads\/2017\/03\/SHU-Defunsion33-1.jpg?resize=249%2C150&amp;ssl=1 249w, https:\/\/i0.wp.com\/eltrabajo.cl\/portal\/wp-content\/uploads\/2017\/03\/SHU-Defunsion33-1.jpg?resize=400%2C241&amp;ssl=1 400w\" sizes=\"auto, (max-width: 580px) 100vw, 580px\" \/><figcaption id=\"caption-attachment-77704\" class=\"wp-caption-text\">GOLPE MORTAL.- As\u00ed fue determinada la muerte de este peque\u00f1ito vecino de Poblaci\u00f3n 21 de Mayo, luego que el SHU lo atacara mortalmente.<\/figcaption><\/figure>\n<figure id=\"attachment_77705\" aria-describedby=\"caption-attachment-77705\" style=\"width: 580px\" class=\"wp-caption alignnone\"><img data-recalc-dims=\"1\" loading=\"lazy\" decoding=\"async\" class=\"size-full wp-image-77705\" src=\"https:\/\/i0.wp.com\/www.eltrabajo.cl\/portal\/wp-content\/uploads\/2017\/03\/SHU-Funerales1-1.jpg?resize=580%2C348\" alt=\"ADI\u00d3S THIANITO.- El cortejo f\u00fanebre del peque\u00f1o Thiano pas\u00f3 frente al jard\u00edn infantil donde estudiaba, sus restos descansan en el cementerio municipal de San Felipe, en El Almendral.\" width=\"580\" height=\"348\" srcset=\"https:\/\/i0.wp.com\/eltrabajo.cl\/portal\/wp-content\/uploads\/2017\/03\/SHU-Funerales1-1.jpg?w=580&amp;ssl=1 580w, https:\/\/i0.wp.com\/eltrabajo.cl\/portal\/wp-content\/uploads\/2017\/03\/SHU-Funerales1-1.jpg?resize=200%2C120&amp;ssl=1 200w, https:\/\/i0.wp.com\/eltrabajo.cl\/portal\/wp-content\/uploads\/2017\/03\/SHU-Funerales1-1.jpg?resize=300%2C180&amp;ssl=1 300w, https:\/\/i0.wp.com\/eltrabajo.cl\/portal\/wp-content\/uploads\/2017\/03\/SHU-Funerales1-1.jpg?resize=250%2C150&amp;ssl=1 250w, https:\/\/i0.wp.com\/eltrabajo.cl\/portal\/wp-content\/uploads\/2017\/03\/SHU-Funerales1-1.jpg?resize=400%2C240&amp;ssl=1 400w\" sizes=\"auto, (max-width: 580px) 100vw, 580px\" \/><figcaption id=\"caption-attachment-77705\" class=\"wp-caption-text\">ADI\u00d3S THIANITO.- El cortejo f\u00fanebre del peque\u00f1o Thiano pas\u00f3 frente al jard\u00edn infantil donde estudiaba, sus restos descansan en el cementerio municipal de San Felipe, en El Almendral.<\/figcaption><\/figure>\n<figure id=\"attachment_77706\" aria-describedby=\"caption-attachment-77706\" style=\"width: 580px\" class=\"wp-caption alignnone\"><img data-recalc-dims=\"1\" loading=\"lazy\" decoding=\"async\" class=\"size-full wp-image-77706\" src=\"https:\/\/i0.wp.com\/www.eltrabajo.cl\/portal\/wp-content\/uploads\/2017\/03\/SHU-Lagrima1-1.jpg?resize=580%2C348\" alt=\"SE FUE EL ANGELITO.- El peque\u00f1ito Thiano Lucas D\u00edaz Ortega apenas ten\u00eda un a\u00f1o y siete meses de edad.\" width=\"580\" height=\"348\" srcset=\"https:\/\/i0.wp.com\/eltrabajo.cl\/portal\/wp-content\/uploads\/2017\/03\/SHU-Lagrima1-1.jpg?w=580&amp;ssl=1 580w, https:\/\/i0.wp.com\/eltrabajo.cl\/portal\/wp-content\/uploads\/2017\/03\/SHU-Lagrima1-1.jpg?resize=200%2C120&amp;ssl=1 200w, https:\/\/i0.wp.com\/eltrabajo.cl\/portal\/wp-content\/uploads\/2017\/03\/SHU-Lagrima1-1.jpg?resize=300%2C180&amp;ssl=1 300w, https:\/\/i0.wp.com\/eltrabajo.cl\/portal\/wp-content\/uploads\/2017\/03\/SHU-Lagrima1-1.jpg?resize=250%2C150&amp;ssl=1 250w, https:\/\/i0.wp.com\/eltrabajo.cl\/portal\/wp-content\/uploads\/2017\/03\/SHU-Lagrima1-1.jpg?resize=400%2C240&amp;ssl=1 400w\" sizes=\"auto, (max-width: 580px) 100vw, 580px\" \/><figcaption id=\"caption-attachment-77706\" class=\"wp-caption-text\">SE FUE EL ANGELITO.- El peque\u00f1ito Thiano Lucas D\u00edaz Ortega apenas ten\u00eda un a\u00f1o y siete meses de edad.<\/figcaption><\/figure>\n","protected":false},"excerpt":{"rendered":"<p>Asegura que un pediatra le neg\u00f3 la hospitalizaci\u00f3n oportuna: Una desgarradora historia en la que su protagonista principal es un beb\u00e9 de apenas un a\u00f1o y siete meses de vida, vecino de&#8230;<\/p>\n","protected":false},"author":482,"featured_media":77706,"comment_status":"open","ping_status":"open","sticky":false,"template":"","format":"standard","meta":{"advanced_seo_description":"","jetpack_seo_html_title":"","jetpack_seo_noindex":false,"_jetpack_memberships_contains_paid_content":false,"footnotes":""},"categories":[15],"tags":[],"class_list":["post-77702","post","type-post","status-publish","format-standard","has-post-thumbnail","hentry","category-comunidad"],"jetpack_featured_media_url":"https:\/\/i0.wp.com\/eltrabajo.cl\/portal\/wp-content\/uploads\/2017\/03\/SHU-Lagrima1-1.jpg?fit=580%2C348&ssl=1","jetpack_sharing_enabled":true,"jetpack_likes_enabled":true,"jetpack-related-posts":[],"_links":{"self":[{"href":"https:\/\/eltrabajo.cl\/portal\/wp-json\/wp\/v2\/posts\/77702","targetHints":{"allow":["GET"]}}],"collection":[{"href":"https:\/\/eltrabajo.cl\/portal\/wp-json\/wp\/v2\/posts"}],"about":[{"href":"https:\/\/eltrabajo.cl\/portal\/wp-json\/wp\/v2\/types\/post"}],"author":[{"embeddable":true,"href":"https:\/\/eltrabajo.cl\/portal\/wp-json\/wp\/v2\/users\/482"}],"replies":[{"embeddable":true,"href":"https:\/\/eltrabajo.cl\/portal\/wp-json\/wp\/v2\/comments?post=77702"}],"version-history":[{"count":0,"href":"https:\/\/eltrabajo.cl\/portal\/wp-json\/wp\/v2\/posts\/77702\/revisions"}],"wp:featuredmedia":[{"embeddable":true,"href":"https:\/\/eltrabajo.cl\/portal\/wp-json\/wp\/v2\/media\/77706"}],"wp:attachment":[{"href":"https:\/\/eltrabajo.cl\/portal\/wp-json\/wp\/v2\/media?parent=77702"}],"wp:term":[{"taxonomy":"category","embeddable":true,"href":"https:\/\/eltrabajo.cl\/portal\/wp-json\/wp\/v2\/categories?post=77702"},{"taxonomy":"post_tag","embeddable":true,"href":"https:\/\/eltrabajo.cl\/portal\/wp-json\/wp\/v2\/tags?post=77702"}],"curies":[{"name":"wp","href":"https:\/\/api.w.org\/{rel}","templated":true}]}}