{"id":77713,"date":"2017-03-09T08:31:38","date_gmt":"2017-03-09T12:31:38","guid":{"rendered":"http:\/\/www.eltrabajo.cl\/2017\/?p=77713"},"modified":"2017-03-09T08:31:38","modified_gmt":"2017-03-09T12:31:38","slug":"sumario-busca-determinar-quienes-tenian-acceso-a-escenario-del-crimen","status":"publish","type":"post","link":"https:\/\/eltrabajo.cl\/portal\/sumario-busca-determinar-quienes-tenian-acceso-a-escenario-del-crimen\/","title":{"rendered":"Sumario busca determinar qui\u00e9nes ten\u00edan acceso a escenario del crimen"},"content":{"rendered":"<figure id=\"attachment_77714\" aria-describedby=\"caption-attachment-77714\" style=\"width: 580px\" class=\"wp-caption alignnone\"><img data-recalc-dims=\"1\" loading=\"lazy\" decoding=\"async\" class=\"size-full wp-image-77714\" src=\"https:\/\/i0.wp.com\/www.eltrabajo.cl\/portal\/wp-content\/uploads\/2017\/03\/jorge-jara-1.jpg?resize=580%2C349\" alt=\"Jorge Jara, Director Jur\u00eddico de la Municipalidad de San Felipe.\" width=\"580\" height=\"349\" srcset=\"https:\/\/i0.wp.com\/eltrabajo.cl\/portal\/wp-content\/uploads\/2017\/03\/jorge-jara-1.jpg?w=580&amp;ssl=1 580w, https:\/\/i0.wp.com\/eltrabajo.cl\/portal\/wp-content\/uploads\/2017\/03\/jorge-jara-1.jpg?resize=200%2C120&amp;ssl=1 200w, https:\/\/i0.wp.com\/eltrabajo.cl\/portal\/wp-content\/uploads\/2017\/03\/jorge-jara-1.jpg?resize=300%2C181&amp;ssl=1 300w, https:\/\/i0.wp.com\/eltrabajo.cl\/portal\/wp-content\/uploads\/2017\/03\/jorge-jara-1.jpg?resize=249%2C150&amp;ssl=1 249w, https:\/\/i0.wp.com\/eltrabajo.cl\/portal\/wp-content\/uploads\/2017\/03\/jorge-jara-1.jpg?resize=400%2C241&amp;ssl=1 400w\" sizes=\"auto, (max-width: 580px) 100vw, 580px\" \/><figcaption id=\"caption-attachment-77714\" class=\"wp-caption-text\">Jorge Jara, Director Jur\u00eddico de la Municipalidad de San Felipe.<\/figcaption><\/figure>\n<ul>\n<li><span style=\"color: #ff0000;\"><strong>Por hallazgo de cad\u00e1ver en recinto municipal:<\/strong><\/span><\/li>\n<\/ul>\n<p>El Director Jur\u00eddico de la Municipalidad de San Felipe, Jorge Jara Catal\u00e1n, confirm\u00f3 que el municipio sanfelipe\u00f1o ha decretado el comienzo de una investigaci\u00f3n sumaria para determinar la cantidad de personas que ten\u00eda acceso a la bodega de archivos donde el martes por la ma\u00f1ana se encontr\u00f3 el cuerpo sin vida de la joven santestebina, Susana Sanhueza Aravena, de 22 a\u00f1os de edad.<br \/>\nSi bien en un principio se hab\u00eda informado que un n\u00famero acotado de personas ten\u00eda llaves del inmueble, no m\u00e1s de cinco seg\u00fan consignaron diferentes medios nacionales como Cooperativa, citando al Alcalde Patricio Freire como fuente, con el pasar de las horas y una vez que se defini\u00f3 un Fiscal para liderar esta investigaci\u00f3n en un tiempo determinado, se supo que cada uno de los Departamentos municipales que poseen archivos en esta dependencia, entreg\u00f3 llaves a funcionarios municipales y tambi\u00e9n a personal externo que guardaba ciertos enseres en la propiedad.<br \/>\nSeg\u00fan Jara, dicha investigaci\u00f3n pretende \u201centregar resultados que permitan establecer si efectivamente, aqu\u00ed hubo alguna omisi\u00f3n o un descuido respecto a los mecanismos de acceso al recinto donde fue descubierto el cad\u00e1ver\u201d, y ser\u00e1 paralela a la que desarrolla el Ministerio P\u00fablico, en torno a esclarecer las causas y el o los autores de la muerte de la muchacha.<br \/>\nEn cuanto a cu\u00e1les son las caracter\u00edsticas del sumario interno que se lleva a efecto al interior del municipio, Jara puntualiz\u00f3 que \u201cconforme al estatuto administrativo, el Fiscal investigador tiene amplias facultades para establecer los mecanismos id\u00f3neos para la investigaci\u00f3n, la idea es que establezca responsabilidades y en un minuto, si \u00e9l advierte que la investigaci\u00f3n arroja un mayor grado de compromiso de alg\u00fan funcionario municipal, puede pedir \u2013conforme a la ley- al alcalde el cambio de la investigaci\u00f3n sumaria a un sumario administrativo propiamente tal\u201d, detall\u00f3 el abogado.<br \/>\nDe acuerdo a lo informado por el profesional, en el recinto donde alguna vez funcionara el edificio Consistorial sanfelipe\u00f1o, actualmente se guardan archivos de un sinn\u00famero de dependencias, tales como el Juzgado de Polic\u00eda Local, Secretar\u00eda de Planificaci\u00f3n Comunal (Secplac), Direcci\u00f3n de Obras Municipales y Direcci\u00f3n Jur\u00eddica, lo que hace dif\u00edcil acotar cu\u00e1ntos juegos de llaves existen.<br \/>\n\u201cEs materia de la investigaci\u00f3n\u2026 yo personalmente lo ignoro, porque no s\u00e9 cu\u00e1ntos funcionarios est\u00e1n habilitados para concurrir habitualmente al lugar del archivo\u201d, argument\u00f3.<br \/>\nJara confirm\u00f3 adem\u00e1s que no se sabe con certeza si las c\u00e1maras de televigilancia municipales pueden entregar alg\u00fan antecedente importante a la investigaci\u00f3n, puesto que, justamente durante las \u00faltimas semanas, se ha estado implementando un proyecto de modernizaci\u00f3n de sus soportes y \u00e9stas habr\u00edan sido retiradas d\u00edas antes del d\u00eda en que se estima muri\u00f3 la joven. Pese a esto, se ha solicitado la grabaci\u00f3n de las c\u00e1maras de algunos locales comerciales de calle Prat, im\u00e1genes que podr\u00edan contribuir a la investigaci\u00f3n de la Fiscal\u00eda.<br \/>\nRespecto a las eventuales consecuencias a las que se exponen las personas que resulten con alg\u00fan grado de responsabilidad en el manejo de las llaves del recinto, Jara fue tajante en aclarar que el municipio s\u00f3lo puede imponer un castigo a quien mantenga un v\u00ednculo laboral con la administraci\u00f3n edilicia y que esa sanci\u00f3n puede ir desde una amonestaci\u00f3n, hasta la destituci\u00f3n del cargo, dependiendo del grado de responsabilidad que se determine en el caso.<\/p>\n","protected":false},"excerpt":{"rendered":"<p>Por hallazgo de cad\u00e1ver en recinto municipal: El Director Jur\u00eddico de la Municipalidad de San Felipe, Jorge Jara Catal\u00e1n, confirm\u00f3 que el municipio sanfelipe\u00f1o ha decretado el comienzo de una investigaci\u00f3n sumaria&#8230;<\/p>\n","protected":false},"author":482,"featured_media":77714,"comment_status":"open","ping_status":"open","sticky":false,"template":"","format":"standard","meta":{"advanced_seo_description":"","jetpack_seo_html_title":"","jetpack_seo_noindex":false,"_jetpack_memberships_contains_paid_content":false,"footnotes":""},"categories":[1],"tags":[],"class_list":["post-77713","post","type-post","status-publish","format-standard","has-post-thumbnail","hentry","category-cronica"],"jetpack_featured_media_url":"https:\/\/i0.wp.com\/eltrabajo.cl\/portal\/wp-content\/uploads\/2017\/03\/jorge-jara-1.jpg?fit=580%2C349&ssl=1","jetpack_sharing_enabled":true,"jetpack_likes_enabled":true,"jetpack-related-posts":[],"_links":{"self":[{"href":"https:\/\/eltrabajo.cl\/portal\/wp-json\/wp\/v2\/posts\/77713","targetHints":{"allow":["GET"]}}],"collection":[{"href":"https:\/\/eltrabajo.cl\/portal\/wp-json\/wp\/v2\/posts"}],"about":[{"href":"https:\/\/eltrabajo.cl\/portal\/wp-json\/wp\/v2\/types\/post"}],"author":[{"embeddable":true,"href":"https:\/\/eltrabajo.cl\/portal\/wp-json\/wp\/v2\/users\/482"}],"replies":[{"embeddable":true,"href":"https:\/\/eltrabajo.cl\/portal\/wp-json\/wp\/v2\/comments?post=77713"}],"version-history":[{"count":0,"href":"https:\/\/eltrabajo.cl\/portal\/wp-json\/wp\/v2\/posts\/77713\/revisions"}],"wp:featuredmedia":[{"embeddable":true,"href":"https:\/\/eltrabajo.cl\/portal\/wp-json\/wp\/v2\/media\/77714"}],"wp:attachment":[{"href":"https:\/\/eltrabajo.cl\/portal\/wp-json\/wp\/v2\/media?parent=77713"}],"wp:term":[{"taxonomy":"category","embeddable":true,"href":"https:\/\/eltrabajo.cl\/portal\/wp-json\/wp\/v2\/categories?post=77713"},{"taxonomy":"post_tag","embeddable":true,"href":"https:\/\/eltrabajo.cl\/portal\/wp-json\/wp\/v2\/tags?post=77713"}],"curies":[{"name":"wp","href":"https:\/\/api.w.org\/{rel}","templated":true}]}}