{"id":77716,"date":"2017-03-09T08:35:07","date_gmt":"2017-03-09T12:35:07","guid":{"rendered":"http:\/\/www.eltrabajo.cl\/2017\/?p=77716"},"modified":"2017-03-09T08:35:07","modified_gmt":"2017-03-09T12:35:07","slug":"apasionados-usan-como-motel-tramo-sin-pavimentar-de-calle-5-de-abril","status":"publish","type":"post","link":"https:\/\/eltrabajo.cl\/portal\/apasionados-usan-como-motel-tramo-sin-pavimentar-de-calle-5-de-abril\/","title":{"rendered":"Apasionados usan como motel tramo sin pavimentar de calle 5 de Abril"},"content":{"rendered":"<figure id=\"attachment_77718\" aria-describedby=\"caption-attachment-77718\" style=\"width: 580px\" class=\"wp-caption alignnone\"><img data-recalc-dims=\"1\" loading=\"lazy\" decoding=\"async\" class=\"size-full wp-image-77718\" src=\"https:\/\/i0.wp.com\/www.eltrabajo.cl\/portal\/wp-content\/uploads\/2017\/03\/Abril-3-1.jpg?resize=580%2C350\" alt=\"Basura, maleza, veredas sin pavimentar, barro, deterioran notablemente la calidad de vida de los vecinos del sector.\" width=\"580\" height=\"350\" srcset=\"https:\/\/i0.wp.com\/eltrabajo.cl\/portal\/wp-content\/uploads\/2017\/03\/Abril-3-1.jpg?w=580&amp;ssl=1 580w, https:\/\/i0.wp.com\/eltrabajo.cl\/portal\/wp-content\/uploads\/2017\/03\/Abril-3-1.jpg?resize=200%2C121&amp;ssl=1 200w, https:\/\/i0.wp.com\/eltrabajo.cl\/portal\/wp-content\/uploads\/2017\/03\/Abril-3-1.jpg?resize=300%2C181&amp;ssl=1 300w, https:\/\/i0.wp.com\/eltrabajo.cl\/portal\/wp-content\/uploads\/2017\/03\/Abril-3-1.jpg?resize=249%2C150&amp;ssl=1 249w, https:\/\/i0.wp.com\/eltrabajo.cl\/portal\/wp-content\/uploads\/2017\/03\/Abril-3-1.jpg?resize=400%2C241&amp;ssl=1 400w\" sizes=\"auto, (max-width: 580px) 100vw, 580px\" \/><figcaption id=\"caption-attachment-77718\" class=\"wp-caption-text\">Basura, maleza, veredas sin pavimentar, barro, deterioran notablemente la calidad de vida de los vecinos del sector.<\/figcaption><\/figure>\n<ul>\n<li><span style=\"color: #ff0000;\"><strong>Entre muchos otros problemas que afectan a los vecinos:<\/strong><\/span><\/li>\n<\/ul>\n<p>Muchos problemas dicen enfrentar los vecinos que viven en la calle 5 de Abril en San Felipe, espec\u00edficamente detr\u00e1s de la c\u00e1rcel de la ciudad. Especialmente complejo es el que tiene que ver con que un tramo de la arteria, que va desde Molina a la Avenida Riquelme, est\u00e1 sin pavimentar.<br \/>\nUna de las vecinas de nombre Silvana, dice que hay varios problemas, pero que el principal es la calle sin pavimentar.<br \/>\nLos otros tienen que ver con la suciedad del lugar, \u00e1rboles sin podar: \u00abLo que m\u00e1s interesa aqu\u00ed es el arreglo de la calle, sobre todo que hagan la vereda de la calle por el costado Norte, porque falta una vereda, hay mucha mugre porque le voy a decir que la calle que no est\u00e1 pavimentada la est\u00e1n ocupando como motel. Yo lo he visto y tambi\u00e9n he visto excremento humano, porque la gente es sucia. San Felipe no puede tener calles sucias, sobre todo con excremento humano y basura, porque lo m\u00e1s que hacen es botar basura\u00bb, dice la vecina.<br \/>\nAdem\u00e1s se queja de la falta de poda de los \u00e1rboles y desmalezamiento, por lo que pidi\u00f3 a las autoridades municipales, representadas por su alcalde, que arreglen la calle.<br \/>\nOtro de los problemas que denunci\u00f3 esta vecina es la alta velocidad con que pasan los veh\u00edculos, situaci\u00f3n que los lleva a tener mucho cuidado con los ni\u00f1os peque\u00f1os que viven en esa arteria.<br \/>\nPor eso esperan que las autoridades les tomen en cuenta, presenten un proyecto para poder pavimentar la calle que seg\u00fan ellos es ocupada como motel debido a la poca luminosidad.<br \/>\nFinalmente insistieron en la necesidad de podar los \u00e1rboles que est\u00e1n muy frondosos y contribuyen a la oscuridad, adem\u00e1s de los otros problemas que afectan a los vecinos de calle 5 de Abril.<\/p>\n<figure id=\"attachment_77717\" aria-describedby=\"caption-attachment-77717\" style=\"width: 580px\" class=\"wp-caption alignnone\"><img data-recalc-dims=\"1\" loading=\"lazy\" decoding=\"async\" class=\"size-full wp-image-77717\" src=\"https:\/\/i0.wp.com\/www.eltrabajo.cl\/portal\/wp-content\/uploads\/2017\/03\/Abril-2-1.jpg?resize=580%2C348\" alt=\"La vecina Silvana muestra lo frondoso que est\u00e1 este \u00e1rbol al no ser podado, contribuyendo a la oscuridad durante las noches.\" width=\"580\" height=\"348\" srcset=\"https:\/\/i0.wp.com\/eltrabajo.cl\/portal\/wp-content\/uploads\/2017\/03\/Abril-2-1.jpg?w=580&amp;ssl=1 580w, https:\/\/i0.wp.com\/eltrabajo.cl\/portal\/wp-content\/uploads\/2017\/03\/Abril-2-1.jpg?resize=200%2C120&amp;ssl=1 200w, https:\/\/i0.wp.com\/eltrabajo.cl\/portal\/wp-content\/uploads\/2017\/03\/Abril-2-1.jpg?resize=300%2C180&amp;ssl=1 300w, https:\/\/i0.wp.com\/eltrabajo.cl\/portal\/wp-content\/uploads\/2017\/03\/Abril-2-1.jpg?resize=250%2C150&amp;ssl=1 250w, https:\/\/i0.wp.com\/eltrabajo.cl\/portal\/wp-content\/uploads\/2017\/03\/Abril-2-1.jpg?resize=400%2C240&amp;ssl=1 400w\" sizes=\"auto, (max-width: 580px) 100vw, 580px\" \/><figcaption id=\"caption-attachment-77717\" class=\"wp-caption-text\">La vecina Silvana muestra lo frondoso que est\u00e1 este \u00e1rbol al no ser podado, contribuyendo a la oscuridad durante las noches.<\/figcaption><\/figure>\n<figure id=\"attachment_77719\" aria-describedby=\"caption-attachment-77719\" style=\"width: 580px\" class=\"wp-caption alignnone\"><img data-recalc-dims=\"1\" loading=\"lazy\" decoding=\"async\" class=\"size-full wp-image-77719\" src=\"https:\/\/i0.wp.com\/www.eltrabajo.cl\/portal\/wp-content\/uploads\/2017\/03\/Abril-4-1.jpg?resize=580%2C350\" alt=\"Esta es la calle que est\u00e1 sin pavimentar y que es ocupada constantemente como motel. Es la cuadra que va desde Molina a la Avenida Riquelme.\" width=\"580\" height=\"350\" srcset=\"https:\/\/i0.wp.com\/eltrabajo.cl\/portal\/wp-content\/uploads\/2017\/03\/Abril-4-1.jpg?w=580&amp;ssl=1 580w, https:\/\/i0.wp.com\/eltrabajo.cl\/portal\/wp-content\/uploads\/2017\/03\/Abril-4-1.jpg?resize=200%2C121&amp;ssl=1 200w, https:\/\/i0.wp.com\/eltrabajo.cl\/portal\/wp-content\/uploads\/2017\/03\/Abril-4-1.jpg?resize=300%2C181&amp;ssl=1 300w, https:\/\/i0.wp.com\/eltrabajo.cl\/portal\/wp-content\/uploads\/2017\/03\/Abril-4-1.jpg?resize=249%2C150&amp;ssl=1 249w, https:\/\/i0.wp.com\/eltrabajo.cl\/portal\/wp-content\/uploads\/2017\/03\/Abril-4-1.jpg?resize=400%2C241&amp;ssl=1 400w\" sizes=\"auto, (max-width: 580px) 100vw, 580px\" \/><figcaption id=\"caption-attachment-77719\" class=\"wp-caption-text\">Esta es la calle que est\u00e1 sin pavimentar y que es ocupada constantemente como motel. Es la cuadra que va desde Molina a la Avenida Riquelme.<\/figcaption><\/figure>\n","protected":false},"excerpt":{"rendered":"<p>Entre muchos otros problemas que afectan a los vecinos: Muchos problemas dicen enfrentar los vecinos que viven en la calle 5 de Abril en San Felipe, espec\u00edficamente detr\u00e1s de la c\u00e1rcel de&#8230;<\/p>\n","protected":false},"author":482,"featured_media":77719,"comment_status":"open","ping_status":"open","sticky":false,"template":"","format":"standard","meta":{"advanced_seo_description":"","jetpack_seo_html_title":"","jetpack_seo_noindex":false,"_jetpack_memberships_contains_paid_content":false,"footnotes":""},"categories":[15],"tags":[],"class_list":["post-77716","post","type-post","status-publish","format-standard","has-post-thumbnail","hentry","category-comunidad"],"jetpack_featured_media_url":"https:\/\/i0.wp.com\/eltrabajo.cl\/portal\/wp-content\/uploads\/2017\/03\/Abril-4-1.jpg?fit=580%2C350&ssl=1","jetpack_sharing_enabled":true,"jetpack_likes_enabled":true,"jetpack-related-posts":[],"_links":{"self":[{"href":"https:\/\/eltrabajo.cl\/portal\/wp-json\/wp\/v2\/posts\/77716","targetHints":{"allow":["GET"]}}],"collection":[{"href":"https:\/\/eltrabajo.cl\/portal\/wp-json\/wp\/v2\/posts"}],"about":[{"href":"https:\/\/eltrabajo.cl\/portal\/wp-json\/wp\/v2\/types\/post"}],"author":[{"embeddable":true,"href":"https:\/\/eltrabajo.cl\/portal\/wp-json\/wp\/v2\/users\/482"}],"replies":[{"embeddable":true,"href":"https:\/\/eltrabajo.cl\/portal\/wp-json\/wp\/v2\/comments?post=77716"}],"version-history":[{"count":0,"href":"https:\/\/eltrabajo.cl\/portal\/wp-json\/wp\/v2\/posts\/77716\/revisions"}],"wp:featuredmedia":[{"embeddable":true,"href":"https:\/\/eltrabajo.cl\/portal\/wp-json\/wp\/v2\/media\/77719"}],"wp:attachment":[{"href":"https:\/\/eltrabajo.cl\/portal\/wp-json\/wp\/v2\/media?parent=77716"}],"wp:term":[{"taxonomy":"category","embeddable":true,"href":"https:\/\/eltrabajo.cl\/portal\/wp-json\/wp\/v2\/categories?post=77716"},{"taxonomy":"post_tag","embeddable":true,"href":"https:\/\/eltrabajo.cl\/portal\/wp-json\/wp\/v2\/tags?post=77716"}],"curies":[{"name":"wp","href":"https:\/\/api.w.org\/{rel}","templated":true}]}}