{"id":77721,"date":"2017-03-09T08:38:51","date_gmt":"2017-03-09T12:38:51","guid":{"rendered":"http:\/\/www.eltrabajo.cl\/2017\/?p=77721"},"modified":"2017-03-09T08:38:51","modified_gmt":"2017-03-09T12:38:51","slug":"una-pausa-en-sus-escuelas-realizaron-las-mujeres-en-su-dia","status":"publish","type":"post","link":"https:\/\/eltrabajo.cl\/portal\/una-pausa-en-sus-escuelas-realizaron-las-mujeres-en-su-dia\/","title":{"rendered":"Una pausa en sus escuelas realizaron las mujeres en su d\u00eda"},"content":{"rendered":"<figure id=\"attachment_77722\" aria-describedby=\"caption-attachment-77722\" style=\"width: 580px\" class=\"wp-caption alignnone\"><img data-recalc-dims=\"1\" loading=\"lazy\" decoding=\"async\" class=\"size-full wp-image-77722\" src=\"https:\/\/i0.wp.com\/www.eltrabajo.cl\/portal\/wp-content\/uploads\/2017\/03\/mujer-Asiento1-1.jpg?resize=580%2C350\" alt=\"DESAYUNO ESPECIAL.- Pero en la Escuela San Rafael en cambio, el director dispuso ofrecer a las profesoras y asistentes un saludable y ameno desayuno.\" width=\"580\" height=\"350\" srcset=\"https:\/\/i0.wp.com\/eltrabajo.cl\/portal\/wp-content\/uploads\/2017\/03\/mujer-Asiento1-1.jpg?w=580&amp;ssl=1 580w, https:\/\/i0.wp.com\/eltrabajo.cl\/portal\/wp-content\/uploads\/2017\/03\/mujer-Asiento1-1.jpg?resize=200%2C121&amp;ssl=1 200w, https:\/\/i0.wp.com\/eltrabajo.cl\/portal\/wp-content\/uploads\/2017\/03\/mujer-Asiento1-1.jpg?resize=300%2C181&amp;ssl=1 300w, https:\/\/i0.wp.com\/eltrabajo.cl\/portal\/wp-content\/uploads\/2017\/03\/mujer-Asiento1-1.jpg?resize=249%2C150&amp;ssl=1 249w, https:\/\/i0.wp.com\/eltrabajo.cl\/portal\/wp-content\/uploads\/2017\/03\/mujer-Asiento1-1.jpg?resize=400%2C241&amp;ssl=1 400w\" sizes=\"auto, (max-width: 580px) 100vw, 580px\" \/><figcaption id=\"caption-attachment-77722\" class=\"wp-caption-text\">DESAYUNO ESPECIAL.- Pero en la Escuela San Rafael en cambio, el director dispuso ofrecer a las profesoras y asistentes un saludable y ameno desayuno.<\/figcaption><\/figure>\n<ul>\n<li><span style=\"color: #ff0000;\"><strong>Para obsequiar una foto de postal a nuestros lectores:<\/strong><\/span><\/li>\n<\/ul>\n<p>Ayer mi\u00e9rcoles fue celebrado a nivel mundial el D\u00eda Internacional de la Mujer, fecha en la que se conmemora la reivindicaci\u00f3n de igualdad de derechos que las mujeres tienen, siendo \u00e9sta ya una tradici\u00f3n centenaria. Sin embargo, que muchos pa\u00edses hayan establecido el 8 de marzo como el D\u00eda Internacional de la Mujer, tiene que ver con la oficializaci\u00f3n de la fecha que fij\u00f3 la ONU en 1975.<br \/>\nChile, y por ende tambi\u00e9n las mujeres de nuestra comuna, trabajaron con normalidad, pero muchas de ellas con una gran sonrisa en sus rostros.<br \/>\nLas c\u00e1maras de Diario El Trabajo hicieron un recorrido por algunos centros educativos, encontr\u00e1ndonos en algunas de estas escuelas distintas actividades de est\u00edmulo para con las damas que laboran como educadoras o asistentes de educaci\u00f3n.<\/p>\n<p><strong>UN 8 DE MARZO<\/strong><br \/>\nEs importante entender qu\u00e9 se celebra el 8 de marzo de cada a\u00f1o, porque fue el 8 de marzo de 1857 cuando cientos de mujeres de una f\u00e1brica de textiles de Nueva York, salieron a marchar en contra de los bajos salarios, que eran menos de la mitad a lo que percib\u00edan los hombres por la misma tarea. Esa jornada termin\u00f3 con la sangrienta cifra de 120 mujeres muertas a ra\u00edz de la brutalidad con la que la polic\u00eda dispers\u00f3 la marcha. Eso llev\u00f3 a que dos a\u00f1os despu\u00e9s, las trabajadoras fundaran el primer sindicato femenino.<br \/>\nDesde entonces las movilizaciones de las mujeres comenzaron a ser m\u00e1s notorias, especialmente luego de 1909, cuando las Mujeres Socialistas en Estados Unidos conmemoraron por primera vez el D\u00eda Nacional de la Mujer el 28 de febrero, con una manifestaci\u00f3n de m\u00e1s de 15.000 personas que salieron a la calle a reivindicar igualdad de salarios, reducci\u00f3n de la jornada laboral y el derecho a voto, sin embargo, la fecha no se oficializ\u00f3 hasta 1975, cuando la Organizaci\u00f3n de las Naciones Unidas convirti\u00f3 el 8 de marzo en el D\u00eda Internacional por los Derechos de la Mujer y la Paz Internacional.<br \/>\n<strong>Roberto Gonz\u00e1lez Short<\/strong><\/p>\n<figure id=\"attachment_77723\" aria-describedby=\"caption-attachment-77723\" style=\"width: 580px\" class=\"wp-caption alignnone\"><img data-recalc-dims=\"1\" loading=\"lazy\" decoding=\"async\" class=\"size-full wp-image-77723\" src=\"https:\/\/i0.wp.com\/www.eltrabajo.cl\/portal\/wp-content\/uploads\/2017\/03\/mujer-Bellavista1-1.jpg?resize=580%2C349\" alt=\"CHICAS DE POSTAL.- En el otro extremo de nuestra comuna, en Bellavista, fueron las damas de la Escuela Carolina Ocampo las que se tomaron unos minutos del recreo para regalarnos esta Postal.\" width=\"580\" height=\"349\" srcset=\"https:\/\/i0.wp.com\/eltrabajo.cl\/portal\/wp-content\/uploads\/2017\/03\/mujer-Bellavista1-1.jpg?w=580&amp;ssl=1 580w, https:\/\/i0.wp.com\/eltrabajo.cl\/portal\/wp-content\/uploads\/2017\/03\/mujer-Bellavista1-1.jpg?resize=200%2C120&amp;ssl=1 200w, https:\/\/i0.wp.com\/eltrabajo.cl\/portal\/wp-content\/uploads\/2017\/03\/mujer-Bellavista1-1.jpg?resize=300%2C181&amp;ssl=1 300w, https:\/\/i0.wp.com\/eltrabajo.cl\/portal\/wp-content\/uploads\/2017\/03\/mujer-Bellavista1-1.jpg?resize=249%2C150&amp;ssl=1 249w, https:\/\/i0.wp.com\/eltrabajo.cl\/portal\/wp-content\/uploads\/2017\/03\/mujer-Bellavista1-1.jpg?resize=400%2C241&amp;ssl=1 400w\" sizes=\"auto, (max-width: 580px) 100vw, 580px\" \/><figcaption id=\"caption-attachment-77723\" class=\"wp-caption-text\">CHICAS DE POSTAL.- En el otro extremo de nuestra comuna, en Bellavista, fueron las damas de la Escuela Carolina Ocampo las que se tomaron unos minutos del recreo para regalarnos esta Postal.<\/figcaption><\/figure>\n<figure id=\"attachment_77724\" aria-describedby=\"caption-attachment-77724\" style=\"width: 580px\" class=\"wp-caption alignnone\"><img data-recalc-dims=\"1\" loading=\"lazy\" decoding=\"async\" class=\"size-full wp-image-77724\" src=\"https:\/\/i0.wp.com\/www.eltrabajo.cl\/portal\/wp-content\/uploads\/2017\/03\/mujer-SanRafael1-1.jpg?resize=580%2C350\" alt=\"EL ASIENTO.- En la Escuela Jos\u00e9 Bernardo Su\u00e1rez, de El Asiento, las f\u00e9minas educadoras tambi\u00e9n hicieron una breve pausa en su d\u00eda. Algunas apoderadas se unieron al momento.\" width=\"580\" height=\"350\" srcset=\"https:\/\/i0.wp.com\/eltrabajo.cl\/portal\/wp-content\/uploads\/2017\/03\/mujer-SanRafael1-1.jpg?w=580&amp;ssl=1 580w, https:\/\/i0.wp.com\/eltrabajo.cl\/portal\/wp-content\/uploads\/2017\/03\/mujer-SanRafael1-1.jpg?resize=200%2C121&amp;ssl=1 200w, https:\/\/i0.wp.com\/eltrabajo.cl\/portal\/wp-content\/uploads\/2017\/03\/mujer-SanRafael1-1.jpg?resize=300%2C181&amp;ssl=1 300w, https:\/\/i0.wp.com\/eltrabajo.cl\/portal\/wp-content\/uploads\/2017\/03\/mujer-SanRafael1-1.jpg?resize=249%2C150&amp;ssl=1 249w, https:\/\/i0.wp.com\/eltrabajo.cl\/portal\/wp-content\/uploads\/2017\/03\/mujer-SanRafael1-1.jpg?resize=400%2C241&amp;ssl=1 400w\" sizes=\"auto, (max-width: 580px) 100vw, 580px\" \/><figcaption id=\"caption-attachment-77724\" class=\"wp-caption-text\">EL ASIENTO.- En la Escuela Jos\u00e9 Bernardo Su\u00e1rez, de El Asiento, las f\u00e9minas educadoras tambi\u00e9n hicieron una breve pausa en su d\u00eda. Algunas apoderadas se unieron al momento.<\/figcaption><\/figure>\n<figure id=\"attachment_77725\" aria-describedby=\"caption-attachment-77725\" style=\"width: 580px\" class=\"wp-caption alignnone\"><img data-recalc-dims=\"1\" loading=\"lazy\" decoding=\"async\" class=\"size-full wp-image-77725\" src=\"https:\/\/i0.wp.com\/www.eltrabajo.cl\/portal\/wp-content\/uploads\/2017\/03\/mujer-Tierras1-1.jpg?resize=580%2C349\" alt=\"BELLAS Y REGALONAS.- Las profesoras y asistentes de educaci\u00f3n de Escuela Mateo Cokjlat, de Tierras Blancas, posaron alegremente para las c\u00e1maras de Diario El Trabajo en su d\u00eda.\" width=\"580\" height=\"349\" srcset=\"https:\/\/i0.wp.com\/eltrabajo.cl\/portal\/wp-content\/uploads\/2017\/03\/mujer-Tierras1-1.jpg?w=580&amp;ssl=1 580w, https:\/\/i0.wp.com\/eltrabajo.cl\/portal\/wp-content\/uploads\/2017\/03\/mujer-Tierras1-1.jpg?resize=200%2C120&amp;ssl=1 200w, https:\/\/i0.wp.com\/eltrabajo.cl\/portal\/wp-content\/uploads\/2017\/03\/mujer-Tierras1-1.jpg?resize=300%2C181&amp;ssl=1 300w, https:\/\/i0.wp.com\/eltrabajo.cl\/portal\/wp-content\/uploads\/2017\/03\/mujer-Tierras1-1.jpg?resize=249%2C150&amp;ssl=1 249w, https:\/\/i0.wp.com\/eltrabajo.cl\/portal\/wp-content\/uploads\/2017\/03\/mujer-Tierras1-1.jpg?resize=400%2C241&amp;ssl=1 400w\" sizes=\"auto, (max-width: 580px) 100vw, 580px\" \/><figcaption id=\"caption-attachment-77725\" class=\"wp-caption-text\">BELLAS Y REGALONAS.- Las profesoras y asistentes de educaci\u00f3n de Escuela Mateo Cokjlat, de Tierras Blancas, posaron alegremente para las c\u00e1maras de Diario El Trabajo en su d\u00eda.<\/figcaption><\/figure>\n","protected":false},"excerpt":{"rendered":"<p>Para obsequiar una foto de postal a nuestros lectores: Ayer mi\u00e9rcoles fue celebrado a nivel mundial el D\u00eda Internacional de la Mujer, fecha en la que se conmemora la reivindicaci\u00f3n de igualdad&#8230;<\/p>\n","protected":false},"author":482,"featured_media":77725,"comment_status":"open","ping_status":"open","sticky":false,"template":"","format":"standard","meta":{"advanced_seo_description":"","jetpack_seo_html_title":"","jetpack_seo_noindex":false,"_jetpack_memberships_contains_paid_content":false,"footnotes":""},"categories":[15],"tags":[],"class_list":["post-77721","post","type-post","status-publish","format-standard","has-post-thumbnail","hentry","category-comunidad"],"jetpack_featured_media_url":"https:\/\/i0.wp.com\/eltrabajo.cl\/portal\/wp-content\/uploads\/2017\/03\/mujer-Tierras1-1.jpg?fit=580%2C349&ssl=1","jetpack_sharing_enabled":true,"jetpack_likes_enabled":true,"jetpack-related-posts":[],"_links":{"self":[{"href":"https:\/\/eltrabajo.cl\/portal\/wp-json\/wp\/v2\/posts\/77721","targetHints":{"allow":["GET"]}}],"collection":[{"href":"https:\/\/eltrabajo.cl\/portal\/wp-json\/wp\/v2\/posts"}],"about":[{"href":"https:\/\/eltrabajo.cl\/portal\/wp-json\/wp\/v2\/types\/post"}],"author":[{"embeddable":true,"href":"https:\/\/eltrabajo.cl\/portal\/wp-json\/wp\/v2\/users\/482"}],"replies":[{"embeddable":true,"href":"https:\/\/eltrabajo.cl\/portal\/wp-json\/wp\/v2\/comments?post=77721"}],"version-history":[{"count":0,"href":"https:\/\/eltrabajo.cl\/portal\/wp-json\/wp\/v2\/posts\/77721\/revisions"}],"wp:featuredmedia":[{"embeddable":true,"href":"https:\/\/eltrabajo.cl\/portal\/wp-json\/wp\/v2\/media\/77725"}],"wp:attachment":[{"href":"https:\/\/eltrabajo.cl\/portal\/wp-json\/wp\/v2\/media?parent=77721"}],"wp:term":[{"taxonomy":"category","embeddable":true,"href":"https:\/\/eltrabajo.cl\/portal\/wp-json\/wp\/v2\/categories?post=77721"},{"taxonomy":"post_tag","embeddable":true,"href":"https:\/\/eltrabajo.cl\/portal\/wp-json\/wp\/v2\/tags?post=77721"}],"curies":[{"name":"wp","href":"https:\/\/api.w.org\/{rel}","templated":true}]}}