{"id":77736,"date":"2017-03-10T08:20:19","date_gmt":"2017-03-10T12:20:19","guid":{"rendered":"http:\/\/www.eltrabajo.cl\/2017\/?p=77736"},"modified":"2017-03-10T08:20:19","modified_gmt":"2017-03-10T12:20:19","slug":"ruta-internacional-con-un-solo-sentido-durante-un-mes-por-trabajos-de-reparacion","status":"publish","type":"post","link":"https:\/\/eltrabajo.cl\/portal\/ruta-internacional-con-un-solo-sentido-durante-un-mes-por-trabajos-de-reparacion\/","title":{"rendered":"Ruta internacional con un solo sentido durante un mes por trabajos de reparaci\u00f3n"},"content":{"rendered":"<figure id=\"attachment_77737\" aria-describedby=\"caption-attachment-77737\" style=\"width: 580px\" class=\"wp-caption alignnone\"><img data-recalc-dims=\"1\" loading=\"lazy\" decoding=\"async\" class=\"size-full wp-image-77737\" src=\"https:\/\/i0.wp.com\/www.eltrabajo.cl\/portal\/wp-content\/uploads\/2017\/03\/ruta-internacional-1.jpg?resize=580%2C349\" alt=\"Las obras se prolongar\u00e1n durante un mes y solo habr\u00e1 una pista habilitada para la circulaci\u00f3n de veh\u00edculos.\" width=\"580\" height=\"349\" srcset=\"https:\/\/i0.wp.com\/eltrabajo.cl\/portal\/wp-content\/uploads\/2017\/03\/ruta-internacional-1.jpg?w=580&amp;ssl=1 580w, https:\/\/i0.wp.com\/eltrabajo.cl\/portal\/wp-content\/uploads\/2017\/03\/ruta-internacional-1.jpg?resize=200%2C120&amp;ssl=1 200w, https:\/\/i0.wp.com\/eltrabajo.cl\/portal\/wp-content\/uploads\/2017\/03\/ruta-internacional-1.jpg?resize=300%2C181&amp;ssl=1 300w, https:\/\/i0.wp.com\/eltrabajo.cl\/portal\/wp-content\/uploads\/2017\/03\/ruta-internacional-1.jpg?resize=249%2C150&amp;ssl=1 249w, https:\/\/i0.wp.com\/eltrabajo.cl\/portal\/wp-content\/uploads\/2017\/03\/ruta-internacional-1.jpg?resize=400%2C241&amp;ssl=1 400w\" sizes=\"auto, (max-width: 580px) 100vw, 580px\" \/><figcaption id=\"caption-attachment-77737\" class=\"wp-caption-text\">Las obras se prolongar\u00e1n durante un mes y solo habr\u00e1 una pista habilitada para la circulaci\u00f3n de veh\u00edculos.<\/figcaption><\/figure>\n<ul>\n<li><span style=\"color: #ff0000;\"><strong>Hoy comienzan obras y abarcan de Portillo al complejo Los Libertadores:<\/strong><\/span><\/li>\n<\/ul>\n<p><strong>LOS ANDES.-<\/strong> A partir del d\u00eda de hoy viernes se inician los trabajos de reparaci\u00f3n de la ruta internacional, la cual permanecer\u00e1 parcialmente cerrada durante un mes, con tr\u00e1fico en una sola calzada en el tramo comprendido entre Portillo y el Complejo Los Libertadores.<br \/>\nLa informaci\u00f3n fue confirmada por el Gobernador Daniel Zamorano, quien indic\u00f3 que estos trabajos estar\u00e1n concentrados en los kil\u00f3metros 106 y 107. El tramo se encuentra bastante deteriorado y ha sido causa basal de algunos accidentes de tr\u00e1nsito.<br \/>\n\u201cVamos a tener un corte de un mes durante las 24 horas del d\u00eda, en donde va a funcionar una sola calzada del camino\u201d, apunt\u00f3.<br \/>\nRecord\u00f3 que si bien este corte en la ruta estaba inicialmente programado para el mes de enero, hubo que posponer los trabajos debido a la gran cantidad de turistas extranjeros, particularmente mendocinos que estaban haciendo ingreso a territorio nacional, \u201cpues como todos sabemos hubo una gran afluencia de turistas durante el verano, por lo tanto decidimos cambiar este corte para marzo y tener habilitadas las dos pistas al comienzo de la Semana Santa, donde se vuelve a tener un alto flujo vehicular y luego viene la \u00e9poca invernal\u201d.<br \/>\nEl Gobernador reconoci\u00f3 que si bien estos cortes en la ruta internacional siempre generan inconvenientes, \u201ccreemos que en esta \u00e9poca es el mejor momento para hacer este corte y causar los menores efectos a quienes utilicen este camino.<br \/>\n\u201cQueremos llamar a la gente que utiliza esta ruta para que se informe de que va a tener un flujo m\u00e1s lento, ya que tendremos solamente una pista habilitada y habr\u00e1n tiempos de espera los cuales estar\u00e1n debidamente se\u00f1alizados\u201d, acot\u00f3.<br \/>\nLa autoridad reiter\u00f3 que este corte es necesario para poder reparar la calzada donde se han producido varios accidentes de tr\u00e1nsito y la idea es hacerlo antes de Semana Santa, \u201cpor lo que la recomendaci\u00f3n, tanto para los chilenos como para nuestros hermanos argentinos, es a programar con antelaci\u00f3n su viaje considerando que llegando o pasando el Complejo Los Libertadores van a tener un corte en su desplazamiento y van a tener un tiempo de espera\u201d.<\/p>\n","protected":false},"excerpt":{"rendered":"<p>Hoy comienzan obras y abarcan de Portillo al complejo Los Libertadores: LOS ANDES.- A partir del d\u00eda de hoy viernes se inician los trabajos de reparaci\u00f3n de la ruta internacional, la cual&#8230;<\/p>\n","protected":false},"author":482,"featured_media":77737,"comment_status":"open","ping_status":"open","sticky":false,"template":"","format":"standard","meta":{"advanced_seo_description":"","jetpack_seo_html_title":"","jetpack_seo_noindex":false,"_jetpack_memberships_contains_paid_content":false,"footnotes":""},"categories":[1],"tags":[],"class_list":["post-77736","post","type-post","status-publish","format-standard","has-post-thumbnail","hentry","category-cronica"],"jetpack_featured_media_url":"https:\/\/i0.wp.com\/eltrabajo.cl\/portal\/wp-content\/uploads\/2017\/03\/ruta-internacional-1.jpg?fit=580%2C349&ssl=1","jetpack_sharing_enabled":true,"jetpack_likes_enabled":true,"jetpack-related-posts":[],"_links":{"self":[{"href":"https:\/\/eltrabajo.cl\/portal\/wp-json\/wp\/v2\/posts\/77736","targetHints":{"allow":["GET"]}}],"collection":[{"href":"https:\/\/eltrabajo.cl\/portal\/wp-json\/wp\/v2\/posts"}],"about":[{"href":"https:\/\/eltrabajo.cl\/portal\/wp-json\/wp\/v2\/types\/post"}],"author":[{"embeddable":true,"href":"https:\/\/eltrabajo.cl\/portal\/wp-json\/wp\/v2\/users\/482"}],"replies":[{"embeddable":true,"href":"https:\/\/eltrabajo.cl\/portal\/wp-json\/wp\/v2\/comments?post=77736"}],"version-history":[{"count":0,"href":"https:\/\/eltrabajo.cl\/portal\/wp-json\/wp\/v2\/posts\/77736\/revisions"}],"wp:featuredmedia":[{"embeddable":true,"href":"https:\/\/eltrabajo.cl\/portal\/wp-json\/wp\/v2\/media\/77737"}],"wp:attachment":[{"href":"https:\/\/eltrabajo.cl\/portal\/wp-json\/wp\/v2\/media?parent=77736"}],"wp:term":[{"taxonomy":"category","embeddable":true,"href":"https:\/\/eltrabajo.cl\/portal\/wp-json\/wp\/v2\/categories?post=77736"},{"taxonomy":"post_tag","embeddable":true,"href":"https:\/\/eltrabajo.cl\/portal\/wp-json\/wp\/v2\/tags?post=77736"}],"curies":[{"name":"wp","href":"https:\/\/api.w.org\/{rel}","templated":true}]}}