{"id":77739,"date":"2017-03-10T08:22:49","date_gmt":"2017-03-10T12:22:49","guid":{"rendered":"http:\/\/www.eltrabajo.cl\/2017\/?p=77739"},"modified":"2017-03-10T08:22:49","modified_gmt":"2017-03-10T12:22:49","slug":"inmobiliaria-las-salinas-presento-estudio-de-evaluacion-ambiental-al-sea","status":"publish","type":"post","link":"https:\/\/eltrabajo.cl\/portal\/inmobiliaria-las-salinas-presento-estudio-de-evaluacion-ambiental-al-sea\/","title":{"rendered":"Inmobiliaria Las Salinas present\u00f3 estudio de evaluaci\u00f3n ambiental al SEA"},"content":{"rendered":"<figure id=\"attachment_77740\" aria-describedby=\"caption-attachment-77740\" style=\"width: 580px\" class=\"wp-caption alignnone\"><img data-recalc-dims=\"1\" loading=\"lazy\" decoding=\"async\" class=\"size-full wp-image-77740\" src=\"https:\/\/i0.wp.com\/www.eltrabajo.cl\/portal\/wp-content\/uploads\/2017\/03\/Las-salinas-1.jpg?resize=580%2C348\" alt=\"Este es el lugar de donde se pretende sacar las arenas y traerlas a San Felipe.\" width=\"580\" height=\"348\" srcset=\"https:\/\/i0.wp.com\/eltrabajo.cl\/portal\/wp-content\/uploads\/2017\/03\/Las-salinas-1.jpg?w=580&amp;ssl=1 580w, https:\/\/i0.wp.com\/eltrabajo.cl\/portal\/wp-content\/uploads\/2017\/03\/Las-salinas-1.jpg?resize=200%2C120&amp;ssl=1 200w, https:\/\/i0.wp.com\/eltrabajo.cl\/portal\/wp-content\/uploads\/2017\/03\/Las-salinas-1.jpg?resize=300%2C180&amp;ssl=1 300w, https:\/\/i0.wp.com\/eltrabajo.cl\/portal\/wp-content\/uploads\/2017\/03\/Las-salinas-1.jpg?resize=250%2C150&amp;ssl=1 250w, https:\/\/i0.wp.com\/eltrabajo.cl\/portal\/wp-content\/uploads\/2017\/03\/Las-salinas-1.jpg?resize=400%2C240&amp;ssl=1 400w\" sizes=\"auto, (max-width: 580px) 100vw, 580px\" \/><figcaption id=\"caption-attachment-77740\" class=\"wp-caption-text\">Este es el lugar de donde se pretende sacar las arenas y traerlas a San Felipe.<\/figcaption><\/figure>\n<ul>\n<li><span style=\"color: #ff0000;\"><strong>Caso \u2018Arenas Contaminadas\u2019 vuelve a la palestra:<\/strong><\/span><\/li>\n<\/ul>\n<p>Esta semana la Inmobiliaria Las Salinas ingres\u00f3 el Estudio de Evaluaci\u00f3n Ambiental de remediaci\u00f3n para el pa\u00f1o ubicado en el sector conocido como petroleras, al Servicio de Evaluaci\u00f3n Ambiental (SEA). As\u00ed lo informa El Mercurio de Valpara\u00edso.<br \/>\nLo anterior tiene relaci\u00f3n con San Felipe porque dentro del proyecto est\u00e1 la idea de trasladar una gran cantidad de arena que debe sacarse del lugar, material que est\u00e1 contaminado con diferentes productos que causar\u00edan da\u00f1o a la salud de la personas y al ambiente en las cercan\u00edas del CTI La Hormiga de la empresa GEA, donde se pretende a trav\u00e9s de la construcci\u00f3n de tres m\u00f3dulos, acopiar la arena que ser\u00eda utilizada en el ese lugar.<br \/>\nLa presentaci\u00f3n de este estudio era muy esperada por las autoridades especialmente ambientales, para ir conociendo de manera m\u00e1s formal el proyecto.<br \/>\nSin embargo ya est\u00e1 instalado en el inconsciente colectivo que el traslado de esa arena s\u00f3lo traer\u00eda problemas.<br \/>\nLos vecinos del sector de Algarrobal meses atr\u00e1s protestaron por esta situaci\u00f3n y catalogaron a GEA como un mal vecino.<br \/>\nEn la publicaci\u00f3n se menciona que entre los a\u00f1os 2001 y 2002 realiz\u00f3 diversas investigaciones en el suelo y agua subterr\u00e1nea, descubriendo a\u00e9reas impactadas por derivados de la actividades que se realizaban anteriormente en el lugar como carga y descarga de combustible.<br \/>\nLa idea de la inmobiliaria es recuperar ese terreno para su uso inmobiliario en su condici\u00f3n actual.<br \/>\nAl respecto el Consejero Regional Iv\u00e1n Reyes, dijo que estaba al tanto del ingreso de este estudio de lo que va a ser el proyecto inmobiliario al SEA, \u201cpero aqu\u00ed tenemos que dejar claro dos cosas; hay dos proyectos que son distintos: uno que es el proyecto de inmobiliaria y el otro es el proyecto de GEA que es el que est\u00e1 presentando los estudios, pero qu\u00e9 es lo que sorprende que la empresa inmobiliaria est\u00e1 presentando dos proyectos de remediaci\u00f3n del terreno donde ellos pretenden construir y otro que tiene que ver con el traslado de las arenas. Esto es llamativo porque eso significa que la empresa insistir\u00eda en poder llevar y acopiar estas arenas en San Felipe, cosa a la cual nosotros tenemos que oponernos porque por ning\u00fan motivo debemos permitir que se autorice a GEA la construcci\u00f3n de estos tres m\u00f3dulos de acopio de material t\u00e9rreo no peligroso, como lo dice el mismo proyecto de la inmobiliaria Las Salinas\u201d.<br \/>\nTambi\u00e9n se supo que no son 400 mil metros c\u00fabicos de arena sino que un mill\u00f3n de metros c\u00fabicos.<br \/>\nEl valor del proyecto asciende a 41 millones de d\u00f3lares.<\/p>\n","protected":false},"excerpt":{"rendered":"<p>Caso \u2018Arenas Contaminadas\u2019 vuelve a la palestra: Esta semana la Inmobiliaria Las Salinas ingres\u00f3 el Estudio de Evaluaci\u00f3n Ambiental de remediaci\u00f3n para el pa\u00f1o ubicado en el sector conocido como petroleras, al&#8230;<\/p>\n","protected":false},"author":482,"featured_media":77740,"comment_status":"open","ping_status":"open","sticky":false,"template":"","format":"standard","meta":{"advanced_seo_description":"","jetpack_seo_html_title":"","jetpack_seo_noindex":false,"_jetpack_memberships_contains_paid_content":false,"footnotes":""},"categories":[1],"tags":[],"class_list":["post-77739","post","type-post","status-publish","format-standard","has-post-thumbnail","hentry","category-cronica"],"jetpack_featured_media_url":"https:\/\/i0.wp.com\/eltrabajo.cl\/portal\/wp-content\/uploads\/2017\/03\/Las-salinas-1.jpg?fit=580%2C348&ssl=1","jetpack_sharing_enabled":true,"jetpack_likes_enabled":true,"jetpack-related-posts":[],"_links":{"self":[{"href":"https:\/\/eltrabajo.cl\/portal\/wp-json\/wp\/v2\/posts\/77739","targetHints":{"allow":["GET"]}}],"collection":[{"href":"https:\/\/eltrabajo.cl\/portal\/wp-json\/wp\/v2\/posts"}],"about":[{"href":"https:\/\/eltrabajo.cl\/portal\/wp-json\/wp\/v2\/types\/post"}],"author":[{"embeddable":true,"href":"https:\/\/eltrabajo.cl\/portal\/wp-json\/wp\/v2\/users\/482"}],"replies":[{"embeddable":true,"href":"https:\/\/eltrabajo.cl\/portal\/wp-json\/wp\/v2\/comments?post=77739"}],"version-history":[{"count":0,"href":"https:\/\/eltrabajo.cl\/portal\/wp-json\/wp\/v2\/posts\/77739\/revisions"}],"wp:featuredmedia":[{"embeddable":true,"href":"https:\/\/eltrabajo.cl\/portal\/wp-json\/wp\/v2\/media\/77740"}],"wp:attachment":[{"href":"https:\/\/eltrabajo.cl\/portal\/wp-json\/wp\/v2\/media?parent=77739"}],"wp:term":[{"taxonomy":"category","embeddable":true,"href":"https:\/\/eltrabajo.cl\/portal\/wp-json\/wp\/v2\/categories?post=77739"},{"taxonomy":"post_tag","embeddable":true,"href":"https:\/\/eltrabajo.cl\/portal\/wp-json\/wp\/v2\/tags?post=77739"}],"curies":[{"name":"wp","href":"https:\/\/api.w.org\/{rel}","templated":true}]}}