{"id":77742,"date":"2017-03-10T08:30:58","date_gmt":"2017-03-10T12:30:58","guid":{"rendered":"http:\/\/www.eltrabajo.cl\/2017\/?p=77742"},"modified":"2017-03-10T08:30:58","modified_gmt":"2017-03-10T12:30:58","slug":"nueve-mujeres-aconcaguinas-homenajeadas-ayer-en-el-teatro-municipal","status":"publish","type":"post","link":"https:\/\/eltrabajo.cl\/portal\/nueve-mujeres-aconcaguinas-homenajeadas-ayer-en-el-teatro-municipal\/","title":{"rendered":"Nueve mujeres aconcag\u00fcinas homenajeadas ayer en el Teatro Municipal"},"content":{"rendered":"<figure id=\"attachment_77753\" aria-describedby=\"caption-attachment-77753\" style=\"width: 580px\" class=\"wp-caption alignnone\"><img data-recalc-dims=\"1\" loading=\"lazy\" decoding=\"async\" class=\"size-full wp-image-77753\" src=\"https:\/\/i0.wp.com\/www.eltrabajo.cl\/portal\/wp-content\/uploads\/2017\/03\/MUJER-Mujer2-1.jpg?resize=580%2C350\" alt=\"LLENO TOTAL.- El teatro municipal estaba totalmente lleno, autoridades y funcionarios de Salud aplaud\u00edan sin cesar.\" width=\"580\" height=\"350\" srcset=\"https:\/\/i0.wp.com\/eltrabajo.cl\/portal\/wp-content\/uploads\/2017\/03\/MUJER-Mujer2-1.jpg?w=580&amp;ssl=1 580w, https:\/\/i0.wp.com\/eltrabajo.cl\/portal\/wp-content\/uploads\/2017\/03\/MUJER-Mujer2-1.jpg?resize=200%2C121&amp;ssl=1 200w, https:\/\/i0.wp.com\/eltrabajo.cl\/portal\/wp-content\/uploads\/2017\/03\/MUJER-Mujer2-1.jpg?resize=300%2C181&amp;ssl=1 300w, https:\/\/i0.wp.com\/eltrabajo.cl\/portal\/wp-content\/uploads\/2017\/03\/MUJER-Mujer2-1.jpg?resize=249%2C150&amp;ssl=1 249w, https:\/\/i0.wp.com\/eltrabajo.cl\/portal\/wp-content\/uploads\/2017\/03\/MUJER-Mujer2-1.jpg?resize=400%2C241&amp;ssl=1 400w\" sizes=\"auto, (max-width: 580px) 100vw, 580px\" \/><figcaption id=\"caption-attachment-77753\" class=\"wp-caption-text\">LLENO TOTAL.- El teatro municipal estaba totalmente lleno, autoridades y funcionarios de Salud aplaud\u00edan sin cesar.<\/figcaption><\/figure>\n<p>Fue durante horas de la ma\u00f1ana de ayer jueves, al filo del mediod\u00eda, que la Fenats Aconcagua se luci\u00f3 en grande durante el desarrollo de una contundente asamblea general y acto de reivindicaci\u00f3n de los derechos de la Mujer, especialmente de aquellas damas que laboran para el sector Salud en nuestro Valle Aconcagua.<br \/>\nFue por lo tanto en el marco del D\u00eda Internacional de la Mujer, celebrado un d\u00eda despu\u00e9s de la fecha oficial, que nueve funcionarias de la red del Servicio de Salud Aconcagua fueron galardonadas con un hermoso homenaje frente a sus pares y de las autoridades comunales y provinciales. Es importante tambi\u00e9n que durante la actividad se escuch\u00f3 el poema Consejos para una mujer fuerte, de la poetisa nicarag\u00fcense, Gioconda Belli, as\u00ed tambi\u00e9n las damas presentes disfrutaron de una bella serenata ofrecida por el Charro putaendino, Wilfredo Gonz\u00e1lez.<\/p>\n<p><strong>MUJER EMPOD\u00c9RATE<\/strong><br \/>\n\u00abEste es el cuarto a\u00f1o que hemos asumido el desaf\u00edo de realizar un acto de conmemoraci\u00f3n del D\u00eda Internacional de la Mujer, buscamos con \u00e9l destacar la importancia del rol social que las mujeres hemos tenido en nuestra historia. Mujer empod\u00e9rate es el lema de nuestra actividad, tambi\u00e9n estamos promoviendo un movimiento Ni Una M\u00e1s, en el que deseamos protestar contra la violencia de g\u00e9nero. Tambi\u00e9n hicimos un reconocimiento p\u00fablico a una mujer de cada establecimiento invitado\u00bb, coment\u00f3 a Diario El Trabajo la directora de Fenats Aconcagua, Casandra Gonz\u00e1lez.<\/p>\n<p><strong>ELLAS SON\u2026<\/strong><br \/>\nLas nueve mujeres homenajeadas de forma directa en esta actividad hoy son destacadas en nuestras p\u00e1ginas centrales como forma de expresar nuestro cari\u00f1o, respeto y aprecio por la Mujer aconcag\u00fcina que tanto se esfuerza diariamente por su familia; por sus estudiantes; por sus pacientes y por sus vecinos de manera decidida.<br \/>\nJeannette Le\u00f3n Vidal: Funcionaria del Cesfam San Felipe El Real; es t\u00e9cnico en Bienestar Social, ingres\u00f3 a laborar en septiembre de 1987 en el Some, luego pas\u00f3 a desempe\u00f1arse como secretaria de la direcci\u00f3n de dicho Cesfam.<br \/>\nJessica Guzm\u00e1n Ar\u00e9valo: Ella labora en el Cesfam de Llay Llay, se incorpor\u00f3 a esas dependencias el 11 de julio de 2012 en la planta auxiliar como conductora de veh\u00edculos motorizados.<br \/>\nCecilia Salinas Escobar: Esta dama es funcionaria del Hospital San Antonio, de Putaendo, y es madre de cinco hijos. Ella ingres\u00f3 a laborar en este centro m\u00e9dico en 1992, actualmente trabaja en la Oirs.<br \/>\nNancy Montenegro Cordova: Do\u00f1a Nancy labora en el Hospital San Francisco, de Llay Llay. Ella ingres\u00f3 a trabajar en enero de 1981 como auxiliar de servicios cl\u00ednicos, desempe\u00f1\u00e1ndose en Rayos X, Medicina y Roper\u00eda. Desde 1999 est\u00e1 asignada a la central de alimentaci\u00f3n.<br \/>\nMarina Vergel Rivera: Esta funcionaria labora en el Cesfam Cordillera Andina, de Los Andes, ella ingres\u00f3 a laborar el 15 de mayo de 1981 al Consultorio Urbano N\u00ba2. Mujer valiente. Excelentes relaciones humanas, y siempre dispuesta a ser responsable a cabalidad de sus obligaciones.<br \/>\nGloria Mallegas Vera: Esta brillante contadora ingres\u00f3 a laborar en junio de 1979 al Hospital San Juan de Dios, de Los Andes. Se destaca por su car\u00e1cter acucioso y enf\u00e1tico, lo que le ha permitido cosechar el respeto de sus iguales en este centro hospitalario andino.<br \/>\nMar\u00eda Garay Gonz\u00e1lez: Esta funcionaria del Hospital San Camilo es una de las m\u00e1s queridas en esas dependencias de salud, cari\u00f1osamente la llaman \u2018La Chapu\u2019. Ella ingres\u00f3 al San Camilo en 1977 y es reconocida como una experimentada t\u00e9cnico param\u00e9dico de la Unidad de Pabell\u00f3n Central, tambi\u00e9n se declara enamorada del Colo-Colo y del Uni\u00f3n San Felipe.<br \/>\nEster Porras Villarroel: Labora en el Hospital Psiqui\u00e1trico Dr. Philippe Pinel, de Putaendo; madre y padre de dos hijos; ingres\u00f3 a este hospital en abril de 1974 como t\u00e9cnica de p\u00e1rvulos. Amorosa y muy diligente, responsable y muy honrada.<br \/>\nElizabeth Osses Estay: Esta joven es funcionaria de la Direcci\u00f3n del Servicio de Salud Aconcagua, donde labora desde 1994. Cuenta con el t\u00edtulo de Administrador P\u00fablico con \u00e9nfasis en Gesti\u00f3n y Desarrollo Regional.<br \/>\n<strong>Roberto Gonz\u00e1lez Short<\/strong><\/p>\n<figure id=\"attachment_77743\" aria-describedby=\"caption-attachment-77743\" style=\"width: 580px\" class=\"wp-caption alignnone\"><img data-recalc-dims=\"1\" loading=\"lazy\" decoding=\"async\" class=\"size-full wp-image-77743\" src=\"https:\/\/i0.wp.com\/www.eltrabajo.cl\/portal\/wp-content\/uploads\/2017\/03\/MUJER-Casandra-Gonzalez-1.jpg?resize=580%2C348\" alt=\"Directora de Fenats Aconcagua, Casandra Gonz\u00e1lez.\" width=\"580\" height=\"348\" srcset=\"https:\/\/i0.wp.com\/eltrabajo.cl\/portal\/wp-content\/uploads\/2017\/03\/MUJER-Casandra-Gonzalez-1.jpg?w=580&amp;ssl=1 580w, https:\/\/i0.wp.com\/eltrabajo.cl\/portal\/wp-content\/uploads\/2017\/03\/MUJER-Casandra-Gonzalez-1.jpg?resize=200%2C120&amp;ssl=1 200w, https:\/\/i0.wp.com\/eltrabajo.cl\/portal\/wp-content\/uploads\/2017\/03\/MUJER-Casandra-Gonzalez-1.jpg?resize=300%2C180&amp;ssl=1 300w, https:\/\/i0.wp.com\/eltrabajo.cl\/portal\/wp-content\/uploads\/2017\/03\/MUJER-Casandra-Gonzalez-1.jpg?resize=250%2C150&amp;ssl=1 250w, https:\/\/i0.wp.com\/eltrabajo.cl\/portal\/wp-content\/uploads\/2017\/03\/MUJER-Casandra-Gonzalez-1.jpg?resize=400%2C240&amp;ssl=1 400w\" sizes=\"auto, (max-width: 580px) 100vw, 580px\" \/><figcaption id=\"caption-attachment-77743\" class=\"wp-caption-text\">Directora de Fenats Aconcagua, Casandra Gonz\u00e1lez.<\/figcaption><\/figure>\n<figure id=\"attachment_77744\" aria-describedby=\"caption-attachment-77744\" style=\"width: 580px\" class=\"wp-caption alignnone\"><img data-recalc-dims=\"1\" loading=\"lazy\" decoding=\"async\" class=\"size-full wp-image-77744\" src=\"https:\/\/i0.wp.com\/www.eltrabajo.cl\/portal\/wp-content\/uploads\/2017\/03\/MUJER-Cecilia-Salinas-Escobar-1.jpg?resize=580%2C348\" alt=\"Cecilia Salinas Escobar\" width=\"580\" height=\"348\" srcset=\"https:\/\/i0.wp.com\/eltrabajo.cl\/portal\/wp-content\/uploads\/2017\/03\/MUJER-Cecilia-Salinas-Escobar-1.jpg?w=580&amp;ssl=1 580w, https:\/\/i0.wp.com\/eltrabajo.cl\/portal\/wp-content\/uploads\/2017\/03\/MUJER-Cecilia-Salinas-Escobar-1.jpg?resize=200%2C120&amp;ssl=1 200w, https:\/\/i0.wp.com\/eltrabajo.cl\/portal\/wp-content\/uploads\/2017\/03\/MUJER-Cecilia-Salinas-Escobar-1.jpg?resize=300%2C180&amp;ssl=1 300w, https:\/\/i0.wp.com\/eltrabajo.cl\/portal\/wp-content\/uploads\/2017\/03\/MUJER-Cecilia-Salinas-Escobar-1.jpg?resize=250%2C150&amp;ssl=1 250w, https:\/\/i0.wp.com\/eltrabajo.cl\/portal\/wp-content\/uploads\/2017\/03\/MUJER-Cecilia-Salinas-Escobar-1.jpg?resize=400%2C240&amp;ssl=1 400w\" sizes=\"auto, (max-width: 580px) 100vw, 580px\" \/><figcaption id=\"caption-attachment-77744\" class=\"wp-caption-text\">Cecilia Salinas Escobar<\/figcaption><\/figure>\n<figure id=\"attachment_77745\" aria-describedby=\"caption-attachment-77745\" style=\"width: 580px\" class=\"wp-caption alignnone\"><img data-recalc-dims=\"1\" loading=\"lazy\" decoding=\"async\" class=\"size-full wp-image-77745\" src=\"https:\/\/i0.wp.com\/www.eltrabajo.cl\/portal\/wp-content\/uploads\/2017\/03\/MUJER-Elizabeth-Osses-Estay-1.jpg?resize=580%2C348\" alt=\"Elizabeth Osses Estay\" width=\"580\" height=\"348\" srcset=\"https:\/\/i0.wp.com\/eltrabajo.cl\/portal\/wp-content\/uploads\/2017\/03\/MUJER-Elizabeth-Osses-Estay-1.jpg?w=580&amp;ssl=1 580w, https:\/\/i0.wp.com\/eltrabajo.cl\/portal\/wp-content\/uploads\/2017\/03\/MUJER-Elizabeth-Osses-Estay-1.jpg?resize=200%2C120&amp;ssl=1 200w, https:\/\/i0.wp.com\/eltrabajo.cl\/portal\/wp-content\/uploads\/2017\/03\/MUJER-Elizabeth-Osses-Estay-1.jpg?resize=300%2C180&amp;ssl=1 300w, https:\/\/i0.wp.com\/eltrabajo.cl\/portal\/wp-content\/uploads\/2017\/03\/MUJER-Elizabeth-Osses-Estay-1.jpg?resize=250%2C150&amp;ssl=1 250w, https:\/\/i0.wp.com\/eltrabajo.cl\/portal\/wp-content\/uploads\/2017\/03\/MUJER-Elizabeth-Osses-Estay-1.jpg?resize=400%2C240&amp;ssl=1 400w\" sizes=\"auto, (max-width: 580px) 100vw, 580px\" \/><figcaption id=\"caption-attachment-77745\" class=\"wp-caption-text\">Elizabeth Osses Estay<\/figcaption><\/figure>\n<figure id=\"attachment_77746\" aria-describedby=\"caption-attachment-77746\" style=\"width: 580px\" class=\"wp-caption alignnone\"><img data-recalc-dims=\"1\" loading=\"lazy\" decoding=\"async\" class=\"size-full wp-image-77746\" src=\"https:\/\/i0.wp.com\/www.eltrabajo.cl\/portal\/wp-content\/uploads\/2017\/03\/MUJER-Ester-Porras-Villarroel-1.jpg?resize=580%2C348\" alt=\"Ester Porras Villarroel\" width=\"580\" height=\"348\" srcset=\"https:\/\/i0.wp.com\/eltrabajo.cl\/portal\/wp-content\/uploads\/2017\/03\/MUJER-Ester-Porras-Villarroel-1.jpg?w=580&amp;ssl=1 580w, https:\/\/i0.wp.com\/eltrabajo.cl\/portal\/wp-content\/uploads\/2017\/03\/MUJER-Ester-Porras-Villarroel-1.jpg?resize=200%2C120&amp;ssl=1 200w, https:\/\/i0.wp.com\/eltrabajo.cl\/portal\/wp-content\/uploads\/2017\/03\/MUJER-Ester-Porras-Villarroel-1.jpg?resize=300%2C180&amp;ssl=1 300w, https:\/\/i0.wp.com\/eltrabajo.cl\/portal\/wp-content\/uploads\/2017\/03\/MUJER-Ester-Porras-Villarroel-1.jpg?resize=250%2C150&amp;ssl=1 250w, https:\/\/i0.wp.com\/eltrabajo.cl\/portal\/wp-content\/uploads\/2017\/03\/MUJER-Ester-Porras-Villarroel-1.jpg?resize=400%2C240&amp;ssl=1 400w\" sizes=\"auto, (max-width: 580px) 100vw, 580px\" \/><figcaption id=\"caption-attachment-77746\" class=\"wp-caption-text\">Ester Porras Villarroel<\/figcaption><\/figure>\n<figure id=\"attachment_77747\" aria-describedby=\"caption-attachment-77747\" style=\"width: 580px\" class=\"wp-caption alignnone\"><img data-recalc-dims=\"1\" loading=\"lazy\" decoding=\"async\" class=\"size-full wp-image-77747\" src=\"https:\/\/i0.wp.com\/www.eltrabajo.cl\/portal\/wp-content\/uploads\/2017\/03\/MUJER-Gloria-Mallegas-Vera-1.jpg?resize=580%2C348\" alt=\"Gloria Mallegas Vera\" width=\"580\" height=\"348\" srcset=\"https:\/\/i0.wp.com\/eltrabajo.cl\/portal\/wp-content\/uploads\/2017\/03\/MUJER-Gloria-Mallegas-Vera-1.jpg?w=580&amp;ssl=1 580w, https:\/\/i0.wp.com\/eltrabajo.cl\/portal\/wp-content\/uploads\/2017\/03\/MUJER-Gloria-Mallegas-Vera-1.jpg?resize=200%2C120&amp;ssl=1 200w, https:\/\/i0.wp.com\/eltrabajo.cl\/portal\/wp-content\/uploads\/2017\/03\/MUJER-Gloria-Mallegas-Vera-1.jpg?resize=300%2C180&amp;ssl=1 300w, https:\/\/i0.wp.com\/eltrabajo.cl\/portal\/wp-content\/uploads\/2017\/03\/MUJER-Gloria-Mallegas-Vera-1.jpg?resize=250%2C150&amp;ssl=1 250w, https:\/\/i0.wp.com\/eltrabajo.cl\/portal\/wp-content\/uploads\/2017\/03\/MUJER-Gloria-Mallegas-Vera-1.jpg?resize=400%2C240&amp;ssl=1 400w\" sizes=\"auto, (max-width: 580px) 100vw, 580px\" \/><figcaption id=\"caption-attachment-77747\" class=\"wp-caption-text\">Gloria Mallegas Vera<\/figcaption><\/figure>\n<figure id=\"attachment_77748\" aria-describedby=\"caption-attachment-77748\" style=\"width: 580px\" class=\"wp-caption alignnone\"><img data-recalc-dims=\"1\" loading=\"lazy\" decoding=\"async\" class=\"size-full wp-image-77748\" src=\"https:\/\/i0.wp.com\/www.eltrabajo.cl\/portal\/wp-content\/uploads\/2017\/03\/MUJER-Jeannette-Leon-Vidal-1.jpg?resize=580%2C349\" alt=\"Jeannette Le\u00f3n Vidal\" width=\"580\" height=\"349\" srcset=\"https:\/\/i0.wp.com\/eltrabajo.cl\/portal\/wp-content\/uploads\/2017\/03\/MUJER-Jeannette-Leon-Vidal-1.jpg?w=580&amp;ssl=1 580w, https:\/\/i0.wp.com\/eltrabajo.cl\/portal\/wp-content\/uploads\/2017\/03\/MUJER-Jeannette-Leon-Vidal-1.jpg?resize=200%2C120&amp;ssl=1 200w, https:\/\/i0.wp.com\/eltrabajo.cl\/portal\/wp-content\/uploads\/2017\/03\/MUJER-Jeannette-Leon-Vidal-1.jpg?resize=300%2C181&amp;ssl=1 300w, https:\/\/i0.wp.com\/eltrabajo.cl\/portal\/wp-content\/uploads\/2017\/03\/MUJER-Jeannette-Leon-Vidal-1.jpg?resize=249%2C150&amp;ssl=1 249w, https:\/\/i0.wp.com\/eltrabajo.cl\/portal\/wp-content\/uploads\/2017\/03\/MUJER-Jeannette-Leon-Vidal-1.jpg?resize=400%2C241&amp;ssl=1 400w\" sizes=\"auto, (max-width: 580px) 100vw, 580px\" \/><figcaption id=\"caption-attachment-77748\" class=\"wp-caption-text\">Jeannette Le\u00f3n Vidal<\/figcaption><\/figure>\n<figure id=\"attachment_77749\" aria-describedby=\"caption-attachment-77749\" style=\"width: 580px\" class=\"wp-caption alignnone\"><img data-recalc-dims=\"1\" loading=\"lazy\" decoding=\"async\" class=\"size-full wp-image-77749\" src=\"https:\/\/i0.wp.com\/www.eltrabajo.cl\/portal\/wp-content\/uploads\/2017\/03\/MUJER-Jessica-Guzman-Arevalo-1.jpg?resize=580%2C348\" alt=\"Jessica Guzm\u00e1n Arevalo\" width=\"580\" height=\"348\" srcset=\"https:\/\/i0.wp.com\/eltrabajo.cl\/portal\/wp-content\/uploads\/2017\/03\/MUJER-Jessica-Guzman-Arevalo-1.jpg?w=580&amp;ssl=1 580w, https:\/\/i0.wp.com\/eltrabajo.cl\/portal\/wp-content\/uploads\/2017\/03\/MUJER-Jessica-Guzman-Arevalo-1.jpg?resize=200%2C120&amp;ssl=1 200w, https:\/\/i0.wp.com\/eltrabajo.cl\/portal\/wp-content\/uploads\/2017\/03\/MUJER-Jessica-Guzman-Arevalo-1.jpg?resize=300%2C180&amp;ssl=1 300w, https:\/\/i0.wp.com\/eltrabajo.cl\/portal\/wp-content\/uploads\/2017\/03\/MUJER-Jessica-Guzman-Arevalo-1.jpg?resize=250%2C150&amp;ssl=1 250w, https:\/\/i0.wp.com\/eltrabajo.cl\/portal\/wp-content\/uploads\/2017\/03\/MUJER-Jessica-Guzman-Arevalo-1.jpg?resize=400%2C240&amp;ssl=1 400w\" sizes=\"auto, (max-width: 580px) 100vw, 580px\" \/><figcaption id=\"caption-attachment-77749\" class=\"wp-caption-text\">Jessica Guzm\u00e1n Arevalo<\/figcaption><\/figure>\n<figure id=\"attachment_77750\" aria-describedby=\"caption-attachment-77750\" style=\"width: 580px\" class=\"wp-caption alignnone\"><img data-recalc-dims=\"1\" loading=\"lazy\" decoding=\"async\" class=\"size-full wp-image-77750\" src=\"https:\/\/i0.wp.com\/www.eltrabajo.cl\/portal\/wp-content\/uploads\/2017\/03\/MUJER-Maria-Garay-Gonzalez-1.jpg?resize=580%2C348\" alt=\"Mar\u00eda Garay Gonz\u00e1lez\" width=\"580\" height=\"348\" srcset=\"https:\/\/i0.wp.com\/eltrabajo.cl\/portal\/wp-content\/uploads\/2017\/03\/MUJER-Maria-Garay-Gonzalez-1.jpg?w=580&amp;ssl=1 580w, https:\/\/i0.wp.com\/eltrabajo.cl\/portal\/wp-content\/uploads\/2017\/03\/MUJER-Maria-Garay-Gonzalez-1.jpg?resize=200%2C120&amp;ssl=1 200w, https:\/\/i0.wp.com\/eltrabajo.cl\/portal\/wp-content\/uploads\/2017\/03\/MUJER-Maria-Garay-Gonzalez-1.jpg?resize=300%2C180&amp;ssl=1 300w, https:\/\/i0.wp.com\/eltrabajo.cl\/portal\/wp-content\/uploads\/2017\/03\/MUJER-Maria-Garay-Gonzalez-1.jpg?resize=250%2C150&amp;ssl=1 250w, https:\/\/i0.wp.com\/eltrabajo.cl\/portal\/wp-content\/uploads\/2017\/03\/MUJER-Maria-Garay-Gonzalez-1.jpg?resize=400%2C240&amp;ssl=1 400w\" sizes=\"auto, (max-width: 580px) 100vw, 580px\" \/><figcaption id=\"caption-attachment-77750\" class=\"wp-caption-text\">Mar\u00eda Garay Gonz\u00e1lez<\/figcaption><\/figure>\n<figure id=\"attachment_77751\" aria-describedby=\"caption-attachment-77751\" style=\"width: 580px\" class=\"wp-caption alignnone\"><img data-recalc-dims=\"1\" loading=\"lazy\" decoding=\"async\" class=\"size-full wp-image-77751\" src=\"https:\/\/i0.wp.com\/www.eltrabajo.cl\/portal\/wp-content\/uploads\/2017\/03\/MUJER-Marina-Vergel-Rivera-1.jpg?resize=580%2C348\" alt=\"Marina Vergel Rivera\" width=\"580\" height=\"348\" srcset=\"https:\/\/i0.wp.com\/eltrabajo.cl\/portal\/wp-content\/uploads\/2017\/03\/MUJER-Marina-Vergel-Rivera-1.jpg?w=580&amp;ssl=1 580w, https:\/\/i0.wp.com\/eltrabajo.cl\/portal\/wp-content\/uploads\/2017\/03\/MUJER-Marina-Vergel-Rivera-1.jpg?resize=200%2C120&amp;ssl=1 200w, https:\/\/i0.wp.com\/eltrabajo.cl\/portal\/wp-content\/uploads\/2017\/03\/MUJER-Marina-Vergel-Rivera-1.jpg?resize=300%2C180&amp;ssl=1 300w, https:\/\/i0.wp.com\/eltrabajo.cl\/portal\/wp-content\/uploads\/2017\/03\/MUJER-Marina-Vergel-Rivera-1.jpg?resize=250%2C150&amp;ssl=1 250w, https:\/\/i0.wp.com\/eltrabajo.cl\/portal\/wp-content\/uploads\/2017\/03\/MUJER-Marina-Vergel-Rivera-1.jpg?resize=400%2C240&amp;ssl=1 400w\" sizes=\"auto, (max-width: 580px) 100vw, 580px\" \/><figcaption id=\"caption-attachment-77751\" class=\"wp-caption-text\">Marina Vergel Rivera<\/figcaption><\/figure>\n<figure id=\"attachment_77752\" aria-describedby=\"caption-attachment-77752\" style=\"width: 580px\" class=\"wp-caption alignnone\"><img data-recalc-dims=\"1\" loading=\"lazy\" decoding=\"async\" class=\"size-full wp-image-77752\" src=\"https:\/\/i0.wp.com\/www.eltrabajo.cl\/portal\/wp-content\/uploads\/2017\/03\/MUJER-Mujer1-1.jpg?resize=580%2C350\" alt=\"SIEMPRE BELLAS.- Ellas son las nueve funcionarias del sector Salud que ayer jueves fueron homenajeadas por la Fenats Aconcagua, en el teatro municipal de San Felipe.\" width=\"580\" height=\"350\" srcset=\"https:\/\/i0.wp.com\/eltrabajo.cl\/portal\/wp-content\/uploads\/2017\/03\/MUJER-Mujer1-1.jpg?w=580&amp;ssl=1 580w, https:\/\/i0.wp.com\/eltrabajo.cl\/portal\/wp-content\/uploads\/2017\/03\/MUJER-Mujer1-1.jpg?resize=200%2C121&amp;ssl=1 200w, https:\/\/i0.wp.com\/eltrabajo.cl\/portal\/wp-content\/uploads\/2017\/03\/MUJER-Mujer1-1.jpg?resize=300%2C181&amp;ssl=1 300w, https:\/\/i0.wp.com\/eltrabajo.cl\/portal\/wp-content\/uploads\/2017\/03\/MUJER-Mujer1-1.jpg?resize=249%2C150&amp;ssl=1 249w, https:\/\/i0.wp.com\/eltrabajo.cl\/portal\/wp-content\/uploads\/2017\/03\/MUJER-Mujer1-1.jpg?resize=400%2C241&amp;ssl=1 400w\" sizes=\"auto, (max-width: 580px) 100vw, 580px\" \/><figcaption id=\"caption-attachment-77752\" class=\"wp-caption-text\">SIEMPRE BELLAS.- Ellas son las nueve funcionarias del sector Salud que ayer jueves fueron homenajeadas por la Fenats Aconcagua, en el teatro municipal de San Felipe.<\/figcaption><\/figure>\n<figure id=\"attachment_77754\" aria-describedby=\"caption-attachment-77754\" style=\"width: 580px\" class=\"wp-caption alignnone\"><img data-recalc-dims=\"1\" loading=\"lazy\" decoding=\"async\" class=\"size-full wp-image-77754\" src=\"https:\/\/i0.wp.com\/www.eltrabajo.cl\/portal\/wp-content\/uploads\/2017\/03\/MUJER-Mujer3-1.jpg?resize=580%2C348\" alt=\"RESPETO Y CARI\u00d1O.- Autoridades del valle asistieron con agrado a homenajear a las mujeres en su d\u00eda.\" width=\"580\" height=\"348\" srcset=\"https:\/\/i0.wp.com\/eltrabajo.cl\/portal\/wp-content\/uploads\/2017\/03\/MUJER-Mujer3-1.jpg?w=580&amp;ssl=1 580w, https:\/\/i0.wp.com\/eltrabajo.cl\/portal\/wp-content\/uploads\/2017\/03\/MUJER-Mujer3-1.jpg?resize=200%2C120&amp;ssl=1 200w, https:\/\/i0.wp.com\/eltrabajo.cl\/portal\/wp-content\/uploads\/2017\/03\/MUJER-Mujer3-1.jpg?resize=300%2C180&amp;ssl=1 300w, https:\/\/i0.wp.com\/eltrabajo.cl\/portal\/wp-content\/uploads\/2017\/03\/MUJER-Mujer3-1.jpg?resize=250%2C150&amp;ssl=1 250w, https:\/\/i0.wp.com\/eltrabajo.cl\/portal\/wp-content\/uploads\/2017\/03\/MUJER-Mujer3-1.jpg?resize=400%2C240&amp;ssl=1 400w\" sizes=\"auto, (max-width: 580px) 100vw, 580px\" \/><figcaption id=\"caption-attachment-77754\" class=\"wp-caption-text\">RESPETO Y CARI\u00d1O.- Autoridades del valle asistieron con agrado a homenajear a las mujeres en su d\u00eda.<\/figcaption><\/figure>\n<figure id=\"attachment_77755\" aria-describedby=\"caption-attachment-77755\" style=\"width: 580px\" class=\"wp-caption alignnone\"><img data-recalc-dims=\"1\" loading=\"lazy\" decoding=\"async\" class=\"size-full wp-image-77755\" src=\"https:\/\/i0.wp.com\/www.eltrabajo.cl\/portal\/wp-content\/uploads\/2017\/03\/MUJER-Nancy-Montenegro-Cordova-1.jpg?resize=580%2C348\" alt=\"Nancy Montenegro C\u00f3rdova\" width=\"580\" height=\"348\" srcset=\"https:\/\/i0.wp.com\/eltrabajo.cl\/portal\/wp-content\/uploads\/2017\/03\/MUJER-Nancy-Montenegro-Cordova-1.jpg?w=580&amp;ssl=1 580w, https:\/\/i0.wp.com\/eltrabajo.cl\/portal\/wp-content\/uploads\/2017\/03\/MUJER-Nancy-Montenegro-Cordova-1.jpg?resize=200%2C120&amp;ssl=1 200w, https:\/\/i0.wp.com\/eltrabajo.cl\/portal\/wp-content\/uploads\/2017\/03\/MUJER-Nancy-Montenegro-Cordova-1.jpg?resize=300%2C180&amp;ssl=1 300w, https:\/\/i0.wp.com\/eltrabajo.cl\/portal\/wp-content\/uploads\/2017\/03\/MUJER-Nancy-Montenegro-Cordova-1.jpg?resize=250%2C150&amp;ssl=1 250w, https:\/\/i0.wp.com\/eltrabajo.cl\/portal\/wp-content\/uploads\/2017\/03\/MUJER-Nancy-Montenegro-Cordova-1.jpg?resize=400%2C240&amp;ssl=1 400w\" sizes=\"auto, (max-width: 580px) 100vw, 580px\" \/><figcaption id=\"caption-attachment-77755\" class=\"wp-caption-text\">Nancy Montenegro C\u00f3rdova<\/figcaption><\/figure>\n<figure id=\"attachment_77756\" aria-describedby=\"caption-attachment-77756\" style=\"width: 580px\" class=\"wp-caption alignnone\"><img data-recalc-dims=\"1\" loading=\"lazy\" decoding=\"async\" class=\"size-full wp-image-77756\" src=\"https:\/\/i0.wp.com\/www.eltrabajo.cl\/portal\/wp-content\/uploads\/2017\/03\/MUJER-Wilfredo-Gonzalez-1.jpg?resize=580%2C349\" alt=\"CHARRO GONZ\u00c1LEZ.- El Charro putaendino Wilfredo Gonz\u00e1lez, abrig\u00f3 con su envolvente y potente voz el coraz\u00f3n de todas las damas presentes.\" width=\"580\" height=\"349\" \/><figcaption id=\"caption-attachment-77756\" class=\"wp-caption-text\">CHARRO GONZ\u00c1LEZ.- El Charro putaendino Wilfredo Gonz\u00e1lez, abrig\u00f3 con su envolvente y potente voz el coraz\u00f3n de todas las damas presentes.<\/figcaption><\/figure>\n","protected":false},"excerpt":{"rendered":"<p>Fue durante horas de la ma\u00f1ana de ayer jueves, al filo del mediod\u00eda, que la Fenats Aconcagua se luci\u00f3 en grande durante el desarrollo de una contundente asamblea general y acto de&#8230;<\/p>\n","protected":false},"author":482,"featured_media":77752,"comment_status":"open","ping_status":"open","sticky":false,"template":"","format":"standard","meta":{"advanced_seo_description":"","jetpack_seo_html_title":"","jetpack_seo_noindex":false,"_jetpack_memberships_contains_paid_content":false,"footnotes":""},"categories":[15],"tags":[],"class_list":["post-77742","post","type-post","status-publish","format-standard","has-post-thumbnail","hentry","category-comunidad"],"jetpack_featured_media_url":"https:\/\/i0.wp.com\/eltrabajo.cl\/portal\/wp-content\/uploads\/2017\/03\/MUJER-Mujer1-1.jpg?fit=580%2C350&ssl=1","jetpack_sharing_enabled":true,"jetpack_likes_enabled":true,"jetpack-related-posts":[],"_links":{"self":[{"href":"https:\/\/eltrabajo.cl\/portal\/wp-json\/wp\/v2\/posts\/77742","targetHints":{"allow":["GET"]}}],"collection":[{"href":"https:\/\/eltrabajo.cl\/portal\/wp-json\/wp\/v2\/posts"}],"about":[{"href":"https:\/\/eltrabajo.cl\/portal\/wp-json\/wp\/v2\/types\/post"}],"author":[{"embeddable":true,"href":"https:\/\/eltrabajo.cl\/portal\/wp-json\/wp\/v2\/users\/482"}],"replies":[{"embeddable":true,"href":"https:\/\/eltrabajo.cl\/portal\/wp-json\/wp\/v2\/comments?post=77742"}],"version-history":[{"count":0,"href":"https:\/\/eltrabajo.cl\/portal\/wp-json\/wp\/v2\/posts\/77742\/revisions"}],"wp:featuredmedia":[{"embeddable":true,"href":"https:\/\/eltrabajo.cl\/portal\/wp-json\/wp\/v2\/media\/77752"}],"wp:attachment":[{"href":"https:\/\/eltrabajo.cl\/portal\/wp-json\/wp\/v2\/media?parent=77742"}],"wp:term":[{"taxonomy":"category","embeddable":true,"href":"https:\/\/eltrabajo.cl\/portal\/wp-json\/wp\/v2\/categories?post=77742"},{"taxonomy":"post_tag","embeddable":true,"href":"https:\/\/eltrabajo.cl\/portal\/wp-json\/wp\/v2\/tags?post=77742"}],"curies":[{"name":"wp","href":"https:\/\/api.w.org\/{rel}","templated":true}]}}