{"id":77761,"date":"2017-03-10T08:35:13","date_gmt":"2017-03-10T12:35:13","guid":{"rendered":"http:\/\/www.eltrabajo.cl\/2017\/?p=77761"},"modified":"2017-03-10T08:35:13","modified_gmt":"2017-03-10T12:35:13","slug":"concejales-recien-asumidos-discrepan-con-emplazamiento-del-nuevo-estadio","status":"publish","type":"post","link":"https:\/\/eltrabajo.cl\/portal\/concejales-recien-asumidos-discrepan-con-emplazamiento-del-nuevo-estadio\/","title":{"rendered":"Concejales reci\u00e9n asumidos discrepan con emplazamiento del nuevo estadio"},"content":{"rendered":"<figure id=\"attachment_77762\" aria-describedby=\"caption-attachment-77762\" style=\"width: 577px\" class=\"wp-caption alignnone\"><img data-recalc-dims=\"1\" loading=\"lazy\" decoding=\"async\" class=\"size-full wp-image-77762\" src=\"https:\/\/i0.wp.com\/www.eltrabajo.cl\/portal\/wp-content\/uploads\/2017\/03\/Concejo-nuevo-estadio-1.jpg?resize=577%2C350\" alt=\"Los concejales de San Felipe durante la discusi\u00f3n sobre la construcci\u00f3n del nuevo estadio Javier Mu\u00f1oz.\" width=\"577\" height=\"350\" srcset=\"https:\/\/i0.wp.com\/eltrabajo.cl\/portal\/wp-content\/uploads\/2017\/03\/Concejo-nuevo-estadio-1.jpg?w=577&amp;ssl=1 577w, https:\/\/i0.wp.com\/eltrabajo.cl\/portal\/wp-content\/uploads\/2017\/03\/Concejo-nuevo-estadio-1.jpg?resize=200%2C121&amp;ssl=1 200w, https:\/\/i0.wp.com\/eltrabajo.cl\/portal\/wp-content\/uploads\/2017\/03\/Concejo-nuevo-estadio-1.jpg?resize=300%2C182&amp;ssl=1 300w, https:\/\/i0.wp.com\/eltrabajo.cl\/portal\/wp-content\/uploads\/2017\/03\/Concejo-nuevo-estadio-1.jpg?resize=247%2C150&amp;ssl=1 247w, https:\/\/i0.wp.com\/eltrabajo.cl\/portal\/wp-content\/uploads\/2017\/03\/Concejo-nuevo-estadio-1.jpg?resize=400%2C243&amp;ssl=1 400w\" sizes=\"auto, (max-width: 577px) 100vw, 577px\" \/><figcaption id=\"caption-attachment-77762\" class=\"wp-caption-text\">Los concejales de San Felipe durante la discusi\u00f3n sobre la construcci\u00f3n del nuevo estadio Javier Mu\u00f1oz.<\/figcaption><\/figure>\n<p>Pese a estar \u2018oleado y sacramentado\u2019 el lugar donde debiera construirse el nuevo Estadio Municipal de San Felipe, los concejales Patricia Boffa, Mario Villanueva, Christian Beals y Juan Sabaj dieron a conocer su rechazo al lugar donde piensa construirse el nuevo recinto deportivo, junto con se\u00f1alar que debiera ser un estadio m\u00e1s completo, con pista atl\u00e9tica por ejemplo.<br \/>\nEn t\u00e9rminos generales los nuevos ediles son de la idea de aprovechar y reforzar la infraestructura que actualmente tiene San Felipe.<br \/>\nEl Concejal Juan Carlos Sabaj, a t\u00edtulo personal dijo no estar de acuerdo con el lugar porque debiera mejorarse lo que hay.<br \/>\nPor su parte el Concejal Beals dio a conocer que hay que tener una visi\u00f3n a m\u00e1s largo plazo, con un estadio que albergue a una gran cantidad de gente, 40 mil personas para poder tener evento a nivel nacional.<br \/>\nEl concejal Villanueva tambi\u00e9n en su intervenci\u00f3n se opone a la construcci\u00f3n en ese lugar y se\u00f1ala la necesidad de tener un estadio con mayor capacidad.<br \/>\nOtros de los puntos negativos que encuentran los ediles, es que no va a contar con estacionamientos, menos va a tener una pista atl\u00e9tica.<br \/>\nLa Concejal Patricia Boffa Casas dijo que este martes era el momento para dar a conocer el pensamiento referente a este importante proyecto deportivo.<br \/>\n\u201cSi este Concejo hubiese estado cuando se toma la decisi\u00f3n de construir el nuevo estadio en el estadio fiscal no hubiese llegado a buen fin, porque no estamos de acuerdo en destruir un recinto, porque ah\u00ed vamos a tener que sacar las piscinas, la medialuna. \u00bfNo ser\u00eda mejor fortalecer lo que tenemos, arreglar y mejorar la infraestructura el Estadio Municipal hoy d\u00eda y poder generar un polideportivo para otras disciplinas? Hoy d\u00eda tenemos grupos hasta de esgrima en San Felipe que no tienen lugares donde practicar estos deportes. Si bien el f\u00fatbol congrega a una importante cantidad de gente, hoy d\u00eda tenemos por ejemplo grupos de patinajes que han tenido que emigrar a otras comunas, a practicar en otros recintos deportivos\u201d, sostuvo la edil.<br \/>\nLos concejales en el fondo son de la idea de mejorar la infraestructura que hay en este momento en la ciudad, como por ejemplo el gimnasio del Fort\u00edn Prat o el mismo Estadio Municipal.<\/p>\n<p><strong>MEJORA AL MUNICIPAL<\/strong><br \/>\nEn este sentido el Alcalde Patricio Freire Canto les coment\u00f3 que viene una importante inversi\u00f3n para mejorar el Estadio Municipal de la avenida Maip\u00fa.<br \/>\nEl nuevo Estadio Municipal de San Felipe llevar\u00e1 el nombre del destacado comunicador Javier Mu\u00f1oz.<\/p>\n","protected":false},"excerpt":{"rendered":"<p>Pese a estar \u2018oleado y sacramentado\u2019 el lugar donde debiera construirse el nuevo Estadio Municipal de San Felipe, los concejales Patricia Boffa, Mario Villanueva, Christian Beals y Juan Sabaj dieron a conocer&#8230;<\/p>\n","protected":false},"author":482,"featured_media":77762,"comment_status":"open","ping_status":"open","sticky":false,"template":"","format":"standard","meta":{"advanced_seo_description":"","jetpack_seo_html_title":"","jetpack_seo_noindex":false,"_jetpack_memberships_contains_paid_content":false,"footnotes":""},"categories":[1],"tags":[],"class_list":["post-77761","post","type-post","status-publish","format-standard","has-post-thumbnail","hentry","category-cronica"],"jetpack_featured_media_url":"https:\/\/i0.wp.com\/eltrabajo.cl\/portal\/wp-content\/uploads\/2017\/03\/Concejo-nuevo-estadio-1.jpg?fit=577%2C350&ssl=1","jetpack_sharing_enabled":true,"jetpack_likes_enabled":true,"jetpack-related-posts":[],"_links":{"self":[{"href":"https:\/\/eltrabajo.cl\/portal\/wp-json\/wp\/v2\/posts\/77761","targetHints":{"allow":["GET"]}}],"collection":[{"href":"https:\/\/eltrabajo.cl\/portal\/wp-json\/wp\/v2\/posts"}],"about":[{"href":"https:\/\/eltrabajo.cl\/portal\/wp-json\/wp\/v2\/types\/post"}],"author":[{"embeddable":true,"href":"https:\/\/eltrabajo.cl\/portal\/wp-json\/wp\/v2\/users\/482"}],"replies":[{"embeddable":true,"href":"https:\/\/eltrabajo.cl\/portal\/wp-json\/wp\/v2\/comments?post=77761"}],"version-history":[{"count":0,"href":"https:\/\/eltrabajo.cl\/portal\/wp-json\/wp\/v2\/posts\/77761\/revisions"}],"wp:featuredmedia":[{"embeddable":true,"href":"https:\/\/eltrabajo.cl\/portal\/wp-json\/wp\/v2\/media\/77762"}],"wp:attachment":[{"href":"https:\/\/eltrabajo.cl\/portal\/wp-json\/wp\/v2\/media?parent=77761"}],"wp:term":[{"taxonomy":"category","embeddable":true,"href":"https:\/\/eltrabajo.cl\/portal\/wp-json\/wp\/v2\/categories?post=77761"},{"taxonomy":"post_tag","embeddable":true,"href":"https:\/\/eltrabajo.cl\/portal\/wp-json\/wp\/v2\/tags?post=77761"}],"curies":[{"name":"wp","href":"https:\/\/api.w.org\/{rel}","templated":true}]}}