{"id":77769,"date":"2017-03-13T06:00:02","date_gmt":"2017-03-13T10:00:02","guid":{"rendered":"http:\/\/www.eltrabajo.cl\/2017\/?p=77769"},"modified":"2017-03-13T06:00:02","modified_gmt":"2017-03-13T10:00:02","slug":"entregan-casi-2-000-millones-a-las-policias-para-combatir-delincuencia","status":"publish","type":"post","link":"https:\/\/eltrabajo.cl\/portal\/entregan-casi-2-000-millones-a-las-policias-para-combatir-delincuencia\/","title":{"rendered":"Entregan casi $2.000 millones a las Polic\u00edas para combatir delincuencia"},"content":{"rendered":"<figure id=\"attachment_77770\" aria-describedby=\"caption-attachment-77770\" style=\"width: 580px\" class=\"wp-caption alignnone\"><img data-recalc-dims=\"1\" loading=\"lazy\" decoding=\"async\" class=\"size-full wp-image-77770\" src=\"https:\/\/i0.wp.com\/www.eltrabajo.cl\/portal\/wp-content\/uploads\/2017\/03\/Stevensonn-1.jpg?resize=580%2C349\" alt=\"Rolando Stevenson Velasco, Concejero Regional.\" width=\"580\" height=\"349\" srcset=\"https:\/\/i0.wp.com\/eltrabajo.cl\/portal\/wp-content\/uploads\/2017\/03\/Stevensonn-1.jpg?w=580&amp;ssl=1 580w, https:\/\/i0.wp.com\/eltrabajo.cl\/portal\/wp-content\/uploads\/2017\/03\/Stevensonn-1.jpg?resize=200%2C120&amp;ssl=1 200w, https:\/\/i0.wp.com\/eltrabajo.cl\/portal\/wp-content\/uploads\/2017\/03\/Stevensonn-1.jpg?resize=300%2C181&amp;ssl=1 300w, https:\/\/i0.wp.com\/eltrabajo.cl\/portal\/wp-content\/uploads\/2017\/03\/Stevensonn-1.jpg?resize=249%2C150&amp;ssl=1 249w, https:\/\/i0.wp.com\/eltrabajo.cl\/portal\/wp-content\/uploads\/2017\/03\/Stevensonn-1.jpg?resize=400%2C241&amp;ssl=1 400w\" sizes=\"auto, (max-width: 580px) 100vw, 580px\" \/><figcaption id=\"caption-attachment-77770\" class=\"wp-caption-text\">Rolando Stevenson Velasco, Concejero Regional.<\/figcaption><\/figure>\n<ul>\n<li><span style=\"color: #ff0000;\"><strong>Consejo Regional V Regi\u00f3n:<\/strong> <\/span><\/li>\n<\/ul>\n<p>El jueves de la semana que reci\u00e9n pas\u00f3 el Consejo Regional aprob\u00f3 en total 1.790 millones de pesos tanto para Carabineros como la PDI, para la compra de nuevos veh\u00edculos policiales que viene a reemplazar a los que est\u00e1n en mal estado y para la habilitaci\u00f3n de una oficina de an\u00e1lisis criminal\u00edstica.<br \/>\nLa informaci\u00f3n la dio a conocer el Core Rolando Stevenson Velasco, quien dijo sentirse muy contento que se hayan aprobado estos recursos para las Polic\u00edas, \u00abestoy muy contento que se haya llegado a buen puerto con el general jefe de zona de Carabineros y tambi\u00e9n el de la PDI, porque este jueves el concejo regional aprob\u00f3 por unanimidad de sus integrantes indudablemente con mi voto incluido de mil millones de pesos para dotar a Carabineros de nuevos veh\u00edculos, que son en reemplazo de los que est\u00e1n en mal estado en este caso a nuestra provincia le toca un par de veh\u00edculos a San Felipe y Los Andes\u00bb, indic\u00f3.<br \/>\nA\u00f1adi\u00f3 tambi\u00e9n que a la PDI se hizo un aporte de 790 millones de pesos para la creaci\u00f3n de una oficina de an\u00e1lisis criminal\u00edstica.<br \/>\nEsta oficina, que va a estar instalada en Valpara\u00edso y que tendr\u00e1 extensi\u00f3n a todas las dem\u00e1s provincias de la regi\u00f3n, permitir\u00eda a la Polic\u00eda civil tener el equipamiento suficiente, los software suficiente y los contactos internacionales, \u00abes decir, la capacitaci\u00f3n suficiente para analizar no solamente los horarios en que se producen los cr\u00edmenes, digamos las circunstancias, los lugares, los perfiles criminales, es decir es un trabajo de an\u00e1lisis cient\u00edfico y tambi\u00e9n de investigaci\u00f3n policial, as\u00ed es que yo estoy bastante satisfecho que por fin se haya concretado, porque la b\u00fasqueda de estos recursos comenz\u00f3 el a\u00f1o pasado\u00bb, agreg\u00f3 Stevenson.<br \/>\nAhora s\u00f3lo queda la entrega de los datos formales, la firma de los convenios para la entrega de los recursos aprobados, debiendo las propias polic\u00edas realizar las licitaciones correspondientes tanto a veh\u00edculos como a equipamiento de la oficina.<br \/>\nConsultado por alguna fiscalizaci\u00f3n o monitoreo a la oficina de an\u00e1lisis criminal\u00edstica para ver si realmente surten efecto o no dijo, el Core indic\u00f3 que \u00abuna de las condiciones con que se asignan este tipo de recursos es justamente contra resultado, esperamos que los resultados sean los adecuados, dejando presente en el caso de los veh\u00edculos policiales faltan mas, en nuestra zona, eso lo estamos tratando de complementar sectorialmente con el ministerio respectivo y con el aporte del consejo regional a futuro\u00bb, finaliz\u00f3 Stevenson.<br \/>\nDesglosados los recursos, quedaron de la siguiente manera: mil millones de pesos para la compra de veh\u00edculos policiales y 790 millones para la creaci\u00f3n de una oficina de an\u00e1lisis criminal\u00edstica en la PDI Quinta Regi\u00f3n.<\/p>\n","protected":false},"excerpt":{"rendered":"<p>Consejo Regional V Regi\u00f3n: El jueves de la semana que reci\u00e9n pas\u00f3 el Consejo Regional aprob\u00f3 en total 1.790 millones de pesos tanto para Carabineros como la PDI, para la compra de&#8230;<\/p>\n","protected":false},"author":482,"featured_media":77770,"comment_status":"open","ping_status":"open","sticky":false,"template":"","format":"standard","meta":{"advanced_seo_description":"","jetpack_seo_html_title":"","jetpack_seo_noindex":false,"_jetpack_memberships_contains_paid_content":false,"footnotes":""},"categories":[1],"tags":[],"class_list":["post-77769","post","type-post","status-publish","format-standard","has-post-thumbnail","hentry","category-cronica"],"jetpack_featured_media_url":"https:\/\/i0.wp.com\/eltrabajo.cl\/portal\/wp-content\/uploads\/2017\/03\/Stevensonn-1.jpg?fit=580%2C349&ssl=1","jetpack_sharing_enabled":true,"jetpack_likes_enabled":true,"jetpack-related-posts":[],"_links":{"self":[{"href":"https:\/\/eltrabajo.cl\/portal\/wp-json\/wp\/v2\/posts\/77769","targetHints":{"allow":["GET"]}}],"collection":[{"href":"https:\/\/eltrabajo.cl\/portal\/wp-json\/wp\/v2\/posts"}],"about":[{"href":"https:\/\/eltrabajo.cl\/portal\/wp-json\/wp\/v2\/types\/post"}],"author":[{"embeddable":true,"href":"https:\/\/eltrabajo.cl\/portal\/wp-json\/wp\/v2\/users\/482"}],"replies":[{"embeddable":true,"href":"https:\/\/eltrabajo.cl\/portal\/wp-json\/wp\/v2\/comments?post=77769"}],"version-history":[{"count":0,"href":"https:\/\/eltrabajo.cl\/portal\/wp-json\/wp\/v2\/posts\/77769\/revisions"}],"wp:featuredmedia":[{"embeddable":true,"href":"https:\/\/eltrabajo.cl\/portal\/wp-json\/wp\/v2\/media\/77770"}],"wp:attachment":[{"href":"https:\/\/eltrabajo.cl\/portal\/wp-json\/wp\/v2\/media?parent=77769"}],"wp:term":[{"taxonomy":"category","embeddable":true,"href":"https:\/\/eltrabajo.cl\/portal\/wp-json\/wp\/v2\/categories?post=77769"},{"taxonomy":"post_tag","embeddable":true,"href":"https:\/\/eltrabajo.cl\/portal\/wp-json\/wp\/v2\/tags?post=77769"}],"curies":[{"name":"wp","href":"https:\/\/api.w.org\/{rel}","templated":true}]}}