{"id":77772,"date":"2017-03-13T06:01:00","date_gmt":"2017-03-13T10:01:00","guid":{"rendered":"http:\/\/www.eltrabajo.cl\/2017\/?p=77772"},"modified":"2017-03-13T06:01:00","modified_gmt":"2017-03-13T10:01:00","slug":"concejo-municipal-trabaja-ordenanza-para-eliminar-bolsas-plasticas-del-comercio","status":"publish","type":"post","link":"https:\/\/eltrabajo.cl\/portal\/concejo-municipal-trabaja-ordenanza-para-eliminar-bolsas-plasticas-del-comercio\/","title":{"rendered":"Concejo Municipal trabaja ordenanza para eliminar bolsas pl\u00e1sticas del comercio"},"content":{"rendered":"<figure id=\"attachment_77773\" aria-describedby=\"caption-attachment-77773\" style=\"width: 580px\" class=\"wp-caption alignnone\"><img data-recalc-dims=\"1\" loading=\"lazy\" decoding=\"async\" class=\"size-full wp-image-77773\" src=\"https:\/\/i0.wp.com\/www.eltrabajo.cl\/portal\/wp-content\/uploads\/2017\/03\/Igor-1.jpg?resize=580%2C349\" alt=\"Igor Carrasco, concejal de San Felipe.\" width=\"580\" height=\"349\" srcset=\"https:\/\/i0.wp.com\/eltrabajo.cl\/portal\/wp-content\/uploads\/2017\/03\/Igor-1.jpg?w=580&amp;ssl=1 580w, https:\/\/i0.wp.com\/eltrabajo.cl\/portal\/wp-content\/uploads\/2017\/03\/Igor-1.jpg?resize=200%2C120&amp;ssl=1 200w, https:\/\/i0.wp.com\/eltrabajo.cl\/portal\/wp-content\/uploads\/2017\/03\/Igor-1.jpg?resize=300%2C181&amp;ssl=1 300w, https:\/\/i0.wp.com\/eltrabajo.cl\/portal\/wp-content\/uploads\/2017\/03\/Igor-1.jpg?resize=249%2C150&amp;ssl=1 249w, https:\/\/i0.wp.com\/eltrabajo.cl\/portal\/wp-content\/uploads\/2017\/03\/Igor-1.jpg?resize=400%2C241&amp;ssl=1 400w\" sizes=\"auto, (max-width: 580px) 100vw, 580px\" \/><figcaption id=\"caption-attachment-77773\" class=\"wp-caption-text\">Igor Carrasco, concejal de San Felipe.<\/figcaption><\/figure>\n<p>Una ordenanza municipal que ya se ha implementado en otras ciudades del pa\u00eds, es la que se encuentra trabajando el Concejo Municipal de San Felipe, con el fin de contribuir con el cuidado del medioambiente. As\u00ed lo dio a conocer el concejal de sanfelipe\u00f1o Igor Carrasco, quien asegur\u00f3 que en un futuro no muy lejano se pretende sacar de circulaci\u00f3n las bolsas pl\u00e1sticas, las cuales representan casi un 75% de los residuos domiciliarios.<br \/>\n\u00abEste es un tema a nivel nacional que tambi\u00e9n tiene que ver con el Ministerio de Medioambiente, se est\u00e1 trabajando con ellos en conjunto para mejorar la calidad de vida de las personas, hay que considerar que \u00be de la basura es pl\u00e1stica y nosotros estamos tratando como municipio de organizarnos para que haya un mejor manejo de las bolsas\u00bb, sostuvo Carrasco.<br \/>\nSi bien el edil reconoci\u00f3 que este cambio ser\u00e1 paulatino, enfatiz\u00f3 que es un tema importante para mejorar la calidad del entorno y manifest\u00f3 que \u00abla gente se pregunta c\u00f3mo eliminamos la bolsas pl\u00e1sticas, pero esto no es de un d\u00eda para otro, es un proceso de un a\u00f1o aproximadamente, donde a la gente se le va a educar e informar sobre c\u00f3mo hacer el cambio, por ejemplo, en los supermercados de a poco se va ir disminuyendo la cantidad de bolsas pl\u00e1sticas y en los talleres municipales, clubes deportivos y organizaciones sociales vamos hacer una campa\u00f1a de uso de bolsas reciclables\u00bb, anticip\u00f3 el concejal.<br \/>\nSeg\u00fan Carrasco, actualmente se est\u00e1 pidiendo informaci\u00f3n a otros municipios del pa\u00eds que ya han implementado esta iniciativa, como es el caso de Frutillar, Puerto Varas y Quillota.<\/p>\n","protected":false},"excerpt":{"rendered":"<p>Una ordenanza municipal que ya se ha implementado en otras ciudades del pa\u00eds, es la que se encuentra trabajando el Concejo Municipal de San Felipe, con el fin de contribuir con el&#8230;<\/p>\n","protected":false},"author":482,"featured_media":77773,"comment_status":"open","ping_status":"open","sticky":false,"template":"","format":"standard","meta":{"advanced_seo_description":"","jetpack_seo_html_title":"","jetpack_seo_noindex":false,"_jetpack_memberships_contains_paid_content":false,"footnotes":""},"categories":[1],"tags":[],"class_list":["post-77772","post","type-post","status-publish","format-standard","has-post-thumbnail","hentry","category-cronica"],"jetpack_featured_media_url":"https:\/\/i0.wp.com\/eltrabajo.cl\/portal\/wp-content\/uploads\/2017\/03\/Igor-1.jpg?fit=580%2C349&ssl=1","jetpack_sharing_enabled":true,"jetpack_likes_enabled":true,"jetpack-related-posts":[],"_links":{"self":[{"href":"https:\/\/eltrabajo.cl\/portal\/wp-json\/wp\/v2\/posts\/77772","targetHints":{"allow":["GET"]}}],"collection":[{"href":"https:\/\/eltrabajo.cl\/portal\/wp-json\/wp\/v2\/posts"}],"about":[{"href":"https:\/\/eltrabajo.cl\/portal\/wp-json\/wp\/v2\/types\/post"}],"author":[{"embeddable":true,"href":"https:\/\/eltrabajo.cl\/portal\/wp-json\/wp\/v2\/users\/482"}],"replies":[{"embeddable":true,"href":"https:\/\/eltrabajo.cl\/portal\/wp-json\/wp\/v2\/comments?post=77772"}],"version-history":[{"count":0,"href":"https:\/\/eltrabajo.cl\/portal\/wp-json\/wp\/v2\/posts\/77772\/revisions"}],"wp:featuredmedia":[{"embeddable":true,"href":"https:\/\/eltrabajo.cl\/portal\/wp-json\/wp\/v2\/media\/77773"}],"wp:attachment":[{"href":"https:\/\/eltrabajo.cl\/portal\/wp-json\/wp\/v2\/media?parent=77772"}],"wp:term":[{"taxonomy":"category","embeddable":true,"href":"https:\/\/eltrabajo.cl\/portal\/wp-json\/wp\/v2\/categories?post=77772"},{"taxonomy":"post_tag","embeddable":true,"href":"https:\/\/eltrabajo.cl\/portal\/wp-json\/wp\/v2\/tags?post=77772"}],"curies":[{"name":"wp","href":"https:\/\/api.w.org\/{rel}","templated":true}]}}