{"id":77796,"date":"2017-03-14T06:01:57","date_gmt":"2017-03-14T10:01:57","guid":{"rendered":"http:\/\/www.eltrabajo.cl\/2017\/?p=77796"},"modified":"2017-03-14T06:01:57","modified_gmt":"2017-03-14T10:01:57","slug":"el-expreso-gana-corrida-en-la-capital","status":"publish","type":"post","link":"https:\/\/eltrabajo.cl\/portal\/el-expreso-gana-corrida-en-la-capital\/","title":{"rendered":"El Expreso gana Corrida en la capital"},"content":{"rendered":"<figure id=\"attachment_77797\" aria-describedby=\"caption-attachment-77797\" style=\"width: 580px\" class=\"wp-caption alignnone\"><img data-recalc-dims=\"1\" loading=\"lazy\" decoding=\"async\" class=\"size-full wp-image-77797\" src=\"https:\/\/i0.wp.com\/www.eltrabajo.cl\/portal\/wp-content\/uploads\/2017\/03\/deportes-jorge-estay-en-stgo-1.jpg?resize=580%2C349\" alt=\"Una buena planificaci\u00f3n y una mejor preparaci\u00f3n permitieron a Jorge Estay ser el mejor de su serie en la Saucony Santiago 2017. \" width=\"580\" height=\"349\" srcset=\"https:\/\/i0.wp.com\/eltrabajo.cl\/portal\/wp-content\/uploads\/2017\/03\/deportes-jorge-estay-en-stgo-1.jpg?w=580&amp;ssl=1 580w, https:\/\/i0.wp.com\/eltrabajo.cl\/portal\/wp-content\/uploads\/2017\/03\/deportes-jorge-estay-en-stgo-1.jpg?resize=200%2C120&amp;ssl=1 200w, https:\/\/i0.wp.com\/eltrabajo.cl\/portal\/wp-content\/uploads\/2017\/03\/deportes-jorge-estay-en-stgo-1.jpg?resize=300%2C181&amp;ssl=1 300w, https:\/\/i0.wp.com\/eltrabajo.cl\/portal\/wp-content\/uploads\/2017\/03\/deportes-jorge-estay-en-stgo-1.jpg?resize=249%2C150&amp;ssl=1 249w, https:\/\/i0.wp.com\/eltrabajo.cl\/portal\/wp-content\/uploads\/2017\/03\/deportes-jorge-estay-en-stgo-1.jpg?resize=400%2C241&amp;ssl=1 400w\" sizes=\"auto, (max-width: 580px) 100vw, 580px\" \/><figcaption id=\"caption-attachment-77797\" class=\"wp-caption-text\">Una buena planificaci\u00f3n y una mejor preparaci\u00f3n permitieron a Jorge Estay ser el mejor de su serie en la Saucony Santiago 2017.<\/figcaption><\/figure>\n<p>Jorge Estay no pudo comenzar de la mejor manera su preparaci\u00f3n competitiva que tiene como norte principal la pr\u00f3xima marat\u00f3n internacional de Santiago, y en una gran actuaci\u00f3n en la Corrida Santiago By Euro Am\u00e9rica, se consagr\u00f3 como el mejor de su serie en los 10K en el circuito dispuesto en el Parque Bustamante.<br \/>\nEl atleta sanfelipe\u00f1o explic\u00f3 a nuestro medio el porqu\u00e9 de su buena actuaci\u00f3n en la capital: \u201cPuede ser porque es lo que m\u00e1s se asemeja a lo que entreno diariamente, entonces me sent\u00ed muy c\u00f3modo, adem\u00e1s que el plan de carrera me funcion\u00f3 a la perfecci\u00f3n, salvo peque\u00f1os detalles, pero todos solucionables, as\u00ed que tengo muy claro que debo seguir este camino para llegar bien a la marat\u00f3n de Santiago, donde espero poder subir al podio\u201d.<br \/>\nSobre la organizaci\u00f3n y el nivel de la carrera del domingo reci\u00e9n pasado, Jorge Estay coment\u00f3: \u201cHubo m\u00e1s de mil competidores, todos de muy buen nivel, porque hab\u00eda muy buenos premios y una excelente organizaci\u00f3n que se preocup\u00f3 de todos los detalles, adem\u00e1s que pr\u00e1cticamente todos los runners buscan carreras para encontrar una buena puesta a punto para la marat\u00f3n de Santiago\u201d.<\/p>\n","protected":false},"excerpt":{"rendered":"<p>Jorge Estay no pudo comenzar de la mejor manera su preparaci\u00f3n competitiva que tiene como norte principal la pr\u00f3xima marat\u00f3n internacional de Santiago, y en una gran actuaci\u00f3n en la Corrida Santiago&#8230;<\/p>\n","protected":false},"author":482,"featured_media":77797,"comment_status":"open","ping_status":"open","sticky":false,"template":"","format":"standard","meta":{"advanced_seo_description":"","jetpack_seo_html_title":"","jetpack_seo_noindex":false,"_jetpack_memberships_contains_paid_content":false,"footnotes":""},"categories":[19],"tags":[],"class_list":["post-77796","post","type-post","status-publish","format-standard","has-post-thumbnail","hentry","category-deportes"],"jetpack_featured_media_url":"https:\/\/i0.wp.com\/eltrabajo.cl\/portal\/wp-content\/uploads\/2017\/03\/deportes-jorge-estay-en-stgo-1.jpg?fit=580%2C349&ssl=1","jetpack_sharing_enabled":true,"jetpack_likes_enabled":true,"jetpack-related-posts":[],"_links":{"self":[{"href":"https:\/\/eltrabajo.cl\/portal\/wp-json\/wp\/v2\/posts\/77796","targetHints":{"allow":["GET"]}}],"collection":[{"href":"https:\/\/eltrabajo.cl\/portal\/wp-json\/wp\/v2\/posts"}],"about":[{"href":"https:\/\/eltrabajo.cl\/portal\/wp-json\/wp\/v2\/types\/post"}],"author":[{"embeddable":true,"href":"https:\/\/eltrabajo.cl\/portal\/wp-json\/wp\/v2\/users\/482"}],"replies":[{"embeddable":true,"href":"https:\/\/eltrabajo.cl\/portal\/wp-json\/wp\/v2\/comments?post=77796"}],"version-history":[{"count":0,"href":"https:\/\/eltrabajo.cl\/portal\/wp-json\/wp\/v2\/posts\/77796\/revisions"}],"wp:featuredmedia":[{"embeddable":true,"href":"https:\/\/eltrabajo.cl\/portal\/wp-json\/wp\/v2\/media\/77797"}],"wp:attachment":[{"href":"https:\/\/eltrabajo.cl\/portal\/wp-json\/wp\/v2\/media?parent=77796"}],"wp:term":[{"taxonomy":"category","embeddable":true,"href":"https:\/\/eltrabajo.cl\/portal\/wp-json\/wp\/v2\/categories?post=77796"},{"taxonomy":"post_tag","embeddable":true,"href":"https:\/\/eltrabajo.cl\/portal\/wp-json\/wp\/v2\/tags?post=77796"}],"curies":[{"name":"wp","href":"https:\/\/api.w.org\/{rel}","templated":true}]}}