{"id":77799,"date":"2017-03-14T06:02:42","date_gmt":"2017-03-14T10:02:42","guid":{"rendered":"http:\/\/www.eltrabajo.cl\/2017\/?p=77799"},"modified":"2017-03-14T06:02:42","modified_gmt":"2017-03-14T10:02:42","slug":"querido-folclorista-supera-su-cancer-a-paso-lento-pero-con-esperanza","status":"publish","type":"post","link":"https:\/\/eltrabajo.cl\/portal\/querido-folclorista-supera-su-cancer-a-paso-lento-pero-con-esperanza\/","title":{"rendered":"Querido folclorista supera su c\u00e1ncer a paso lento pero con esperanza"},"content":{"rendered":"<figure id=\"attachment_77801\" aria-describedby=\"caption-attachment-77801\" style=\"width: 580px\" class=\"wp-caption alignnone\"><img data-recalc-dims=\"1\" loading=\"lazy\" decoding=\"async\" class=\"size-full wp-image-77801\" src=\"https:\/\/i0.wp.com\/www.eltrabajo.cl\/portal\/wp-content\/uploads\/2017\/03\/agreadecido-Osvaldo-Gonzalez-1.jpg?resize=580%2C348\" alt=\"\u00c9CHALE GANAS AMIGO.- Ojala pronto podamos ver a don Osvaldo Gonz\u00e1lez Concha tan alegre como en esta gr\u00e1fica de Archivo.\" width=\"580\" height=\"348\" srcset=\"https:\/\/i0.wp.com\/eltrabajo.cl\/portal\/wp-content\/uploads\/2017\/03\/agreadecido-Osvaldo-Gonzalez-1.jpg?w=580&amp;ssl=1 580w, https:\/\/i0.wp.com\/eltrabajo.cl\/portal\/wp-content\/uploads\/2017\/03\/agreadecido-Osvaldo-Gonzalez-1.jpg?resize=200%2C120&amp;ssl=1 200w, https:\/\/i0.wp.com\/eltrabajo.cl\/portal\/wp-content\/uploads\/2017\/03\/agreadecido-Osvaldo-Gonzalez-1.jpg?resize=300%2C180&amp;ssl=1 300w, https:\/\/i0.wp.com\/eltrabajo.cl\/portal\/wp-content\/uploads\/2017\/03\/agreadecido-Osvaldo-Gonzalez-1.jpg?resize=250%2C150&amp;ssl=1 250w, https:\/\/i0.wp.com\/eltrabajo.cl\/portal\/wp-content\/uploads\/2017\/03\/agreadecido-Osvaldo-Gonzalez-1.jpg?resize=400%2C240&amp;ssl=1 400w\" sizes=\"auto, (max-width: 580px) 100vw, 580px\" \/><figcaption id=\"caption-attachment-77801\" class=\"wp-caption-text\">\u00c9CHALE GANAS AMIGO.- Ojala pronto podamos ver a don Osvaldo Gonz\u00e1lez Concha tan alegre como en esta gr\u00e1fica de Archivo.<\/figcaption><\/figure>\n<ul>\n<li><span style=\"color: #ff0000;\"><strong>Osvaldo Gonz\u00e1lez seguir\u00e1 dando cursos de baile en Ayec\u00e1n:<\/strong><\/span><\/li>\n<\/ul>\n<p>Hace pocas semanas en Diario El Trabajo compartimos con nuestros lectores la penosa noticia en la que inform\u00e1bamos del agresivo c\u00e1ncer de es\u00f3fago y est\u00f3mago que ven\u00eda haciendo estragos en la salud del conocido monitor de Folklore, don Osvaldo Gonz\u00e1lez Concha (62), uno de los folcloristas m\u00e1s queridos por los sanfelipe\u00f1os y quien hace pocos a\u00f1os fuera el director del Grupo de Baile Tradiciones, de San Felipe, quien estuvo muy delicado en el Hospital San Camilo a ra\u00edz de un c\u00e1ncer g\u00e1strico.<br \/>\nFue en ese momento cuando do\u00f1a Rosita \u2018Toto\u2019 Silva, su esposa, se puso en contacto con nuestro medio para solicitar el apoyo de nuestros vecinos, pues varios clubes del Adulto Mayor estaban organizando un Bingo Solidario en su beneficio.<br \/>\n\u00abMi marido desde hace a\u00f1os viene enfrentando esta dura enfermedad, ya lo han operado varias veces, ahora se complic\u00f3 de nuevo y est\u00e1bamos muy preocupados, \u00e9l es tan amante del folklore, que el Centro Ayec\u00e1n y el Taller folkl\u00f3rico Amigos de la cueca, organizaron un Bingo Solidario en su beneficio. Estamos muy agradecidos por el apoyo recibido en esa actividad\u00bb, dijo Silva a nuestro medio.<\/p>\n<p><strong>BUENAS NOTICIAS<\/strong><br \/>\nLas buenas noticias en este caso, es que ya don Osvaldo fue operado, el c\u00e1ncer fue extirpado y hasta le dieron la salida: \u00abMe volv\u00ed a salvar de esta enfermedad, pronto me someter\u00e9 a la quimioterapia correspondiente. Quiero agradecer a todas las personas que jugaron ese Bingo Solidario, quiero tambi\u00e9n dar las gracias a Diario El Trabajo, por anunciar la actividad, y a todas las personas que la organizaron, s\u00f3lo cuando estamos en las malas es que se ven los verdaderos amigos\u00bb, dijo Osvaldo emocionado.<br \/>\nQuienes conocemos a Osvaldo Gonz\u00e1lez, sabemos del esp\u00edritu luchador que siempre expresa ante cada desaf\u00edo que la vida le presenta. Hoy lo vemos un poco m\u00e1s delgado, pero sonriente y hasta nos coment\u00f3 que en abril iniciar\u00e1 sus cursos de Folklore en el Ayec\u00e1n.<br \/>\n\u00abLos cursos que yo imparto ser\u00e1n los jueves desde las 15:30 hasta las 17:30 horas, para inscribirse pueden llamarme al 9 8324 5186, \u00f3 directamente en Ayec\u00e1n\u00bb, dijo Gonz\u00e1lez.<br \/>\n<strong>Roberto Gonz\u00e1lez Short<\/strong><\/p>\n<figure id=\"attachment_77800\" aria-describedby=\"caption-attachment-77800\" style=\"width: 580px\" class=\"wp-caption alignnone\"><img data-recalc-dims=\"1\" loading=\"lazy\" decoding=\"async\" class=\"size-full wp-image-77800\" src=\"https:\/\/i0.wp.com\/www.eltrabajo.cl\/portal\/wp-content\/uploads\/2017\/03\/Agradecidos33-1.jpg?resize=580%2C348\" alt=\"MUY AGRADECIDOS.- Don Osvaldo Gonz\u00e1lez y su esposa Rosita \u2018Toto\u2019 Silva, agradecieron a todos por el apoyo brindado en este amargo trance.\" width=\"580\" height=\"348\" srcset=\"https:\/\/i0.wp.com\/eltrabajo.cl\/portal\/wp-content\/uploads\/2017\/03\/Agradecidos33-1.jpg?w=580&amp;ssl=1 580w, https:\/\/i0.wp.com\/eltrabajo.cl\/portal\/wp-content\/uploads\/2017\/03\/Agradecidos33-1.jpg?resize=200%2C120&amp;ssl=1 200w, https:\/\/i0.wp.com\/eltrabajo.cl\/portal\/wp-content\/uploads\/2017\/03\/Agradecidos33-1.jpg?resize=300%2C180&amp;ssl=1 300w, https:\/\/i0.wp.com\/eltrabajo.cl\/portal\/wp-content\/uploads\/2017\/03\/Agradecidos33-1.jpg?resize=250%2C150&amp;ssl=1 250w, https:\/\/i0.wp.com\/eltrabajo.cl\/portal\/wp-content\/uploads\/2017\/03\/Agradecidos33-1.jpg?resize=400%2C240&amp;ssl=1 400w\" sizes=\"auto, (max-width: 580px) 100vw, 580px\" \/><figcaption id=\"caption-attachment-77800\" class=\"wp-caption-text\">MUY AGRADECIDOS.- Don Osvaldo Gonz\u00e1lez y su esposa Rosita \u2018Toto\u2019 Silva, agradecieron a todos por el apoyo brindado en este amargo trance.<\/figcaption><\/figure>\n","protected":false},"excerpt":{"rendered":"<p>Osvaldo Gonz\u00e1lez seguir\u00e1 dando cursos de baile en Ayec\u00e1n: Hace pocas semanas en Diario El Trabajo compartimos con nuestros lectores la penosa noticia en la que inform\u00e1bamos del agresivo c\u00e1ncer de es\u00f3fago&#8230;<\/p>\n","protected":false},"author":482,"featured_media":77800,"comment_status":"open","ping_status":"open","sticky":false,"template":"","format":"standard","meta":{"advanced_seo_description":"","jetpack_seo_html_title":"","jetpack_seo_noindex":false,"_jetpack_memberships_contains_paid_content":false,"footnotes":""},"categories":[15],"tags":[],"class_list":["post-77799","post","type-post","status-publish","format-standard","has-post-thumbnail","hentry","category-comunidad"],"jetpack_featured_media_url":"https:\/\/i0.wp.com\/eltrabajo.cl\/portal\/wp-content\/uploads\/2017\/03\/Agradecidos33-1.jpg?fit=580%2C348&ssl=1","jetpack_sharing_enabled":true,"jetpack_likes_enabled":true,"jetpack-related-posts":[],"_links":{"self":[{"href":"https:\/\/eltrabajo.cl\/portal\/wp-json\/wp\/v2\/posts\/77799","targetHints":{"allow":["GET"]}}],"collection":[{"href":"https:\/\/eltrabajo.cl\/portal\/wp-json\/wp\/v2\/posts"}],"about":[{"href":"https:\/\/eltrabajo.cl\/portal\/wp-json\/wp\/v2\/types\/post"}],"author":[{"embeddable":true,"href":"https:\/\/eltrabajo.cl\/portal\/wp-json\/wp\/v2\/users\/482"}],"replies":[{"embeddable":true,"href":"https:\/\/eltrabajo.cl\/portal\/wp-json\/wp\/v2\/comments?post=77799"}],"version-history":[{"count":0,"href":"https:\/\/eltrabajo.cl\/portal\/wp-json\/wp\/v2\/posts\/77799\/revisions"}],"wp:featuredmedia":[{"embeddable":true,"href":"https:\/\/eltrabajo.cl\/portal\/wp-json\/wp\/v2\/media\/77800"}],"wp:attachment":[{"href":"https:\/\/eltrabajo.cl\/portal\/wp-json\/wp\/v2\/media?parent=77799"}],"wp:term":[{"taxonomy":"category","embeddable":true,"href":"https:\/\/eltrabajo.cl\/portal\/wp-json\/wp\/v2\/categories?post=77799"},{"taxonomy":"post_tag","embeddable":true,"href":"https:\/\/eltrabajo.cl\/portal\/wp-json\/wp\/v2\/tags?post=77799"}],"curies":[{"name":"wp","href":"https:\/\/api.w.org\/{rel}","templated":true}]}}