{"id":77812,"date":"2017-03-15T06:00:17","date_gmt":"2017-03-15T10:00:17","guid":{"rendered":"http:\/\/www.eltrabajo.cl\/2017\/?p=77812"},"modified":"2017-03-15T06:00:17","modified_gmt":"2017-03-15T10:00:17","slug":"suspenden-clases-en-liceo-de-ninas-por-ratones-en-bodega-de-alimentos","status":"publish","type":"post","link":"https:\/\/eltrabajo.cl\/portal\/suspenden-clases-en-liceo-de-ninas-por-ratones-en-bodega-de-alimentos\/","title":{"rendered":"Suspenden clases en Liceo de Ni\u00f1as por ratones en bodega de alimentos"},"content":{"rendered":"<figure id=\"attachment_77814\" aria-describedby=\"caption-attachment-77814\" style=\"width: 580px\" class=\"wp-caption alignnone\"><img data-recalc-dims=\"1\" loading=\"lazy\" decoding=\"async\" class=\"size-full wp-image-77814\" src=\"https:\/\/i0.wp.com\/www.eltrabajo.cl\/portal\/wp-content\/uploads\/2017\/03\/Silva-1.jpg?resize=580%2C348\" alt=\"Iv\u00e1n Silva Padilla, Director Daem San Felipe.\" width=\"580\" height=\"348\" srcset=\"https:\/\/i0.wp.com\/eltrabajo.cl\/portal\/wp-content\/uploads\/2017\/03\/Silva-1.jpg?w=580&amp;ssl=1 580w, https:\/\/i0.wp.com\/eltrabajo.cl\/portal\/wp-content\/uploads\/2017\/03\/Silva-1.jpg?resize=200%2C120&amp;ssl=1 200w, https:\/\/i0.wp.com\/eltrabajo.cl\/portal\/wp-content\/uploads\/2017\/03\/Silva-1.jpg?resize=300%2C180&amp;ssl=1 300w, https:\/\/i0.wp.com\/eltrabajo.cl\/portal\/wp-content\/uploads\/2017\/03\/Silva-1.jpg?resize=250%2C150&amp;ssl=1 250w, https:\/\/i0.wp.com\/eltrabajo.cl\/portal\/wp-content\/uploads\/2017\/03\/Silva-1.jpg?resize=400%2C240&amp;ssl=1 400w\" sizes=\"auto, (max-width: 580px) 100vw, 580px\" \/><figcaption id=\"caption-attachment-77814\" class=\"wp-caption-text\">Iv\u00e1n Silva Padilla, Director Daem San Felipe.<\/figcaption><\/figure>\n<ul>\n<li><span style=\"color: #ff0000;\"><strong>Demoler\u00e1n bodega para erradicar la plaga:<\/strong><\/span><\/li>\n<\/ul>\n<p>Debido a la presencia de ratones en la bodega donde se guardan los alimentos, el Liceo de Ni\u00f1as Corina Urbina suspendi\u00f3 sus clases este d\u00eda martes 14 de marzo.<br \/>\nLa informaci\u00f3n fue confirmada por el director de la Daem, Iv\u00e1n Silva Padilla, quien dijo que \u00abhace una semana que hemos detectado fecas de ratones, nos ha tocado desratizar y fumigar dos veces seguidas\u00bb, sostuvo.<br \/>\nA\u00f1adi\u00f3 que es la bodega donde se guardan los alimentos, una construcci\u00f3n antigua, donde ser\u00eda que est\u00e1n los ratones, es decir las fecas que encontraron.<br \/>\n\u00abEntonces despu\u00e9s de analizar qu\u00e9 poder hacer, decid\u00ed junto con la municipalidad demoler la bodega de madera, que es antigua, y cambiar el dep\u00f3sito de los alimentos a otro lado, cerca del comedor, autorizado por el Ministerio de Salud por prevenci\u00f3n y vamos a colocar por ahora un conteiner donde vamos a guardar los alimentos, suponemos que por ah\u00ed ya no van a poder entrar ratones y podremos seguir trabajando normalmente\u00bb, indic\u00f3 Silva.<br \/>\nEl director desconoce si hay plaga o no de ratones, lo que s\u00ed puede asegurar es que el movimiento de tierra ha generado que salgan roedores por todos lados.<br \/>\n\u00abA m\u00ed lo que me interesa es que no aparezcan ratones en las bodegas de alimentos ni en los comedores de ninguna escuela, ahora lamentablemente va a seguir pasando tal vez en otras partes y voy a tener que aplicar el protocolo\u2026 desratizar y fumigar\u00bb, manifest\u00f3<br \/>\nReiter\u00f3 que en el caso del Liceo de Ni\u00f1as, debido a su envergadura, la decisi\u00f3n fue cambiar la bodega por un conteiner: \u00abEse fue el motivo por el cual suspendimos las clases s\u00f3lo por hoy d\u00eda (ayer) vamos a seguir funcionado con este bodega que est\u00e1 cerca de los comedores y que pertenece a la UTP y esperar que esto se acabe luego\u00bb, dijo.<br \/>\nEl directivo piensa que esta soluci\u00f3n que est\u00e1n aplicando es buena por el momento, mientras se construyen dependencias que est\u00e1n en un proyecto que es m\u00e1s grande pero por lo mismo m\u00e1s lento.<br \/>\nConsultado del por qu\u00e9 se da en este momento este problema, teniendo en cuenta que hubo vacaciones de verano donde se podr\u00eda haber prevenido, indic\u00f3: \u00abSe desratiz\u00f3 a principio de marzo, fue un trabajo bastante a conciencia, de hecho nos cost\u00f3 bastante caro y tambi\u00e9n se fumig\u00f3, pero lamentablemente aparecen de un d\u00eda para otro. Nosotros hemos probado dos veces la semana que pas\u00f3 y siguen apareciendo fecas\u00bb.<br \/>\nEn cuanto a la alimentaci\u00f3n indic\u00f3 que se devolv\u00eda porque no se puede hacer uso de ella bajo ning\u00fan punto de vista.<br \/>\nReiter\u00f3 que las clases fueron suspendidas s\u00f3lo por ayer martes, hoy ya se retoman las actividades en forma normal.<\/p>\n<figure id=\"attachment_77813\" aria-describedby=\"caption-attachment-77813\" style=\"width: 580px\" class=\"wp-caption alignnone\"><img data-recalc-dims=\"1\" loading=\"lazy\" decoding=\"async\" class=\"size-full wp-image-77813\" src=\"https:\/\/i0.wp.com\/www.eltrabajo.cl\/portal\/wp-content\/uploads\/2017\/03\/Liceo-1.jpg?resize=580%2C350\" alt=\"As\u00ed luc\u00eda el liceo de ni\u00f1a ayer en la ma\u00f1ana debido a que no hab\u00eda clases.\" width=\"580\" height=\"350\" srcset=\"https:\/\/i0.wp.com\/eltrabajo.cl\/portal\/wp-content\/uploads\/2017\/03\/Liceo-1.jpg?w=580&amp;ssl=1 580w, https:\/\/i0.wp.com\/eltrabajo.cl\/portal\/wp-content\/uploads\/2017\/03\/Liceo-1.jpg?resize=200%2C121&amp;ssl=1 200w, https:\/\/i0.wp.com\/eltrabajo.cl\/portal\/wp-content\/uploads\/2017\/03\/Liceo-1.jpg?resize=300%2C181&amp;ssl=1 300w, https:\/\/i0.wp.com\/eltrabajo.cl\/portal\/wp-content\/uploads\/2017\/03\/Liceo-1.jpg?resize=249%2C150&amp;ssl=1 249w, https:\/\/i0.wp.com\/eltrabajo.cl\/portal\/wp-content\/uploads\/2017\/03\/Liceo-1.jpg?resize=400%2C241&amp;ssl=1 400w\" sizes=\"auto, (max-width: 580px) 100vw, 580px\" \/><figcaption id=\"caption-attachment-77813\" class=\"wp-caption-text\">As\u00ed luc\u00eda el liceo de ni\u00f1a ayer en la ma\u00f1ana debido a que no hab\u00eda clases.<\/figcaption><\/figure>\n","protected":false},"excerpt":{"rendered":"<p>Demoler\u00e1n bodega para erradicar la plaga: Debido a la presencia de ratones en la bodega donde se guardan los alimentos, el Liceo de Ni\u00f1as Corina Urbina suspendi\u00f3 sus clases este d\u00eda martes&#8230;<\/p>\n","protected":false},"author":482,"featured_media":77813,"comment_status":"open","ping_status":"open","sticky":false,"template":"","format":"standard","meta":{"advanced_seo_description":"","jetpack_seo_html_title":"","jetpack_seo_noindex":false,"_jetpack_memberships_contains_paid_content":false,"footnotes":""},"categories":[1],"tags":[],"class_list":["post-77812","post","type-post","status-publish","format-standard","has-post-thumbnail","hentry","category-cronica"],"jetpack_featured_media_url":"https:\/\/i0.wp.com\/eltrabajo.cl\/portal\/wp-content\/uploads\/2017\/03\/Liceo-1.jpg?fit=580%2C350&ssl=1","jetpack_sharing_enabled":true,"jetpack_likes_enabled":true,"jetpack-related-posts":[],"_links":{"self":[{"href":"https:\/\/eltrabajo.cl\/portal\/wp-json\/wp\/v2\/posts\/77812","targetHints":{"allow":["GET"]}}],"collection":[{"href":"https:\/\/eltrabajo.cl\/portal\/wp-json\/wp\/v2\/posts"}],"about":[{"href":"https:\/\/eltrabajo.cl\/portal\/wp-json\/wp\/v2\/types\/post"}],"author":[{"embeddable":true,"href":"https:\/\/eltrabajo.cl\/portal\/wp-json\/wp\/v2\/users\/482"}],"replies":[{"embeddable":true,"href":"https:\/\/eltrabajo.cl\/portal\/wp-json\/wp\/v2\/comments?post=77812"}],"version-history":[{"count":0,"href":"https:\/\/eltrabajo.cl\/portal\/wp-json\/wp\/v2\/posts\/77812\/revisions"}],"wp:featuredmedia":[{"embeddable":true,"href":"https:\/\/eltrabajo.cl\/portal\/wp-json\/wp\/v2\/media\/77813"}],"wp:attachment":[{"href":"https:\/\/eltrabajo.cl\/portal\/wp-json\/wp\/v2\/media?parent=77812"}],"wp:term":[{"taxonomy":"category","embeddable":true,"href":"https:\/\/eltrabajo.cl\/portal\/wp-json\/wp\/v2\/categories?post=77812"},{"taxonomy":"post_tag","embeddable":true,"href":"https:\/\/eltrabajo.cl\/portal\/wp-json\/wp\/v2\/tags?post=77812"}],"curies":[{"name":"wp","href":"https:\/\/api.w.org\/{rel}","templated":true}]}}