{"id":77816,"date":"2017-03-15T06:01:11","date_gmt":"2017-03-15T10:01:11","guid":{"rendered":"http:\/\/www.eltrabajo.cl\/2017\/?p=77816"},"modified":"2017-03-15T06:01:11","modified_gmt":"2017-03-15T10:01:11","slug":"ola-de-robos-tiene-a-los-vecinos-de-rodillas-en-sector-de-tierras-blancas","status":"publish","type":"post","link":"https:\/\/eltrabajo.cl\/portal\/ola-de-robos-tiene-a-los-vecinos-de-rodillas-en-sector-de-tierras-blancas\/","title":{"rendered":"Ola de robos tiene a los vecinos de rodillas en sector de Tierras Blancas"},"content":{"rendered":"<figure id=\"attachment_77817\" aria-describedby=\"caption-attachment-77817\" style=\"width: 580px\" class=\"wp-caption alignnone\"><img data-recalc-dims=\"1\" loading=\"lazy\" decoding=\"async\" class=\"size-full wp-image-77817\" src=\"https:\/\/i0.wp.com\/www.eltrabajo.cl\/portal\/wp-content\/uploads\/2017\/03\/robos-Candados33-1.jpg?resize=580%2C350\" alt=\"ES EL COLMO.- Varios Candados y cadenas fueron mutilados para poder ingresar al interior de la bodega.\" width=\"580\" height=\"350\" srcset=\"https:\/\/i0.wp.com\/eltrabajo.cl\/portal\/wp-content\/uploads\/2017\/03\/robos-Candados33-1.jpg?w=580&amp;ssl=1 580w, https:\/\/i0.wp.com\/eltrabajo.cl\/portal\/wp-content\/uploads\/2017\/03\/robos-Candados33-1.jpg?resize=200%2C121&amp;ssl=1 200w, https:\/\/i0.wp.com\/eltrabajo.cl\/portal\/wp-content\/uploads\/2017\/03\/robos-Candados33-1.jpg?resize=300%2C181&amp;ssl=1 300w, https:\/\/i0.wp.com\/eltrabajo.cl\/portal\/wp-content\/uploads\/2017\/03\/robos-Candados33-1.jpg?resize=249%2C150&amp;ssl=1 249w, https:\/\/i0.wp.com\/eltrabajo.cl\/portal\/wp-content\/uploads\/2017\/03\/robos-Candados33-1.jpg?resize=400%2C241&amp;ssl=1 400w\" sizes=\"auto, (max-width: 580px) 100vw, 580px\" \/><figcaption id=\"caption-attachment-77817\" class=\"wp-caption-text\">ES EL COLMO.- Varios Candados y cadenas fueron mutilados para poder ingresar al interior de la bodega.<\/figcaption><\/figure>\n<ul>\n<li><span style=\"color: #ff0000;\"><strong>Roban $5 millones en herramientas de bodega:<\/strong><\/span><\/li>\n<\/ul>\n<p>M\u00e1s que hartos, desesperados aseguran estar varios vecinos de Chacra La Obra, en Tierras Blancas, luego que sistem\u00e1ticamente todos ellos han venido siendo v\u00edctimas de tres conocidos delincuentes del mismo sector, quienes ya est\u00e1n identificados pero que siguen en libertad pese a las denuncias que las v\u00edctimas han interpuesto ante la PDI y Carabineros.<\/p>\n<p><strong>GOLPE MILLONARIO<\/strong><br \/>\nEl \u00faltimo robo por ejemplo, fue m\u00e1s que millonario, pues los hampones golpearon fuertemente a un empresario sanfelipe\u00f1o, due\u00f1o de tres c\u00e9ntricas tiendas e importadoras de nuestra ciudad, don Javier Alegr\u00eda, quien est\u00e1 construyendo a base de trabajo y esfuerzo su casa en Tierras Blancas, \u00e9l cuenta con su bodega en donde guardaba productos para sus tiendas.<br \/>\n\u00abYa estoy desesperado con esta ola de robos. Ya me hab\u00edan robado una primera vez, contrat\u00e9 a un joven haitiano, pero \u00e9ste la semana pasada decidi\u00f3 no laborar m\u00e1s como vigilante, y en esta semana que qued\u00f3 sola mi bodega, los ladrones rompieron a patadas una pandereta que yo hab\u00eda instalado, hicieron un gran hoyo y as\u00ed ingresaron a mi propiedad\u00bb, coment\u00f3 Javier Alegr\u00eda a Diario El Trabajo.<\/p>\n<p><strong>\u2018LIMPIARON\u2019 TODO<\/strong><br \/>\nNuestro medio hizo una supervisi\u00f3n presencial de los da\u00f1os hechos por estos tres delincuentes, de quienes a\u00fan no revelaremos sus identidades. A nuestra llegada hab\u00edan candados y gruesas cadenas rotas, un gran forado en la pandereta de la propiedad y tambi\u00e9n da\u00f1os perimetrales en casas de otros vecinos.<br \/>\n\u00abMe robaron herramientas como taladros, motosierras, dos bicicletas, orilladoras y hasta un pesad\u00edsimo generador el\u00e9ctrico valorado en $500.000, adem\u00e1s de mercader\u00eda de mis tiendas. Tambi\u00e9n han robado en las otras casas de vecinos, a la PDI les dimos las identidades y direcciones de estos delincuentes, porque los conocemos, pero simplemente nada pasa\u00bb, agreg\u00f3 el empresario.<br \/>\nSeg\u00fan la informaci\u00f3n suministrada por un vecino del centro de Tierras Blancas, quien no vive en La Chacra pero que conoce bien a los delincuentes, se tratar\u00eda de tres pillos que tambi\u00e9n viven en Tierras Blancas, uno de ellos anda armado, por lo que las v\u00edctimas aseguran que s\u00f3lo usar\u00e1n sus armas de fuego s\u00f3lo si no les quedara otra opci\u00f3n, y lo peor, es que ser\u00eda el padre de los mismos ladrones quien reducir\u00eda las cosas robadas, o sea, una banda constituida, en donde el pap\u00e1 es el jefe y sus hijos y amigos de \u00e9stos quienes cometen los robos.<\/p>\n<p><strong>OTRAS VOCES<\/strong><br \/>\nDiario El Trabajo tambi\u00e9n habl\u00f3 con otras v\u00edctimas de Chacra La Obra, en Tierras Blancas, do\u00f1a Dar\u00eda Castro, quien nos coment\u00f3 que \u00aba mi casa no han podido ingresar porque yo vivo ac\u00e1 con mi familia, pero s\u00ed me han robado herramientas menores, tubos, cilindros de gas y cuanto pueden del exterior de nuestra vivienda, ya esto es el colmo\u00bb, asegur\u00f3 la vecina.<br \/>\nLos vecinos solicitaron por medio de nuestro medio a las autoridades que les den alguna soluci\u00f3n duradera a este problema de inseguridad, pues aunque ya est\u00e9n supuestamente identificados los hampones, no se sabe de captura alguna de estos sospechosos.<br \/>\n<strong>Roberto Gonz\u00e1lez Short<\/strong><\/p>\n<figure id=\"attachment_77818\" aria-describedby=\"caption-attachment-77818\" style=\"width: 580px\" class=\"wp-caption alignnone\"><img data-recalc-dims=\"1\" loading=\"lazy\" decoding=\"async\" class=\"size-full wp-image-77818\" src=\"https:\/\/i0.wp.com\/www.eltrabajo.cl\/portal\/wp-content\/uploads\/2017\/03\/robos-Herramientas28-1.jpg?resize=580%2C348\" alt=\"SIN HERRAMIENTAS.- Esta carretilla estaba cargada de herramientas, de la noche a la ma\u00f1ana dejaron paralizada la construcci\u00f3n, pues se las llevaron todas.\" width=\"580\" height=\"348\" srcset=\"https:\/\/i0.wp.com\/eltrabajo.cl\/portal\/wp-content\/uploads\/2017\/03\/robos-Herramientas28-1.jpg?w=580&amp;ssl=1 580w, https:\/\/i0.wp.com\/eltrabajo.cl\/portal\/wp-content\/uploads\/2017\/03\/robos-Herramientas28-1.jpg?resize=200%2C120&amp;ssl=1 200w, https:\/\/i0.wp.com\/eltrabajo.cl\/portal\/wp-content\/uploads\/2017\/03\/robos-Herramientas28-1.jpg?resize=300%2C180&amp;ssl=1 300w, https:\/\/i0.wp.com\/eltrabajo.cl\/portal\/wp-content\/uploads\/2017\/03\/robos-Herramientas28-1.jpg?resize=250%2C150&amp;ssl=1 250w, https:\/\/i0.wp.com\/eltrabajo.cl\/portal\/wp-content\/uploads\/2017\/03\/robos-Herramientas28-1.jpg?resize=400%2C240&amp;ssl=1 400w\" sizes=\"auto, (max-width: 580px) 100vw, 580px\" \/><figcaption id=\"caption-attachment-77818\" class=\"wp-caption-text\">SIN HERRAMIENTAS.- Esta carretilla estaba cargada de herramientas, de la noche a la ma\u00f1ana dejaron paralizada la construcci\u00f3n, pues se las llevaron todas.<\/figcaption><\/figure>\n<figure id=\"attachment_77819\" aria-describedby=\"caption-attachment-77819\" style=\"width: 580px\" class=\"wp-caption alignnone\"><img data-recalc-dims=\"1\" loading=\"lazy\" decoding=\"async\" class=\"size-full wp-image-77819\" src=\"https:\/\/i0.wp.com\/www.eltrabajo.cl\/portal\/wp-content\/uploads\/2017\/03\/robos-Pandereta33-1.jpg?resize=580%2C349\" alt=\"OLA DE ROBOS.- A patadas destruyeron esta pandereta para ingresar a su propiedad y llevarse $5 millones en herramientas y mercader\u00eda de su bodega.\" width=\"580\" height=\"349\" srcset=\"https:\/\/i0.wp.com\/eltrabajo.cl\/portal\/wp-content\/uploads\/2017\/03\/robos-Pandereta33-1.jpg?w=580&amp;ssl=1 580w, https:\/\/i0.wp.com\/eltrabajo.cl\/portal\/wp-content\/uploads\/2017\/03\/robos-Pandereta33-1.jpg?resize=200%2C120&amp;ssl=1 200w, https:\/\/i0.wp.com\/eltrabajo.cl\/portal\/wp-content\/uploads\/2017\/03\/robos-Pandereta33-1.jpg?resize=300%2C181&amp;ssl=1 300w, https:\/\/i0.wp.com\/eltrabajo.cl\/portal\/wp-content\/uploads\/2017\/03\/robos-Pandereta33-1.jpg?resize=249%2C150&amp;ssl=1 249w, https:\/\/i0.wp.com\/eltrabajo.cl\/portal\/wp-content\/uploads\/2017\/03\/robos-Pandereta33-1.jpg?resize=400%2C241&amp;ssl=1 400w\" sizes=\"auto, (max-width: 580px) 100vw, 580px\" \/><figcaption id=\"caption-attachment-77819\" class=\"wp-caption-text\">OLA DE ROBOS.- A patadas destruyeron esta pandereta para ingresar a su propiedad y llevarse $5 millones en herramientas y mercader\u00eda de su bodega.<\/figcaption><\/figure>\n","protected":false},"excerpt":{"rendered":"<p>Roban $5 millones en herramientas de bodega: M\u00e1s que hartos, desesperados aseguran estar varios vecinos de Chacra La Obra, en Tierras Blancas, luego que sistem\u00e1ticamente todos ellos han venido siendo v\u00edctimas de&#8230;<\/p>\n","protected":false},"author":482,"featured_media":77818,"comment_status":"open","ping_status":"open","sticky":false,"template":"","format":"standard","meta":{"advanced_seo_description":"","jetpack_seo_html_title":"","jetpack_seo_noindex":false,"_jetpack_memberships_contains_paid_content":false,"footnotes":""},"categories":[15],"tags":[],"class_list":["post-77816","post","type-post","status-publish","format-standard","has-post-thumbnail","hentry","category-comunidad"],"jetpack_featured_media_url":"https:\/\/i0.wp.com\/eltrabajo.cl\/portal\/wp-content\/uploads\/2017\/03\/robos-Herramientas28-1.jpg?fit=580%2C348&ssl=1","jetpack_sharing_enabled":true,"jetpack_likes_enabled":true,"jetpack-related-posts":[],"_links":{"self":[{"href":"https:\/\/eltrabajo.cl\/portal\/wp-json\/wp\/v2\/posts\/77816","targetHints":{"allow":["GET"]}}],"collection":[{"href":"https:\/\/eltrabajo.cl\/portal\/wp-json\/wp\/v2\/posts"}],"about":[{"href":"https:\/\/eltrabajo.cl\/portal\/wp-json\/wp\/v2\/types\/post"}],"author":[{"embeddable":true,"href":"https:\/\/eltrabajo.cl\/portal\/wp-json\/wp\/v2\/users\/482"}],"replies":[{"embeddable":true,"href":"https:\/\/eltrabajo.cl\/portal\/wp-json\/wp\/v2\/comments?post=77816"}],"version-history":[{"count":0,"href":"https:\/\/eltrabajo.cl\/portal\/wp-json\/wp\/v2\/posts\/77816\/revisions"}],"wp:featuredmedia":[{"embeddable":true,"href":"https:\/\/eltrabajo.cl\/portal\/wp-json\/wp\/v2\/media\/77818"}],"wp:attachment":[{"href":"https:\/\/eltrabajo.cl\/portal\/wp-json\/wp\/v2\/media?parent=77816"}],"wp:term":[{"taxonomy":"category","embeddable":true,"href":"https:\/\/eltrabajo.cl\/portal\/wp-json\/wp\/v2\/categories?post=77816"},{"taxonomy":"post_tag","embeddable":true,"href":"https:\/\/eltrabajo.cl\/portal\/wp-json\/wp\/v2\/tags?post=77816"}],"curies":[{"name":"wp","href":"https:\/\/api.w.org\/{rel}","templated":true}]}}