{"id":77821,"date":"2017-03-15T06:02:21","date_gmt":"2017-03-15T10:02:21","guid":{"rendered":"http:\/\/www.eltrabajo.cl\/2017\/?p=77821"},"modified":"2017-03-15T06:02:21","modified_gmt":"2017-03-15T10:02:21","slug":"moderno-ecografo-de-alta-resolucion-para-cesfam-segismundo-iturra","status":"publish","type":"post","link":"https:\/\/eltrabajo.cl\/portal\/moderno-ecografo-de-alta-resolucion-para-cesfam-segismundo-iturra\/","title":{"rendered":"Moderno ec\u00f3grafo de alta resoluci\u00f3n para Cesfam Segismundo Iturra"},"content":{"rendered":"<figure id=\"attachment_77822\" aria-describedby=\"caption-attachment-77822\" style=\"width: 580px\" class=\"wp-caption alignnone\"><img data-recalc-dims=\"1\" loading=\"lazy\" decoding=\"async\" class=\"size-full wp-image-77822\" src=\"https:\/\/i0.wp.com\/www.eltrabajo.cl\/portal\/wp-content\/uploads\/2017\/03\/ecografo-1.jpg?resize=580%2C350\" alt=\"El nuevo aparato pone al Cesfam Iturra a la altura de los centros privados.\" width=\"580\" height=\"350\" srcset=\"https:\/\/i0.wp.com\/eltrabajo.cl\/portal\/wp-content\/uploads\/2017\/03\/ecografo-1.jpg?w=580&amp;ssl=1 580w, https:\/\/i0.wp.com\/eltrabajo.cl\/portal\/wp-content\/uploads\/2017\/03\/ecografo-1.jpg?resize=200%2C121&amp;ssl=1 200w, https:\/\/i0.wp.com\/eltrabajo.cl\/portal\/wp-content\/uploads\/2017\/03\/ecografo-1.jpg?resize=300%2C181&amp;ssl=1 300w, https:\/\/i0.wp.com\/eltrabajo.cl\/portal\/wp-content\/uploads\/2017\/03\/ecografo-1.jpg?resize=249%2C150&amp;ssl=1 249w, https:\/\/i0.wp.com\/eltrabajo.cl\/portal\/wp-content\/uploads\/2017\/03\/ecografo-1.jpg?resize=400%2C241&amp;ssl=1 400w\" sizes=\"auto, (max-width: 580px) 100vw, 580px\" \/><figcaption id=\"caption-attachment-77822\" class=\"wp-caption-text\">El nuevo aparato pone al Cesfam Iturra a la altura de los centros privados.<\/figcaption><\/figure>\n<p>Un ec\u00f3grafo de \u00faltima generaci\u00f3n, de alta resoluci\u00f3n, que permite hacer diagn\u00f3sticos precoces y derivaciones m\u00e1s oportunas al Hospital San Camilo, incorpor\u00f3 el Cesfam Segismundo Iturra este a\u00f1o 2017, favoreciendo a sus usuarias embarazadas principalmente, aun cuando tambi\u00e9n se puede utilizar para realizar otro tipo de diagn\u00f3sticos.<br \/>\nSe trata de una adquisici\u00f3n que coloca al centro de salud familiar dependiente de la Red de Salud Municipal de San Felipe, a la altura de los grandes centros de salud privados, lo que ha sido valorado por las mismas usuarias, quienes han expresado enorme satisfacci\u00f3n por la modernizaci\u00f3n del equipamiento del Cesfam.<br \/>\nRina Torres Le\u00f3n, es matrona del Cesfam Segismundo Iturra y seg\u00fan coment\u00f3, el 10 de enero se incorpor\u00f3 este ec\u00f3grafo que viene a reemplazar el anterior equipo que se usaba desde hace ocho a\u00f1os. Explic\u00f3 que en el establecimiento de salud cuentan con profesionales preparados para la utilizaci\u00f3n de este moderno equipo.<br \/>\n\u201cEste es un Samsung Modelo R7 y en el Cesfam hay dos matronas que estamos capacitadas para su uso, as\u00ed como un ginec\u00f3logo que nos ayuda mucho a hacer un diagn\u00f3stico oportuno y hacer las derivaciones. Las usuarias se van muy contentas por la calidad del equipo, por la calidad de las im\u00e1genes, porque podemos visualizar precozmente y nos podemos comparar con los equipos del sistema privado\u201d, se\u00f1al\u00f3 la profesional.<br \/>\nExplic\u00f3 que a la fecha han pesquisado translucencias nucales, que pudieran deberse a patolog\u00edas como S\u00edndrome de Down o cardiopat\u00edas, por lo que la realizaci\u00f3n de ex\u00e1menes con este equipo permite una derivaci\u00f3n oportuna.<br \/>\nEn este sentido, el Alcalde Patricio Freire manifest\u00f3 que el a\u00f1o pasado el equipo del Cesfam Segismundo Iturra Taito, solicit\u00f3 al Concejo Municipal la inyecci\u00f3n de recursos para adquirir este nuevo ec\u00f3grafo. \u201cEst\u00e1bamos con un ec\u00f3grafo obsoleto y por lo tanto, se aprobaron los recursos que se necesitaban. As\u00ed es que hoy estamos dando el vamos a un nuevo ec\u00f3grafo, por lo que estamos muy contentos, ya que esto significa mucho para las mam\u00e1s y para todos los usuarios del Cesfam. Existe un compromiso de fortalecer la salud municipal, pues sabemos que este tipo de inversiones dignifica la atenci\u00f3n, que es una de nuestras mayores inquietudes\u201d, se\u00f1al\u00f3 el jefe comunal.<br \/>\nLa autoridad finalmente resalt\u00f3 la importancia de continuar trabajando en la idea de fortalecer y atender los requerimientos en materia de salud municipal, donde seg\u00fan dijo, la modernizaci\u00f3n y la incorporaci\u00f3n de nuevas tecnolog\u00edas refuerza y favorece los esfuerzos que despliegan d\u00eda a d\u00eda todos quienes se desempe\u00f1an en este establecimiento.<\/p>\n","protected":false},"excerpt":{"rendered":"<p>Un ec\u00f3grafo de \u00faltima generaci\u00f3n, de alta resoluci\u00f3n, que permite hacer diagn\u00f3sticos precoces y derivaciones m\u00e1s oportunas al Hospital San Camilo, incorpor\u00f3 el Cesfam Segismundo Iturra este a\u00f1o 2017, favoreciendo a sus&#8230;<\/p>\n","protected":false},"author":482,"featured_media":77822,"comment_status":"open","ping_status":"open","sticky":false,"template":"","format":"standard","meta":{"advanced_seo_description":"","jetpack_seo_html_title":"","jetpack_seo_noindex":false,"_jetpack_memberships_contains_paid_content":false,"footnotes":""},"categories":[1],"tags":[],"class_list":["post-77821","post","type-post","status-publish","format-standard","has-post-thumbnail","hentry","category-cronica"],"jetpack_featured_media_url":"https:\/\/i0.wp.com\/eltrabajo.cl\/portal\/wp-content\/uploads\/2017\/03\/ecografo-1.jpg?fit=580%2C350&ssl=1","jetpack_sharing_enabled":true,"jetpack_likes_enabled":true,"jetpack-related-posts":[],"_links":{"self":[{"href":"https:\/\/eltrabajo.cl\/portal\/wp-json\/wp\/v2\/posts\/77821","targetHints":{"allow":["GET"]}}],"collection":[{"href":"https:\/\/eltrabajo.cl\/portal\/wp-json\/wp\/v2\/posts"}],"about":[{"href":"https:\/\/eltrabajo.cl\/portal\/wp-json\/wp\/v2\/types\/post"}],"author":[{"embeddable":true,"href":"https:\/\/eltrabajo.cl\/portal\/wp-json\/wp\/v2\/users\/482"}],"replies":[{"embeddable":true,"href":"https:\/\/eltrabajo.cl\/portal\/wp-json\/wp\/v2\/comments?post=77821"}],"version-history":[{"count":0,"href":"https:\/\/eltrabajo.cl\/portal\/wp-json\/wp\/v2\/posts\/77821\/revisions"}],"wp:featuredmedia":[{"embeddable":true,"href":"https:\/\/eltrabajo.cl\/portal\/wp-json\/wp\/v2\/media\/77822"}],"wp:attachment":[{"href":"https:\/\/eltrabajo.cl\/portal\/wp-json\/wp\/v2\/media?parent=77821"}],"wp:term":[{"taxonomy":"category","embeddable":true,"href":"https:\/\/eltrabajo.cl\/portal\/wp-json\/wp\/v2\/categories?post=77821"},{"taxonomy":"post_tag","embeddable":true,"href":"https:\/\/eltrabajo.cl\/portal\/wp-json\/wp\/v2\/tags?post=77821"}],"curies":[{"name":"wp","href":"https:\/\/api.w.org\/{rel}","templated":true}]}}