{"id":77829,"date":"2017-03-15T06:04:48","date_gmt":"2017-03-15T10:04:48","guid":{"rendered":"http:\/\/www.eltrabajo.cl\/2017\/?p=77829"},"modified":"2017-03-15T06:04:48","modified_gmt":"2017-03-15T10:04:48","slug":"el-pequeno-nicolas-collao-podra-por-fin-caminar-nuevamente","status":"publish","type":"post","link":"https:\/\/eltrabajo.cl\/portal\/el-pequeno-nicolas-collao-podra-por-fin-caminar-nuevamente\/","title":{"rendered":"El peque\u00f1o Nicol\u00e1s Collao podr\u00e1 por fin caminar nuevamente"},"content":{"rendered":"<figure id=\"attachment_77830\" aria-describedby=\"caption-attachment-77830\" style=\"width: 580px\" class=\"wp-caption alignnone\"><img data-recalc-dims=\"1\" loading=\"lazy\" decoding=\"async\" class=\"size-full wp-image-77830\" src=\"https:\/\/i0.wp.com\/www.eltrabajo.cl\/portal\/wp-content\/uploads\/2017\/03\/NICOLAS-Familiar33-1.jpg?resize=580%2C348\" alt=\"SIGAMOS DONANDO.- Los interesados en unirse a esta campa\u00f1a solidaria para ayudar a Nicol\u00e1s, pueden depositar en la Cuenta Rut. de Roberto Collao Valencia N\u00ba 12.401.174-4, tambi\u00e9n pueden llamar al 94709 1195.\" width=\"580\" height=\"348\" srcset=\"https:\/\/i0.wp.com\/eltrabajo.cl\/portal\/wp-content\/uploads\/2017\/03\/NICOLAS-Familiar33-1.jpg?w=580&amp;ssl=1 580w, https:\/\/i0.wp.com\/eltrabajo.cl\/portal\/wp-content\/uploads\/2017\/03\/NICOLAS-Familiar33-1.jpg?resize=200%2C120&amp;ssl=1 200w, https:\/\/i0.wp.com\/eltrabajo.cl\/portal\/wp-content\/uploads\/2017\/03\/NICOLAS-Familiar33-1.jpg?resize=300%2C180&amp;ssl=1 300w, https:\/\/i0.wp.com\/eltrabajo.cl\/portal\/wp-content\/uploads\/2017\/03\/NICOLAS-Familiar33-1.jpg?resize=250%2C150&amp;ssl=1 250w, https:\/\/i0.wp.com\/eltrabajo.cl\/portal\/wp-content\/uploads\/2017\/03\/NICOLAS-Familiar33-1.jpg?resize=400%2C240&amp;ssl=1 400w\" sizes=\"auto, (max-width: 580px) 100vw, 580px\" \/><figcaption id=\"caption-attachment-77830\" class=\"wp-caption-text\">SIGAMOS DONANDO.- Los interesados en unirse a esta campa\u00f1a solidaria para ayudar a Nicol\u00e1s, pueden depositar en la Cuenta Rut. de Roberto Collao Valencia N\u00ba 12.401.174-4, tambi\u00e9n pueden llamar al 94709 1195.<\/figcaption><\/figure>\n<ul>\n<li><span style=\"color: #ff0000;\"><strong>Servicio de Salud Aconcagua compra neuroestimulador:<\/strong><\/span><\/li>\n<\/ul>\n<p>Campa\u00f1a de Diario El Trabajo determin\u00f3 la respuesta de nuestros lectores y autoridades municipales, para que un ni\u00f1o sanfelipe\u00f1o reencuentre su camino a la senda que lo llevar\u00e1 a conquistar sus sue\u00f1os.<br \/>\nLuego que Diario El Trabajo iniciara hace unas semanas una solidaria campa\u00f1a medi\u00e1tica para apoyar los esfuerzos de una familia sanfelipe\u00f1a en busca de recaudar los $25 millones que dar\u00e1n al peque\u00f1ito Nicol\u00e1s Collao, de 8 a\u00f1os, la oportunidad de poder recuperar su movilidad cuando le instalen un neuroestimulador dentro de su pecho y cerebro, la respuesta de los aconcag\u00fcinos no se hizo esperar, ya que en tan solo unos pocos d\u00edas ya se han recaudado $5.200.000 (Cinco millones doscientos mil pesos).<\/p>\n<p><strong>ACTO SOLIDARIO<\/strong><br \/>\nSin embargo, la noticia m\u00e1s alentadora durante esta campa\u00f1a solidaria por el peque\u00f1o Nicol\u00e1s es la que a su madre, do\u00f1a Karina Villarroel, le dieron v\u00eda telef\u00f3nica hace pocas horas por parte del Servicio de Salud Aconcagua, como es la adquisici\u00f3n de tan preciado aparato por parte de la entidad de salud.<br \/>\n<strong>&#8211; \u00bfC\u00f3mo se enter\u00f3 usted que el Servicio de Salud asumir\u00e1 el pago de este millonario dispositivo?<\/strong><br \/>\n&#8211; No lo pod\u00eda creer, s\u00f3lo atin\u00e9 a llorar, ni pod\u00eda responder cuando me explicaron del Servicio de Salud que ya hab\u00edan ya cotizado el neuroestimulador que mi hijo necesita para poder volver a caminar, estoy muy agradecida con las autoridades porque son 25 millones de pesos los que me est\u00e1n dando para sacar adelante a nuestro Nicol\u00e1s.<br \/>\n<strong>&#8211; \u00bfQu\u00e9 le explicaron en esa llamada?<\/strong><br \/>\n&#8211; Me explicaron que fu\u00e9ramos al Hospital San Borja, de Santiago, para que nos hicieran los ex\u00e1menes finales y que nos dieran hora para la operaci\u00f3n. Cuando llegamos al hospital efectivamente nos programaron la fecha, que ser\u00e1 este lunes 20 de marzo.<br \/>\n<strong>&#8211; \u00bfEs muy compleja esta operaci\u00f3n y rehabilitaci\u00f3n?<\/strong><br \/>\n&#8211; S\u00ed. Es una operaci\u00f3n que dura entre seis y doce horas, luego ser\u00e1n como dos semanas de recuperaci\u00f3n, hasta que podamos verlo de nuevo caminando y riendo entre nosotros, eso es lo que esperamos todos.<\/p>\n<p><strong>PODR\u00c9 CAMINAR<\/strong><br \/>\n\u00abEstoy muy contento, las personas me est\u00e1n apoyando mucho, creo que s\u00ed podr\u00e9 volver a caminar y moverme bien, para jugar con mis amiguitos y dejar por fin esta silla de ruedas. Me dijo mi pap\u00e1 que ya me operar\u00e1n, s\u00e9 que volver\u00e9 a caminar, s\u00e9 que podr\u00e9 volver a correr y a crecer jugando, tengo un poquito de miedo, pero s\u00e9 que tengo que recibir este aparato para caminar. Gracias por este regalo tan especial para m\u00ed\u00bb, dijo emocionado el peque\u00f1o de apenas ocho a\u00f1os.<br \/>\nNicol\u00e1s Collao Villarroel es un vecino de Villa El Se\u00f1orial que desde hace tres a\u00f1os sufre de una enfermedad que poco a poco lo est\u00e1 paralizando y convirtiendo en un rollo de m\u00fasculos contra\u00eddos involuntariamente, lo que irremediablemente representar\u00e1 una par\u00e1lisis total si no se le interviene cl\u00ednicamente.<\/p>\n<p><strong>\u00bfQU\u00c9 MAL SUFRE?<\/strong><br \/>\nEl mal que sufre este ni\u00f1o sanfelipe\u00f1o es la enfermedad llamada Diston\u00eda, un trastorno del movimiento que causa contracciones involuntarias de los m\u00fasculos. Estas contracciones resultan en torsiones y movimientos repetitivos y algunas veces son dolorosos. Este mal ya tiene al peque\u00f1o Nicol\u00e1s en silla de ruedas y hasta sus alimentos se los tienen que servir en la boca. Como a muchos pacientes de este mal, a Nicol\u00e1s los s\u00edntomas comenzaron en su etapa de la infancia, aunque tambi\u00e9n pueden comenzar al final de la adolescencia o en la edad adulta temprana, en palabra simples, lo que este amiguito sufre es un s\u00edndrome neurol\u00f3gico incapacitante, el que afecta su sistema muscular.<\/p>\n<p><strong>ALCALDE FREIRE<\/strong><br \/>\nSeg\u00fan informaci\u00f3n que manejamos en Diario El Trabajo, el Municipio hab\u00eda estado gestionando con las autoridades de Salud para manejar la posibilidad de que las autoridades intervengan en este caso especial para que el Ministerio de Salud asumiera un rol protag\u00f3nico en la parte econ\u00f3mica, cosa que aconteci\u00f3.<br \/>\n\u00abDesde que nos enteramos del problema que el peque\u00f1o Nicol\u00e1s sufre, yo he iniciado conversaciones con la directora del Servicio de Salud Vilma Olave, para ver de qu\u00e9 manera podemos intervenir en este caso, a fin de ayudar de la mejor manera en su caso, es un ni\u00f1o al que la vida le tiene reservadas muchas y grandes oportunidades para crecer sano, por eso tambi\u00e9n muy pronto tendremos una respuesta positiva, en eso estuvimos trabajando con el Dideco. Finalmente logramos cotizar el dispositivo, en este caso entendemos se compr\u00f3 uno de los m\u00e1s caros y efectivos que existen, para que sea recargable, as\u00ed Nicol\u00e1s no tendr\u00eda que estar siendo sometido a recurrentes operaciones cuando la pila se descargue\u00bb, dijo Freire.<br \/>\nLa campa\u00f1a contin\u00faa, pues quedar\u00e1 la deuda del hospital. Los interesados en unirse a esta campa\u00f1a solidaria para ayudar a Nicol\u00e1s, pueden depositar en la Cuenta Rut. de Roberto Collao Valencia N\u00ba 12.401.174-4.<br \/>\n<strong>Roberto Gonz\u00e1lez Short<\/strong><\/p>\n","protected":false},"excerpt":{"rendered":"<p>Servicio de Salud Aconcagua compra neuroestimulador: Campa\u00f1a de Diario El Trabajo determin\u00f3 la respuesta de nuestros lectores y autoridades municipales, para que un ni\u00f1o sanfelipe\u00f1o reencuentre su camino a la senda que&#8230;<\/p>\n","protected":false},"author":482,"featured_media":77830,"comment_status":"open","ping_status":"open","sticky":false,"template":"","format":"standard","meta":{"advanced_seo_description":"","jetpack_seo_html_title":"","jetpack_seo_noindex":false,"_jetpack_memberships_contains_paid_content":false,"footnotes":""},"categories":[15],"tags":[],"class_list":["post-77829","post","type-post","status-publish","format-standard","has-post-thumbnail","hentry","category-comunidad"],"jetpack_featured_media_url":"https:\/\/i0.wp.com\/eltrabajo.cl\/portal\/wp-content\/uploads\/2017\/03\/NICOLAS-Familiar33-1.jpg?fit=580%2C348&ssl=1","jetpack_sharing_enabled":true,"jetpack_likes_enabled":true,"jetpack-related-posts":[],"_links":{"self":[{"href":"https:\/\/eltrabajo.cl\/portal\/wp-json\/wp\/v2\/posts\/77829","targetHints":{"allow":["GET"]}}],"collection":[{"href":"https:\/\/eltrabajo.cl\/portal\/wp-json\/wp\/v2\/posts"}],"about":[{"href":"https:\/\/eltrabajo.cl\/portal\/wp-json\/wp\/v2\/types\/post"}],"author":[{"embeddable":true,"href":"https:\/\/eltrabajo.cl\/portal\/wp-json\/wp\/v2\/users\/482"}],"replies":[{"embeddable":true,"href":"https:\/\/eltrabajo.cl\/portal\/wp-json\/wp\/v2\/comments?post=77829"}],"version-history":[{"count":0,"href":"https:\/\/eltrabajo.cl\/portal\/wp-json\/wp\/v2\/posts\/77829\/revisions"}],"wp:featuredmedia":[{"embeddable":true,"href":"https:\/\/eltrabajo.cl\/portal\/wp-json\/wp\/v2\/media\/77830"}],"wp:attachment":[{"href":"https:\/\/eltrabajo.cl\/portal\/wp-json\/wp\/v2\/media?parent=77829"}],"wp:term":[{"taxonomy":"category","embeddable":true,"href":"https:\/\/eltrabajo.cl\/portal\/wp-json\/wp\/v2\/categories?post=77829"},{"taxonomy":"post_tag","embeddable":true,"href":"https:\/\/eltrabajo.cl\/portal\/wp-json\/wp\/v2\/tags?post=77829"}],"curies":[{"name":"wp","href":"https:\/\/api.w.org\/{rel}","templated":true}]}}