{"id":77876,"date":"2017-02-07T07:33:34","date_gmt":"2017-02-07T11:33:34","guid":{"rendered":"http:\/\/www.eltrabajo.cl\/2017\/?p=77126"},"modified":"2017-02-07T07:33:34","modified_gmt":"2017-02-07T11:33:34","slug":"alcalde-confirmo-que-el-municipal-sera-sometido-a-intensa-manito-de-gato","status":"publish","type":"post","link":"https:\/\/eltrabajo.cl\/portal\/alcalde-confirmo-que-el-municipal-sera-sometido-a-intensa-manito-de-gato\/","title":{"rendered":"Alcalde confirm\u00f3 que el Municipal ser\u00e1 sometido a intensa \u2018manito de gato\u2019"},"content":{"rendered":"<figure id=\"attachment_77127\" aria-describedby=\"caption-attachment-77127\" style=\"width: 580px\" class=\"wp-caption alignnone\"><img data-recalc-dims=\"1\" loading=\"lazy\" decoding=\"async\" class=\"size-full wp-image-77127\" src=\"https:\/\/i0.wp.com\/www.eltrabajo.cl\/2017\/wp-content\/uploads\/2017\/02\/visita-del-alcalde-al-complejo-del-uni.jpg?resize=580%2C348\" alt=\"Durante la visita al Complejo del Un\u00ed, el alcalde Freire dio a conocer la buena nueva de que el Estadio Municipal ser\u00e1 objeto de importantes mejoras.\" width=\"580\" height=\"348\" \/><figcaption id=\"caption-attachment-77127\" class=\"wp-caption-text\">Durante la visita al Complejo del Un\u00ed, el alcalde Freire dio a conocer la buena nueva de que el Estadio Municipal ser\u00e1 objeto de importantes mejoras.<\/figcaption><\/figure>\n<p>Durante una visita realizada la ma\u00f1ana del viernes pasado al Complejo Deportivo de Uni\u00f3n San Felipe, el alcalde Patricio Freire, realiz\u00f3 un importante anuncio respecto a unas mejoras a las que ser\u00e1 sometido el estadio Municipal. \u00abUno de los proyectos que nos motiva y nos mueve muy fuerte es mejorar el reducto de la avenida Maip\u00fa, porque si bien es cierto contaremos con un estadio nuevo, tambi\u00e9n queremos que el Municipal quede de primer orden, para que quienes lo ocupen puedan hacerlo en un lugar de categor\u00eda\u00bb, dijo la primera autoridad comunal a los medios que llegaron hasta el lugar de entrenamiento del Un\u00ed Un\u00ed.<br \/>\nCarlos Paredes, jefe de la Secplac del municipio sanfelipe\u00f1o, se refiri\u00f3 m\u00e1s en profundidad al proyecto con el cual se pretende subir los est\u00e1ndares del Estadio Municipal. \u00abM\u00e1s que soluciones parches, el alcalde nos instruy\u00f3 en algo de fondo , entonces habr\u00e1 un dise\u00f1o estructural y una inversi\u00f3n en las galer\u00edas, posteriormente se mejorar\u00e1 la iluminaci\u00f3n y la seguridad, porque queremos dar una imagen de estadio moderno como es el que todos los sanfelipe\u00f1os queremos, por lo tanto se ir\u00e1 trabajando de manera progresiva y por etapas, para que en un plazo de un a\u00f1o y medio podamos tener un recinto mejorado que cumpla con todos los requisitos que requiere el f\u00fatbol profesional y que por cierto se merece la ciudad de San Felipe\u00bb, inform\u00f3 Paredes.<\/p>\n","protected":false},"excerpt":{"rendered":"<p>Durante una visita realizada la ma\u00f1ana del viernes pasado al Complejo Deportivo de Uni\u00f3n San Felipe, el alcalde Patricio Freire, realiz\u00f3 un importante anuncio respecto a unas mejoras a las que ser\u00e1&#8230;<\/p>\n","protected":false},"author":1,"featured_media":0,"comment_status":"open","ping_status":"open","sticky":false,"template":"","format":"standard","meta":{"advanced_seo_description":"","jetpack_seo_html_title":"","jetpack_seo_noindex":false,"_jetpack_memberships_contains_paid_content":false,"footnotes":""},"categories":[1],"tags":[],"class_list":["post-77876","post","type-post","status-publish","format-standard","hentry","category-cronica"],"jetpack_featured_media_url":"","jetpack_sharing_enabled":true,"jetpack_likes_enabled":true,"jetpack-related-posts":[],"_links":{"self":[{"href":"https:\/\/eltrabajo.cl\/portal\/wp-json\/wp\/v2\/posts\/77876","targetHints":{"allow":["GET"]}}],"collection":[{"href":"https:\/\/eltrabajo.cl\/portal\/wp-json\/wp\/v2\/posts"}],"about":[{"href":"https:\/\/eltrabajo.cl\/portal\/wp-json\/wp\/v2\/types\/post"}],"author":[{"embeddable":true,"href":"https:\/\/eltrabajo.cl\/portal\/wp-json\/wp\/v2\/users\/1"}],"replies":[{"embeddable":true,"href":"https:\/\/eltrabajo.cl\/portal\/wp-json\/wp\/v2\/comments?post=77876"}],"version-history":[{"count":0,"href":"https:\/\/eltrabajo.cl\/portal\/wp-json\/wp\/v2\/posts\/77876\/revisions"}],"wp:attachment":[{"href":"https:\/\/eltrabajo.cl\/portal\/wp-json\/wp\/v2\/media?parent=77876"}],"wp:term":[{"taxonomy":"category","embeddable":true,"href":"https:\/\/eltrabajo.cl\/portal\/wp-json\/wp\/v2\/categories?post=77876"},{"taxonomy":"post_tag","embeddable":true,"href":"https:\/\/eltrabajo.cl\/portal\/wp-json\/wp\/v2\/tags?post=77876"}],"curies":[{"name":"wp","href":"https:\/\/api.w.org\/{rel}","templated":true}]}}