{"id":77890,"date":"2017-03-20T06:00:02","date_gmt":"2017-03-20T10:00:02","guid":{"rendered":"http:\/\/www.eltrabajo.cl\/2017\/?p=77890"},"modified":"2017-03-20T06:00:02","modified_gmt":"2017-03-20T10:00:02","slug":"ministerio-de-bienes-nacionales-decidira-hoy-destino-de-fundo-la-pena","status":"publish","type":"post","link":"https:\/\/eltrabajo.cl\/portal\/ministerio-de-bienes-nacionales-decidira-hoy-destino-de-fundo-la-pena\/","title":{"rendered":"Ministerio de Bienes Nacionales decidir\u00e1 hoy destino de Fundo La Pe\u00f1a"},"content":{"rendered":"<figure id=\"attachment_77891\" aria-describedby=\"caption-attachment-77891\" style=\"width: 580px\" class=\"wp-caption alignnone\"><img data-recalc-dims=\"1\" loading=\"lazy\" decoding=\"async\" class=\"size-full wp-image-77891\" src=\"https:\/\/i0.wp.com\/www.eltrabajo.cl\/portal\/wp-content\/uploads\/2017\/03\/fundo-la-pe%C3%B1a-1.jpg?resize=580%2C350\" alt=\"Las autoridades junto a vecinos de Curim\u00f3n, durante la reuni\u00f3n este viernes en la tarde.\" width=\"580\" height=\"350\" srcset=\"https:\/\/i0.wp.com\/eltrabajo.cl\/portal\/wp-content\/uploads\/2017\/03\/fundo-la-pe%C3%B1a-1.jpg?w=580&amp;ssl=1 580w, https:\/\/i0.wp.com\/eltrabajo.cl\/portal\/wp-content\/uploads\/2017\/03\/fundo-la-pe%C3%B1a-1.jpg?resize=200%2C121&amp;ssl=1 200w, https:\/\/i0.wp.com\/eltrabajo.cl\/portal\/wp-content\/uploads\/2017\/03\/fundo-la-pe%C3%B1a-1.jpg?resize=300%2C181&amp;ssl=1 300w, https:\/\/i0.wp.com\/eltrabajo.cl\/portal\/wp-content\/uploads\/2017\/03\/fundo-la-pe%C3%B1a-1.jpg?resize=249%2C150&amp;ssl=1 249w, https:\/\/i0.wp.com\/eltrabajo.cl\/portal\/wp-content\/uploads\/2017\/03\/fundo-la-pe%C3%B1a-1.jpg?resize=400%2C241&amp;ssl=1 400w\" sizes=\"auto, (max-width: 580px) 100vw, 580px\" \/><figcaption id=\"caption-attachment-77891\" class=\"wp-caption-text\">Las autoridades junto a vecinos de Curim\u00f3n, durante la reuni\u00f3n este viernes en la tarde.<\/figcaption><\/figure>\n<p>La comunidad de Curim\u00f3n y en especial la directiva de la Junta de Adelanto de esa localidad, quedaron muy conformes tras la reuni\u00f3n que sostuvieron con las autoridades este viernes en la tarde en Fundo La Pe\u00f1a, para ver los destinos de ese lugar, especialmente porque al finalizar la cita se supo que este lunes a las cinco de la tarde ser\u00e1n recibidos en Santiago por la ministra de Bienes Nacionales, Nivia Palma.<br \/>\nEl dirigente de la Junta de Adelanto, Ricardo Figueroa, dijo que \u00abahora sentimos una mejor acogida por parte de las autoridades locales, era lo que esper\u00e1bamos; el se\u00f1or alcalde est\u00e1 dispuesto cien por ciento a hacer lo que la comunidad le est\u00e1 solicitando, el diputado N\u00fa\u00f1ez hizo los contactos y este lunes (hoy) a las cinco de la tarde tenemos una reuni\u00f3n con la Ministra de Bienes Nacionales para ver los destinos del fundo La Pe\u00f1a\u00bb, dijo Figueroa.<br \/>\nA\u00f1adi\u00f3 que ellos est\u00e1n solicitando Fundo La Pe\u00f1a para poder dotar de un recinto deportivo al Valle Aconcagua, no solamente para Curim\u00f3n sino para San Felipe, Los Andes etc., \u00abes decir para la futura regi\u00f3n de Cordillera un recinto deportivo para practicar todas las disciplinas deportivas\u2026 ese es nuestro norte\u00bb, indic\u00f3.<br \/>\n<strong>&#8211; \u00bfEst\u00e1 ese proyecto en carpeta?<\/strong><br \/>\n&#8211; Estamos reci\u00e9n empezando, esperamos que Bienes Nacionales pase los terrenos al municipio de San Felipe y ah\u00ed postular los diferentes proyectos para las diferentes disciplinas deportivas para ver que se va ir ocupando el terreno de a poco para llegar a dejar todo completo como se espera y en plazo que sea lo m\u00e1s r\u00e1pido que se pueda.<br \/>\nEn la reuni\u00f3n estuvieron presentes autoridades locales, provinciales, parlamentarias, vecinos del sector.<\/p>\n<p><strong>LA C\u00c1RCEL<\/strong><br \/>\nRecordar que la \u00faltima reuni\u00f3n se realiz\u00f3 debido a que se pensaba instalar en ese lugar una c\u00e1rcel abierta por parte de Gendarmer\u00eda, sin embargo los vecinos, tras ser alertados en un medio de comunicaci\u00f3n como fue Radio Aconcagua, se reunieron r\u00e1pidamente con las autoridades, quienes en definitiva abortaron tal decisi\u00f3n dejando tal como estaban esos terrenos.<br \/>\nEn ese momento la autoridad local se hab\u00eda comprometido a presentar un proyecto deportivo para el lugar, pero hasta el momento no ha pasado nada hasta ahora, que nuevamente la comunidad es que hace cobrar vigencia nuevamente sobre el uso que debe darse a ese fundo.<br \/>\nSe\u00f1alar que el fundo La Pe\u00f1a est\u00e1 inscrito en el Conservador de Bienes Ra\u00edces a nombre del fisco de Chile, es una propiedad que ese ministerio tiene que administrar.<br \/>\nEn la actualidad en el lugar est\u00e1n funcionando un club deportivo con cancha de f\u00fatbol, quienes hace varios a\u00f1os tienen en comodato parte del terreno, adem\u00e1s de un club de tiro.<br \/>\nEn tanto, Bienes Nacionales arrend\u00f3 hace alg\u00fan tiempo a un particular, parte de estos terrenos que colindan con el R\u00edo Aconcagua para la extracci\u00f3n de \u00e1ridos en el lugar, y por \u00faltimo el funcionamiento de los pozos que fueron construidos en el lugar por la DOH para la extracci\u00f3n de agua.<\/p>\n","protected":false},"excerpt":{"rendered":"<p>La comunidad de Curim\u00f3n y en especial la directiva de la Junta de Adelanto de esa localidad, quedaron muy conformes tras la reuni\u00f3n que sostuvieron con las autoridades este viernes en la&#8230;<\/p>\n","protected":false},"author":482,"featured_media":77891,"comment_status":"open","ping_status":"open","sticky":false,"template":"","format":"standard","meta":{"advanced_seo_description":"","jetpack_seo_html_title":"","jetpack_seo_noindex":false,"_jetpack_memberships_contains_paid_content":false,"footnotes":""},"categories":[1],"tags":[],"class_list":["post-77890","post","type-post","status-publish","format-standard","has-post-thumbnail","hentry","category-cronica"],"jetpack_featured_media_url":"https:\/\/i0.wp.com\/eltrabajo.cl\/portal\/wp-content\/uploads\/2017\/03\/fundo-la-pe%C3%B1a-1.jpg?fit=580%2C350&ssl=1","jetpack_sharing_enabled":true,"jetpack_likes_enabled":true,"jetpack-related-posts":[],"_links":{"self":[{"href":"https:\/\/eltrabajo.cl\/portal\/wp-json\/wp\/v2\/posts\/77890","targetHints":{"allow":["GET"]}}],"collection":[{"href":"https:\/\/eltrabajo.cl\/portal\/wp-json\/wp\/v2\/posts"}],"about":[{"href":"https:\/\/eltrabajo.cl\/portal\/wp-json\/wp\/v2\/types\/post"}],"author":[{"embeddable":true,"href":"https:\/\/eltrabajo.cl\/portal\/wp-json\/wp\/v2\/users\/482"}],"replies":[{"embeddable":true,"href":"https:\/\/eltrabajo.cl\/portal\/wp-json\/wp\/v2\/comments?post=77890"}],"version-history":[{"count":0,"href":"https:\/\/eltrabajo.cl\/portal\/wp-json\/wp\/v2\/posts\/77890\/revisions"}],"wp:featuredmedia":[{"embeddable":true,"href":"https:\/\/eltrabajo.cl\/portal\/wp-json\/wp\/v2\/media\/77891"}],"wp:attachment":[{"href":"https:\/\/eltrabajo.cl\/portal\/wp-json\/wp\/v2\/media?parent=77890"}],"wp:term":[{"taxonomy":"category","embeddable":true,"href":"https:\/\/eltrabajo.cl\/portal\/wp-json\/wp\/v2\/categories?post=77890"},{"taxonomy":"post_tag","embeddable":true,"href":"https:\/\/eltrabajo.cl\/portal\/wp-json\/wp\/v2\/tags?post=77890"}],"curies":[{"name":"wp","href":"https:\/\/api.w.org\/{rel}","templated":true}]}}