{"id":77910,"date":"2017-03-20T06:04:44","date_gmt":"2017-03-20T10:04:44","guid":{"rendered":"http:\/\/www.eltrabajo.cl\/2017\/?p=77910"},"modified":"2017-03-20T06:04:44","modified_gmt":"2017-03-20T10:04:44","slug":"con-emotiva-velaton-exigen-justicia-por-homicidio-de-susana-sanhueza","status":"publish","type":"post","link":"https:\/\/eltrabajo.cl\/portal\/con-emotiva-velaton-exigen-justicia-por-homicidio-de-susana-sanhueza\/","title":{"rendered":"Con emotiva velat\u00f3n exigen justicia por homicidio de Susana Sanhueza"},"content":{"rendered":"<figure id=\"attachment_77912\" aria-describedby=\"caption-attachment-77912\" style=\"width: 580px\" class=\"wp-caption alignnone\"><img data-recalc-dims=\"1\" loading=\"lazy\" decoding=\"async\" class=\"size-full wp-image-77912\" src=\"https:\/\/i0.wp.com\/www.eltrabajo.cl\/portal\/wp-content\/uploads\/2017\/03\/Velaton2-1.jpg?resize=580%2C350\" alt=\"TE QUEREMOS.- Juguetes cartas, fotos, velas y flores al pie de la puerta del tristemente c\u00e9lebre archivo municipal.\" width=\"580\" height=\"350\" srcset=\"https:\/\/i0.wp.com\/eltrabajo.cl\/portal\/wp-content\/uploads\/2017\/03\/Velaton2-1.jpg?w=580&amp;ssl=1 580w, https:\/\/i0.wp.com\/eltrabajo.cl\/portal\/wp-content\/uploads\/2017\/03\/Velaton2-1.jpg?resize=200%2C121&amp;ssl=1 200w, https:\/\/i0.wp.com\/eltrabajo.cl\/portal\/wp-content\/uploads\/2017\/03\/Velaton2-1.jpg?resize=300%2C181&amp;ssl=1 300w, https:\/\/i0.wp.com\/eltrabajo.cl\/portal\/wp-content\/uploads\/2017\/03\/Velaton2-1.jpg?resize=249%2C150&amp;ssl=1 249w, https:\/\/i0.wp.com\/eltrabajo.cl\/portal\/wp-content\/uploads\/2017\/03\/Velaton2-1.jpg?resize=400%2C241&amp;ssl=1 400w\" sizes=\"auto, (max-width: 580px) 100vw, 580px\" \/><figcaption id=\"caption-attachment-77912\" class=\"wp-caption-text\">TE QUEREMOS.- Juguetes cartas, fotos, velas y flores al pie de la puerta del tristemente c\u00e9lebre archivo municipal.<\/figcaption><\/figure>\n<ul>\n<li><span style=\"color: #ff0000;\"><strong>Caravana recorri\u00f3 comunas de San Esteban, Los Andes y San Felipe:<\/strong> <\/span><\/li>\n<\/ul>\n<p>Con emotividad, recogimiento y exigiendo justicia por el crimen de Susana Sanhueza Aravena, en el frontis del acceso al archivo del Juzgado de Polic\u00eda Local y de otros departamento de la Municipalidad de San Felipe, en el N\u00ba 242 de Calle Arturo Prat, finaliz\u00f3 la caravana en memoria de la joven sanestebina que se efectu\u00f3 la noche del viernes.<\/p>\n<p><strong>AMPLIO RECORRIDO<\/strong><br \/>\nVecinos, amistades, cercanos y personas de la comunidad, acompa\u00f1aron a los padres, hermanos y familiares de la v\u00edctima en esta manifestaci\u00f3n p\u00fablica, la que parti\u00f3 desde la casa donde ten\u00eda domicilio Susy en Pasaje Michimalongo de Villa El Estero, misma que se dirigi\u00f3 a la Plaza de Armas de San Esteban, luego se desplaz\u00f3 hasta la Plaza de Armas de Los Andes y luego se dirigi\u00f3 a la Plaza de Armas de San Felipe, concluyendo el recorrido en el frontis del inmueble donde fue encontrado el cuerpo la ma\u00f1ana del pasado martes 7 de marzo, siendo escoltados por funcionarios de Carabineros de San Esteban, Los Andes, Curim\u00f3n y San Felipe.<\/p>\n<p><strong>EXIGEN JUSTICIA<\/strong><br \/>\nEn este lugar, tal como se hab\u00eda organizado, se efectu\u00f3 una velat\u00f3n y hubo el rezo del rosario por el descanso eterno de la joven de 22 a\u00f1os, congreg\u00e1ndose los asistentes que clamaron para que las personas que tengan cualquier informaci\u00f3n se acerquen a la familia o la Polic\u00eda de Investigaciones (PDI), que se d\u00e9 a la brevedad con el autor o autores, respondan ante la justicia y el asesinato no quede impune.<br \/>\nLos padres y hermanos indicaron que por el momento s\u00f3lo saben que ha habido avances en la investigaci\u00f3n, pero no han recibido mayores noticias en cuanto a las diligencias que se est\u00e1n llevando a cabo, agradeciendo a todas las personas que asistieron y participaron en esta actividad.<\/p>\n<figure id=\"attachment_77911\" aria-describedby=\"caption-attachment-77911\" style=\"width: 580px\" class=\"wp-caption alignnone\"><img data-recalc-dims=\"1\" loading=\"lazy\" decoding=\"async\" class=\"size-full wp-image-77911\" src=\"https:\/\/i0.wp.com\/www.eltrabajo.cl\/portal\/wp-content\/uploads\/2017\/03\/Velaton1-1.jpg?resize=580%2C350\" alt=\"LARGA ESPERA.- La velat\u00f3n se desarroll\u00f3 con gran emotividad, recogimiento y exigiendo justicia por el crimen de Susana Sanhueza Aravena, en el frontis del acceso al archivo del Juzgado de Polic\u00eda Local y de otros departamento de la Municipalidad de San Felipe, en el N\u00ba 242 de Calle Arturo Prat.\" width=\"580\" height=\"350\" srcset=\"https:\/\/i0.wp.com\/eltrabajo.cl\/portal\/wp-content\/uploads\/2017\/03\/Velaton1-1.jpg?w=580&amp;ssl=1 580w, https:\/\/i0.wp.com\/eltrabajo.cl\/portal\/wp-content\/uploads\/2017\/03\/Velaton1-1.jpg?resize=200%2C121&amp;ssl=1 200w, https:\/\/i0.wp.com\/eltrabajo.cl\/portal\/wp-content\/uploads\/2017\/03\/Velaton1-1.jpg?resize=300%2C181&amp;ssl=1 300w, https:\/\/i0.wp.com\/eltrabajo.cl\/portal\/wp-content\/uploads\/2017\/03\/Velaton1-1.jpg?resize=249%2C150&amp;ssl=1 249w, https:\/\/i0.wp.com\/eltrabajo.cl\/portal\/wp-content\/uploads\/2017\/03\/Velaton1-1.jpg?resize=400%2C241&amp;ssl=1 400w\" sizes=\"auto, (max-width: 580px) 100vw, 580px\" \/><figcaption id=\"caption-attachment-77911\" class=\"wp-caption-text\">LARGA ESPERA.- La velat\u00f3n se desarroll\u00f3 con gran emotividad, recogimiento y exigiendo justicia por el crimen de Susana Sanhueza Aravena, en el frontis del acceso al archivo del Juzgado de Polic\u00eda Local y de otros departamento de la Municipalidad de San Felipe, en el N\u00ba 242 de Calle Arturo Prat.<\/figcaption><\/figure>\n","protected":false},"excerpt":{"rendered":"<p>Caravana recorri\u00f3 comunas de San Esteban, Los Andes y San Felipe: Con emotividad, recogimiento y exigiendo justicia por el crimen de Susana Sanhueza Aravena, en el frontis del acceso al archivo del&#8230;<\/p>\n","protected":false},"author":482,"featured_media":77911,"comment_status":"open","ping_status":"open","sticky":false,"template":"","format":"standard","meta":{"advanced_seo_description":"","jetpack_seo_html_title":"","jetpack_seo_noindex":false,"_jetpack_memberships_contains_paid_content":false,"footnotes":""},"categories":[15],"tags":[],"class_list":["post-77910","post","type-post","status-publish","format-standard","has-post-thumbnail","hentry","category-comunidad"],"jetpack_featured_media_url":"https:\/\/i0.wp.com\/eltrabajo.cl\/portal\/wp-content\/uploads\/2017\/03\/Velaton1-1.jpg?fit=580%2C350&ssl=1","jetpack_sharing_enabled":true,"jetpack_likes_enabled":true,"jetpack-related-posts":[],"_links":{"self":[{"href":"https:\/\/eltrabajo.cl\/portal\/wp-json\/wp\/v2\/posts\/77910","targetHints":{"allow":["GET"]}}],"collection":[{"href":"https:\/\/eltrabajo.cl\/portal\/wp-json\/wp\/v2\/posts"}],"about":[{"href":"https:\/\/eltrabajo.cl\/portal\/wp-json\/wp\/v2\/types\/post"}],"author":[{"embeddable":true,"href":"https:\/\/eltrabajo.cl\/portal\/wp-json\/wp\/v2\/users\/482"}],"replies":[{"embeddable":true,"href":"https:\/\/eltrabajo.cl\/portal\/wp-json\/wp\/v2\/comments?post=77910"}],"version-history":[{"count":0,"href":"https:\/\/eltrabajo.cl\/portal\/wp-json\/wp\/v2\/posts\/77910\/revisions"}],"wp:featuredmedia":[{"embeddable":true,"href":"https:\/\/eltrabajo.cl\/portal\/wp-json\/wp\/v2\/media\/77911"}],"wp:attachment":[{"href":"https:\/\/eltrabajo.cl\/portal\/wp-json\/wp\/v2\/media?parent=77910"}],"wp:term":[{"taxonomy":"category","embeddable":true,"href":"https:\/\/eltrabajo.cl\/portal\/wp-json\/wp\/v2\/categories?post=77910"},{"taxonomy":"post_tag","embeddable":true,"href":"https:\/\/eltrabajo.cl\/portal\/wp-json\/wp\/v2\/tags?post=77910"}],"curies":[{"name":"wp","href":"https:\/\/api.w.org\/{rel}","templated":true}]}}