{"id":77918,"date":"2017-03-21T06:01:01","date_gmt":"2017-03-21T10:01:01","guid":{"rendered":"http:\/\/www.eltrabajo.cl\/2017\/?p=77918"},"modified":"2017-03-21T06:01:01","modified_gmt":"2017-03-21T10:01:01","slug":"capacitan-a-350-estudiantes-de-san-felipe-para-realizar-el-censo-2017","status":"publish","type":"post","link":"https:\/\/eltrabajo.cl\/portal\/capacitan-a-350-estudiantes-de-san-felipe-para-realizar-el-censo-2017\/","title":{"rendered":"Capacitan a 350 estudiantes de San Felipe para realizar el Censo 2017"},"content":{"rendered":"<figure id=\"attachment_77919\" aria-describedby=\"caption-attachment-77919\" style=\"width: 580px\" class=\"wp-caption alignnone\"><img data-recalc-dims=\"1\" loading=\"lazy\" decoding=\"async\" class=\"size-full wp-image-77919\" src=\"https:\/\/i0.wp.com\/www.eltrabajo.cl\/portal\/wp-content\/uploads\/2017\/03\/Capacitacion-Censo-2017-5-1.jpg?resize=580%2C350\" alt=\"Alrededor de 350 alumnos del Liceo Mixto de San Felipe participar\u00e1n como voluntarios en el censo del 19 de abril.\" width=\"580\" height=\"350\" srcset=\"https:\/\/i0.wp.com\/eltrabajo.cl\/portal\/wp-content\/uploads\/2017\/03\/Capacitacion-Censo-2017-5-1.jpg?w=580&amp;ssl=1 580w, https:\/\/i0.wp.com\/eltrabajo.cl\/portal\/wp-content\/uploads\/2017\/03\/Capacitacion-Censo-2017-5-1.jpg?resize=200%2C121&amp;ssl=1 200w, https:\/\/i0.wp.com\/eltrabajo.cl\/portal\/wp-content\/uploads\/2017\/03\/Capacitacion-Censo-2017-5-1.jpg?resize=300%2C181&amp;ssl=1 300w, https:\/\/i0.wp.com\/eltrabajo.cl\/portal\/wp-content\/uploads\/2017\/03\/Capacitacion-Censo-2017-5-1.jpg?resize=249%2C150&amp;ssl=1 249w, https:\/\/i0.wp.com\/eltrabajo.cl\/portal\/wp-content\/uploads\/2017\/03\/Capacitacion-Censo-2017-5-1.jpg?resize=400%2C241&amp;ssl=1 400w\" sizes=\"auto, (max-width: 580px) 100vw, 580px\" \/><figcaption id=\"caption-attachment-77919\" class=\"wp-caption-text\">Alrededor de 350 alumnos del Liceo Mixto de San Felipe participar\u00e1n como voluntarios en el censo del 19 de abril.<\/figcaption><\/figure>\n<p>Continuando con la preparaci\u00f3n de lo que ser\u00e1 el Censo 2017 que tendr\u00e1 lugar el pr\u00f3ximo 19 de abril en la Provincia de San Felipe, aproximadamente 350 estudiantes de Tercero y Cuarto medio del Liceo Mixto de la comuna fueron capacitados para realizar labores de censistas, lo que fue calificado como un logro por las autoridades del Instituto Nacional de Estad\u00edsticas y Educaci\u00f3n, al tiempo que valoraron el compromiso c\u00edvico de los j\u00f3venes que participar\u00e1n en este importante proceso.<br \/>\n\u201cEstamos muy sorprendidos, porque hay una situaci\u00f3n que no es menor: los estudiantes secundarios aprenden mucho en la acci\u00f3n (\u2026) trabajos voluntarios como \u00e9ste s\u00f3lo les va a permitir tener ganancias porque es una experiencia \u00fanica, hoy d\u00eda son j\u00f3venes que necesitan conocer su realidad, y quisi\u00e9ramos que todos los j\u00f3venes de los distintos colegios y liceos de nuestra Provincia conozcan su propia realidad, para que logren ser m\u00e1s emp\u00e1ticos, y este proceso es muy importante para ello\u201d, seg\u00fan recalc\u00f3 Jorge Olivero, Director Biprovincial de Educaci\u00f3n.<br \/>\nY es que hechos tan importantes como \u00e9ste permiten demostrar el inter\u00e9s de la ciudadan\u00eda en su totalidad por saber cu\u00e1ntos somos, c\u00f3mo nos constituimos y hacia d\u00f3nde queremos ir como sociedad, ya que el Censo 2017 nos permitir\u00e1 tener una visi\u00f3n m\u00e1s acabada de nuestro pa\u00eds y desde ese hito, generar las pol\u00edticas p\u00fablicas que nos permitan seguir desarroll\u00e1ndonos como comunidad.<br \/>\n\u201cNosotros queremos destacar a los j\u00f3venes de ense\u00f1anza media que est\u00e1n participando de las capacitaciones del Censo, y tambi\u00e9n a los colegios y liceos que est\u00e1n incorporando dentro de sus materias de educaci\u00f3n c\u00edvica este proceso. Llamamos a los padres y apoderados a autorizar a sus hijos para que participen del conteo nacional. Nosotros como Gobierno queremos centrar este llamado en la responsabilidad c\u00edvica, el aporte de los j\u00f3venes y destacar al Liceo Mixto en su participaci\u00f3n\u201d, seg\u00fan recalc\u00f3 el Gobernador Provincial, Eduardo Le\u00f3n Lazcano.<br \/>\nEn tanto, el Rector del Liceo Mixto de San Felipe, N\u00e9stor Aguilera, destac\u00f3 la alta convocatoria que tuvo este proceso de reclutamiento y capacitaci\u00f3n de censistas, lo que ciertamente habla del inter\u00e9s por parte de los j\u00f3venes estudiantes de formar parte de un hecho que es \u201cuna experiencia c\u00edvica, social, donde nuestros alumnos van a poder conocer la realidad de nuestras familias. Tambi\u00e9n es importante en la formaci\u00f3n de ellos ya que a partir de este a\u00f1o tenemos el Plan de Formaci\u00f3n Ciudadana, donde pretendemos que ellos reciban todas las herramientas para vivir en sociedad\u201d.<br \/>\nPor su parte, la Encargada Provincial del Instituto Nacional de Estad\u00edsticas (INE), Carolina Montenegro, inform\u00f3 que los coordinadores del Censo 2017 en la Provincia de San Felipe seguir\u00e1n recorriendo los liceos y colegios con ense\u00f1anza media para continuar con el reclutamiento y capacitaci\u00f3n de los estudiantes que quieran ser parte de este importante proceso de participaci\u00f3n c\u00edvica, para lo que a\u00fan hay tiempo para las inscripciones.<br \/>\n\u201cTodav\u00eda estamos reclutando, invitamos a participar a toda la ciudadan\u00eda para que se inscriba y participe de este proyecto, s\u00f3lo basta tener m\u00e1s de 15 a\u00f1os, tener la voluntad obviamente de participar, saber leer y escribir e inscribirse a trav\u00e9s de www.censo2017.cl y www.ine.cl, para formar parte de este hito tan importante\u201d, seg\u00fan destac\u00f3 Carolina Montenegro.<br \/>\nVale destacar que en el Edificio de la Gobernaci\u00f3n Provincial de San Felipe y en el Municipio de la comuna, tambi\u00e9n se estar\u00e1 entregando informaci\u00f3n para poder participar como voluntario para el Censo 2017 que se realizar\u00e1 el d\u00eda mi\u00e9rcoles 19 de abril, el que fue declarado feriado nacional.<\/p>\n","protected":false},"excerpt":{"rendered":"<p>Continuando con la preparaci\u00f3n de lo que ser\u00e1 el Censo 2017 que tendr\u00e1 lugar el pr\u00f3ximo 19 de abril en la Provincia de San Felipe, aproximadamente 350 estudiantes de Tercero y Cuarto&#8230;<\/p>\n","protected":false},"author":482,"featured_media":77919,"comment_status":"open","ping_status":"open","sticky":false,"template":"","format":"standard","meta":{"advanced_seo_description":"","jetpack_seo_html_title":"","jetpack_seo_noindex":false,"_jetpack_memberships_contains_paid_content":false,"footnotes":""},"categories":[1],"tags":[],"class_list":["post-77918","post","type-post","status-publish","format-standard","has-post-thumbnail","hentry","category-cronica"],"jetpack_featured_media_url":"https:\/\/i0.wp.com\/eltrabajo.cl\/portal\/wp-content\/uploads\/2017\/03\/Capacitacion-Censo-2017-5-1.jpg?fit=580%2C350&ssl=1","jetpack_sharing_enabled":true,"jetpack_likes_enabled":true,"jetpack-related-posts":[],"_links":{"self":[{"href":"https:\/\/eltrabajo.cl\/portal\/wp-json\/wp\/v2\/posts\/77918","targetHints":{"allow":["GET"]}}],"collection":[{"href":"https:\/\/eltrabajo.cl\/portal\/wp-json\/wp\/v2\/posts"}],"about":[{"href":"https:\/\/eltrabajo.cl\/portal\/wp-json\/wp\/v2\/types\/post"}],"author":[{"embeddable":true,"href":"https:\/\/eltrabajo.cl\/portal\/wp-json\/wp\/v2\/users\/482"}],"replies":[{"embeddable":true,"href":"https:\/\/eltrabajo.cl\/portal\/wp-json\/wp\/v2\/comments?post=77918"}],"version-history":[{"count":0,"href":"https:\/\/eltrabajo.cl\/portal\/wp-json\/wp\/v2\/posts\/77918\/revisions"}],"wp:featuredmedia":[{"embeddable":true,"href":"https:\/\/eltrabajo.cl\/portal\/wp-json\/wp\/v2\/media\/77919"}],"wp:attachment":[{"href":"https:\/\/eltrabajo.cl\/portal\/wp-json\/wp\/v2\/media?parent=77918"}],"wp:term":[{"taxonomy":"category","embeddable":true,"href":"https:\/\/eltrabajo.cl\/portal\/wp-json\/wp\/v2\/categories?post=77918"},{"taxonomy":"post_tag","embeddable":true,"href":"https:\/\/eltrabajo.cl\/portal\/wp-json\/wp\/v2\/tags?post=77918"}],"curies":[{"name":"wp","href":"https:\/\/api.w.org\/{rel}","templated":true}]}}