{"id":77930,"date":"2017-03-21T06:04:21","date_gmt":"2017-03-21T10:04:21","guid":{"rendered":"http:\/\/www.eltrabajo.cl\/2017\/?p=77930"},"modified":"2017-03-21T06:04:21","modified_gmt":"2017-03-21T10:04:21","slug":"bienes-nacionales-traspasara-fundo-la-pena-a-municipalidad-san-felipe","status":"publish","type":"post","link":"https:\/\/eltrabajo.cl\/portal\/bienes-nacionales-traspasara-fundo-la-pena-a-municipalidad-san-felipe\/","title":{"rendered":"Bienes Nacionales traspasar\u00e1 Fundo La Pe\u00f1a a Municipalidad San Felipe"},"content":{"rendered":"<figure id=\"attachment_77932\" aria-describedby=\"caption-attachment-77932\" style=\"width: 580px\" class=\"wp-caption alignnone\"><img data-recalc-dims=\"1\" loading=\"lazy\" decoding=\"async\" class=\"size-full wp-image-77932\" src=\"https:\/\/i0.wp.com\/www.eltrabajo.cl\/portal\/wp-content\/uploads\/2017\/03\/delegacion-con-ministra-nivia-palma-bienes-nacionales-1.jpg?resize=580%2C350\" alt=\"La delegaci\u00f3n de San Felipe junto a la Ministra de Bienes Nacionales Nivia Palma.\" width=\"580\" height=\"350\" srcset=\"https:\/\/i0.wp.com\/eltrabajo.cl\/portal\/wp-content\/uploads\/2017\/03\/delegacion-con-ministra-nivia-palma-bienes-nacionales-1.jpg?w=580&amp;ssl=1 580w, https:\/\/i0.wp.com\/eltrabajo.cl\/portal\/wp-content\/uploads\/2017\/03\/delegacion-con-ministra-nivia-palma-bienes-nacionales-1.jpg?resize=200%2C121&amp;ssl=1 200w, https:\/\/i0.wp.com\/eltrabajo.cl\/portal\/wp-content\/uploads\/2017\/03\/delegacion-con-ministra-nivia-palma-bienes-nacionales-1.jpg?resize=300%2C181&amp;ssl=1 300w, https:\/\/i0.wp.com\/eltrabajo.cl\/portal\/wp-content\/uploads\/2017\/03\/delegacion-con-ministra-nivia-palma-bienes-nacionales-1.jpg?resize=249%2C150&amp;ssl=1 249w, https:\/\/i0.wp.com\/eltrabajo.cl\/portal\/wp-content\/uploads\/2017\/03\/delegacion-con-ministra-nivia-palma-bienes-nacionales-1.jpg?resize=400%2C241&amp;ssl=1 400w\" sizes=\"auto, (max-width: 580px) 100vw, 580px\" \/><figcaption id=\"caption-attachment-77932\" class=\"wp-caption-text\">La delegaci\u00f3n de San Felipe junto a la Ministra de Bienes Nacionales Nivia Palma.<\/figcaption><\/figure>\n<ul>\n<li><span style=\"color: #ff0000;\"><strong>Se acaba fantasma de la c\u00e1rcel:<\/strong><\/span><\/li>\n<\/ul>\n<p>Es definitivo, el Ministerio de Bienes Nacionales traspasar\u00e1 los terrenos del Fundo La Pe\u00f1a a la Municipalidad de San Felipe, esto luego de la reuni\u00f3n sostenida con la ministra de esa cartera, Nivia Palma, la tarde de este lunes en Santiago.<br \/>\nEl Director de la ONG Ideando, Juan Carlos Monasterio, confirm\u00f3 la informaci\u00f3n aduciendo sentirse muy contento con este logro: \u00abMuy contentos con la noticia que hemos recibido, efectivamente el fundo La Pe\u00f1a va a ser traspasado a los dominios municipales para efectuar los proyectos necesarios de la ciudadan\u00eda que obviamente requieran. Hay proyectos deportivos, hay una serie de proyectos donde se pueden ejecutar obras y lo m\u00e1s importante que se solucion\u00f3 el tema que el destino final del suelo va a ser traspasado a la municipalidad de San Felipe\u00bb, indic\u00f3.<br \/>\nA\u00f1adi\u00f3 Monasterio que ser\u00e1n unos cuatro meses el tiempo que va a tener que esperar la Municipalidad de San Felipe para contar con las 24 hect\u00e1reas de terreno: \u00abEste tiempo es prudente, necesario para efectuar los proyectos que se requieren, obviamente queda zanjado el destino final del suelo y se despeja de todas partes el tema de la c\u00e1rcel\u00bb, indic\u00f3 Monasterio.<br \/>\nPor su parte los representantes de la Junta de Adelanto de Curim\u00f3n, en este caso Ricardo Carlos Figueroa Cerda, dijo sentirse muy conforme y contento con el compromiso asumido por la Ministra de Bienes Nacionales de traspasar estos terrenos al municipio de San Felipe, para hacer un proyecto deportivo en ese lugar que sirva para la futura regi\u00f3n de Aconcagua.<br \/>\nRecordar que este viernes los vecinos se reunieron con las autoridades para plantearle su inquietud respecto al destino del Fundo La Pe\u00f1a.<br \/>\nPor su parte el Alcalde Patricio Freire dijo sentirse contento, \u00abporque el comodato es por 30 a\u00f1os, primera vez que se hace esto, la Ministra de Bienes Nacionales nos atendi\u00f3 muy bien y lo principal es que con este comodato se acaba el fantasma de la c\u00e1rcel\u00bb, indic\u00f3.<br \/>\nCabe destacar que en el lugar viven unas seis familias en toma, por lo que no se descarta dejar alg\u00fan espacio para viviendas.<\/p>\n<figure id=\"attachment_77931\" aria-describedby=\"caption-attachment-77931\" style=\"width: 580px\" class=\"wp-caption alignnone\"><img data-recalc-dims=\"1\" loading=\"lazy\" decoding=\"async\" class=\"size-full wp-image-77931\" src=\"https:\/\/i0.wp.com\/www.eltrabajo.cl\/portal\/wp-content\/uploads\/2017\/03\/portada-reunion-ministra-BN-nivia-palma-1.jpg?resize=580%2C350\" alt=\"La delegaci\u00f3n de San Felipe junto a la Ministra de Bienes Nacionales Nivia Palma.\" width=\"580\" height=\"350\" srcset=\"https:\/\/i0.wp.com\/eltrabajo.cl\/portal\/wp-content\/uploads\/2017\/03\/portada-reunion-ministra-BN-nivia-palma-1.jpg?w=580&amp;ssl=1 580w, https:\/\/i0.wp.com\/eltrabajo.cl\/portal\/wp-content\/uploads\/2017\/03\/portada-reunion-ministra-BN-nivia-palma-1.jpg?resize=200%2C121&amp;ssl=1 200w, https:\/\/i0.wp.com\/eltrabajo.cl\/portal\/wp-content\/uploads\/2017\/03\/portada-reunion-ministra-BN-nivia-palma-1.jpg?resize=300%2C181&amp;ssl=1 300w, https:\/\/i0.wp.com\/eltrabajo.cl\/portal\/wp-content\/uploads\/2017\/03\/portada-reunion-ministra-BN-nivia-palma-1.jpg?resize=249%2C150&amp;ssl=1 249w, https:\/\/i0.wp.com\/eltrabajo.cl\/portal\/wp-content\/uploads\/2017\/03\/portada-reunion-ministra-BN-nivia-palma-1.jpg?resize=400%2C241&amp;ssl=1 400w\" sizes=\"auto, (max-width: 580px) 100vw, 580px\" \/><figcaption id=\"caption-attachment-77931\" class=\"wp-caption-text\">La delegaci\u00f3n de San Felipe junto a la Ministra de Bienes Nacionales Nivia Palma.<\/figcaption><\/figure>\n","protected":false},"excerpt":{"rendered":"<p>Se acaba fantasma de la c\u00e1rcel: Es definitivo, el Ministerio de Bienes Nacionales traspasar\u00e1 los terrenos del Fundo La Pe\u00f1a a la Municipalidad de San Felipe, esto luego de la reuni\u00f3n sostenida&#8230;<\/p>\n","protected":false},"author":482,"featured_media":77931,"comment_status":"open","ping_status":"open","sticky":false,"template":"","format":"standard","meta":{"advanced_seo_description":"","jetpack_seo_html_title":"","jetpack_seo_noindex":false,"_jetpack_memberships_contains_paid_content":false,"footnotes":""},"categories":[15],"tags":[],"class_list":["post-77930","post","type-post","status-publish","format-standard","has-post-thumbnail","hentry","category-comunidad"],"jetpack_featured_media_url":"https:\/\/i0.wp.com\/eltrabajo.cl\/portal\/wp-content\/uploads\/2017\/03\/portada-reunion-ministra-BN-nivia-palma-1.jpg?fit=580%2C350&ssl=1","jetpack_sharing_enabled":true,"jetpack_likes_enabled":true,"jetpack-related-posts":[],"_links":{"self":[{"href":"https:\/\/eltrabajo.cl\/portal\/wp-json\/wp\/v2\/posts\/77930","targetHints":{"allow":["GET"]}}],"collection":[{"href":"https:\/\/eltrabajo.cl\/portal\/wp-json\/wp\/v2\/posts"}],"about":[{"href":"https:\/\/eltrabajo.cl\/portal\/wp-json\/wp\/v2\/types\/post"}],"author":[{"embeddable":true,"href":"https:\/\/eltrabajo.cl\/portal\/wp-json\/wp\/v2\/users\/482"}],"replies":[{"embeddable":true,"href":"https:\/\/eltrabajo.cl\/portal\/wp-json\/wp\/v2\/comments?post=77930"}],"version-history":[{"count":0,"href":"https:\/\/eltrabajo.cl\/portal\/wp-json\/wp\/v2\/posts\/77930\/revisions"}],"wp:featuredmedia":[{"embeddable":true,"href":"https:\/\/eltrabajo.cl\/portal\/wp-json\/wp\/v2\/media\/77931"}],"wp:attachment":[{"href":"https:\/\/eltrabajo.cl\/portal\/wp-json\/wp\/v2\/media?parent=77930"}],"wp:term":[{"taxonomy":"category","embeddable":true,"href":"https:\/\/eltrabajo.cl\/portal\/wp-json\/wp\/v2\/categories?post=77930"},{"taxonomy":"post_tag","embeddable":true,"href":"https:\/\/eltrabajo.cl\/portal\/wp-json\/wp\/v2\/tags?post=77930"}],"curies":[{"name":"wp","href":"https:\/\/api.w.org\/{rel}","templated":true}]}}