{"id":77938,"date":"2017-03-22T06:01:21","date_gmt":"2017-03-22T10:01:21","guid":{"rendered":"http:\/\/www.eltrabajo.cl\/2017\/?p=77938"},"modified":"2017-03-22T06:01:21","modified_gmt":"2017-03-22T10:01:21","slug":"este-domingo-se-realizara-primera-cicletada-familiar-2017-en-san-felipe","status":"publish","type":"post","link":"https:\/\/eltrabajo.cl\/portal\/este-domingo-se-realizara-primera-cicletada-familiar-2017-en-san-felipe\/","title":{"rendered":"Este domingo se realizar\u00e1 primera Cicletada Familiar 2017 en San Felipe"},"content":{"rendered":"<figure id=\"attachment_77939\" aria-describedby=\"caption-attachment-77939\" style=\"width: 580px\" class=\"wp-caption alignnone\"><img data-recalc-dims=\"1\" loading=\"lazy\" decoding=\"async\" class=\"size-full wp-image-77939\" src=\"https:\/\/i0.wp.com\/www.eltrabajo.cl\/portal\/wp-content\/uploads\/2017\/03\/cicletada-familiar-1.jpg?resize=580%2C349\" alt=\"El Alcalde de San Felipe Patricio Freire y Mesa de Promoci\u00f3n de la Salud representada por Danilo Pe\u00f1a y Loreto Olgu\u00edn, invitan a la comunidad a participar de la primera cicletada familiar del 2017.\" width=\"580\" height=\"349\" srcset=\"https:\/\/i0.wp.com\/eltrabajo.cl\/portal\/wp-content\/uploads\/2017\/03\/cicletada-familiar-1.jpg?w=580&amp;ssl=1 580w, https:\/\/i0.wp.com\/eltrabajo.cl\/portal\/wp-content\/uploads\/2017\/03\/cicletada-familiar-1.jpg?resize=200%2C120&amp;ssl=1 200w, https:\/\/i0.wp.com\/eltrabajo.cl\/portal\/wp-content\/uploads\/2017\/03\/cicletada-familiar-1.jpg?resize=300%2C181&amp;ssl=1 300w, https:\/\/i0.wp.com\/eltrabajo.cl\/portal\/wp-content\/uploads\/2017\/03\/cicletada-familiar-1.jpg?resize=249%2C150&amp;ssl=1 249w, https:\/\/i0.wp.com\/eltrabajo.cl\/portal\/wp-content\/uploads\/2017\/03\/cicletada-familiar-1.jpg?resize=400%2C241&amp;ssl=1 400w\" sizes=\"auto, (max-width: 580px) 100vw, 580px\" \/><figcaption id=\"caption-attachment-77939\" class=\"wp-caption-text\">El Alcalde de San Felipe Patricio Freire y Mesa de Promoci\u00f3n de la Salud representada por Danilo Pe\u00f1a y Loreto Olgu\u00edn, invitan a la comunidad a participar de la primera cicletada familiar del 2017.<\/figcaption><\/figure>\n<ul>\n<li><strong><span style=\"color: #ff0000;\">Seis kil\u00f3metros con el punto de partida y meta en Villa Bernardo Cruz:<\/span>\u00a0Iniciativa surge a partir de los altos \u00edndices de obesidad y sedentarismo detectados por la mesa de promoci\u00f3n de salud de la comuna.<\/strong><\/li>\n<\/ul>\n<p>La mesa de promoci\u00f3n de Salud y el Departamento de Deportes de la Municipalidad de San Felipe organizaron para este fin de semana la primera Cicletada Familiar del 2017, actividad que se desarrollar\u00e1 desde las 10 de la ma\u00f1ana el domingo 26 de marzo, en el sector oriente de la comuna.<br \/>\nEl recorrido se extender\u00e1 por seis kil\u00f3metros y tendr\u00e1 su punto de partida y llegada en la sede social de la Villa Bernardo Cruz, tal como lo diera a conocer el encargado del Departamento de Deportes de la Municipalidad de San Felipe, Danilo Pe\u00f1a, quien detall\u00f3 que \u00abson 6K partiendo por Villa Bernardo Cruz, da el giro por el sector de Los Molles, para ingresar por Abraham Ahumada, Avenida Uno y llegar finalmente a la meta, donde vamos a estar esper\u00e1ndolos con grandes sorpresas\u00bb, describi\u00f3, agregando que \u00abes un recorrido que ya utilizamos a menudo\u2026 agradecemos a la junta de vecinos de la Villa Bernardo Cruz, porque ellos ponen a disposici\u00f3n toda su infraestructura para que nosotros podamos desarrollar esta actividad deportiva\u00bb, manifest\u00f3 el profesional.<br \/>\nPe\u00f1a hizo hincapi\u00e9 en que la instancia no posee un car\u00e1cter competitivo, sino que \u00abes una actividad netamente de familia, donde las caracter\u00edsticas tienen que ver con un grupo compacto que va con una camioneta de resguardo a la cabeza del grupo y tambi\u00e9n con el veh\u00edculo de emergencia que en este caso es una ambulancia. Una vez que el grupo se disgrega, el veh\u00edculo se detiene para esperar a los rezagados\u00bb, anticip\u00f3 el funcionario, insistiendo en que pueden participar vecinos y vecinas de distintas edades, quienes deben inscribirse en el mismo lugar de la largada.<br \/>\nLoreto Olgu\u00edn, encargada de la Mesa de Promoci\u00f3n de Salud de San Felipe, cont\u00f3 que este tipo de actividades pretenden contrarrestar los altos \u00edndices de algunas enfermedades degenerativas que presentan los sanfelipe\u00f1os (as).<br \/>\n\u00abNosotros hicimos un diagn\u00f3stico y nos preocupa mucho la salud de nuestra comunidad, ya que este diagn\u00f3stico nos arroj\u00f3 un 80% de obesidad y sedentarismo en la comuna, y en los ni\u00f1os (as) un 50% aproximadamente, lo que es muy preocupante, por eso la importancia de este tipo de actividades para hacer actividad f\u00edsica a nivel familiar, individual y comunitaria\u00bb, argument\u00f3 Olgu\u00edn.<br \/>\nEl Alcalde Patricio Freire invit\u00f3 a los vecinos y vecinas a participar de esta primera cicletada, diciendo que \u00abtenemos que acostumbrarnos a tomar la bicicleta, hacer vida sana, estamos construyendo las ciclov\u00edas, en una ciudad donde queremos promover el ejercicio y la parte familiar\u00bb, concluy\u00f3 el jefe comunal.<\/p>\n","protected":false},"excerpt":{"rendered":"<p>Seis kil\u00f3metros con el punto de partida y meta en Villa Bernardo Cruz:\u00a0Iniciativa surge a partir de los altos \u00edndices de obesidad y sedentarismo detectados por la mesa de promoci\u00f3n de salud&#8230;<\/p>\n","protected":false},"author":482,"featured_media":77939,"comment_status":"open","ping_status":"open","sticky":false,"template":"","format":"standard","meta":{"advanced_seo_description":"","jetpack_seo_html_title":"","jetpack_seo_noindex":false,"_jetpack_memberships_contains_paid_content":false,"footnotes":""},"categories":[1],"tags":[],"class_list":["post-77938","post","type-post","status-publish","format-standard","has-post-thumbnail","hentry","category-cronica"],"jetpack_featured_media_url":"https:\/\/i0.wp.com\/eltrabajo.cl\/portal\/wp-content\/uploads\/2017\/03\/cicletada-familiar-1.jpg?fit=580%2C349&ssl=1","jetpack_sharing_enabled":true,"jetpack_likes_enabled":true,"jetpack-related-posts":[],"_links":{"self":[{"href":"https:\/\/eltrabajo.cl\/portal\/wp-json\/wp\/v2\/posts\/77938","targetHints":{"allow":["GET"]}}],"collection":[{"href":"https:\/\/eltrabajo.cl\/portal\/wp-json\/wp\/v2\/posts"}],"about":[{"href":"https:\/\/eltrabajo.cl\/portal\/wp-json\/wp\/v2\/types\/post"}],"author":[{"embeddable":true,"href":"https:\/\/eltrabajo.cl\/portal\/wp-json\/wp\/v2\/users\/482"}],"replies":[{"embeddable":true,"href":"https:\/\/eltrabajo.cl\/portal\/wp-json\/wp\/v2\/comments?post=77938"}],"version-history":[{"count":0,"href":"https:\/\/eltrabajo.cl\/portal\/wp-json\/wp\/v2\/posts\/77938\/revisions"}],"wp:featuredmedia":[{"embeddable":true,"href":"https:\/\/eltrabajo.cl\/portal\/wp-json\/wp\/v2\/media\/77939"}],"wp:attachment":[{"href":"https:\/\/eltrabajo.cl\/portal\/wp-json\/wp\/v2\/media?parent=77938"}],"wp:term":[{"taxonomy":"category","embeddable":true,"href":"https:\/\/eltrabajo.cl\/portal\/wp-json\/wp\/v2\/categories?post=77938"},{"taxonomy":"post_tag","embeddable":true,"href":"https:\/\/eltrabajo.cl\/portal\/wp-json\/wp\/v2\/tags?post=77938"}],"curies":[{"name":"wp","href":"https:\/\/api.w.org\/{rel}","templated":true}]}}