{"id":77944,"date":"2017-03-22T06:03:09","date_gmt":"2017-03-22T10:03:09","guid":{"rendered":"http:\/\/www.eltrabajo.cl\/2017\/?p=77944"},"modified":"2017-03-22T06:03:09","modified_gmt":"2017-03-22T10:03:09","slug":"lanzadores-de-llay-llay-clasifican-al-nacional-de-atletismo-todo-competidor","status":"publish","type":"post","link":"https:\/\/eltrabajo.cl\/portal\/lanzadores-de-llay-llay-clasifican-al-nacional-de-atletismo-todo-competidor\/","title":{"rendered":"Lanzadores de Llay Llay clasifican al Nacional de Atletismo Todo Competidor"},"content":{"rendered":"<figure id=\"attachment_77945\" aria-describedby=\"caption-attachment-77945\" style=\"width: 580px\" class=\"wp-caption alignnone\"><img data-recalc-dims=\"1\" loading=\"lazy\" decoding=\"async\" class=\"size-full wp-image-77945\" src=\"https:\/\/i0.wp.com\/www.eltrabajo.cl\/portal\/wp-content\/uploads\/2017\/03\/deporte-atletas-llay-llay-1.jpg?resize=580%2C350\" alt=\"Una vez m\u00e1s la Escuela de Atletismo de Llay Llay tuvo una destacada presentaci\u00f3n en un selectivo regional, consiguiendo que cuatro de sus integrantes clasificaran al Nacional todo competidor.\" width=\"580\" height=\"350\" srcset=\"https:\/\/i0.wp.com\/eltrabajo.cl\/portal\/wp-content\/uploads\/2017\/03\/deporte-atletas-llay-llay-1.jpg?w=580&amp;ssl=1 580w, https:\/\/i0.wp.com\/eltrabajo.cl\/portal\/wp-content\/uploads\/2017\/03\/deporte-atletas-llay-llay-1.jpg?resize=200%2C121&amp;ssl=1 200w, https:\/\/i0.wp.com\/eltrabajo.cl\/portal\/wp-content\/uploads\/2017\/03\/deporte-atletas-llay-llay-1.jpg?resize=300%2C181&amp;ssl=1 300w, https:\/\/i0.wp.com\/eltrabajo.cl\/portal\/wp-content\/uploads\/2017\/03\/deporte-atletas-llay-llay-1.jpg?resize=249%2C150&amp;ssl=1 249w, https:\/\/i0.wp.com\/eltrabajo.cl\/portal\/wp-content\/uploads\/2017\/03\/deporte-atletas-llay-llay-1.jpg?resize=400%2C241&amp;ssl=1 400w\" sizes=\"auto, (max-width: 580px) 100vw, 580px\" \/><figcaption id=\"caption-attachment-77945\" class=\"wp-caption-text\">Una vez m\u00e1s la Escuela de Atletismo de Llay Llay tuvo una destacada presentaci\u00f3n en un selectivo regional, consiguiendo que cuatro de sus integrantes clasificaran al Nacional todo competidor.<\/figcaption><\/figure>\n<p>Cuatro integrantes de la Escuela Infantil de Deportes de Llay Llay lograron clasificar al pr\u00f3ximo torneo Nacional de Atletismo, luego de pasar con \u00e9xito el Selectivo Regional que el domingo reci\u00e9n pasado se realiz\u00f3 en el estadio El\u00edas Figueroa de Valpara\u00edso.<br \/>\nLos atletas que representar\u00e1n a la \u2018ciudad del viento viento\u2019 y al valle de Aconcagua en la cita atl\u00e9tica que en el futuro cercano se realizar\u00e1 en Santiago, debieron realizar actuaciones casi perfectas ya que en el coloso de Playa Ancha no era suficiente argumento subir al podio, debido a que clasificaban los dos primeros de cada disciplina, lo que al evento le dio un grado de dificultad extra, pero que finalmente fue superada con \u00e9xito por cuatro deportistas llalla\u00ednos, que ahora entrenan para estar dentro de los mejores de Chile.<br \/>\nLos clasificados al Nacional todo competidor son:<br \/>\nCatalina Valenzuela: 1er lugar en lanzamiento de la Bala y el Disco.<br \/>\nEscarleth Ferrada: 1er lugar en Lanzamiento de la Jabalina.<br \/>\nAlexander Delgado: 1er lugar Lanzamiento de la Bala.<br \/>\nGiovanni Leiva: 1er lugar lanzamiento del Disco y 2do lugar en Lanzamiento de la Bala .<\/p>\n","protected":false},"excerpt":{"rendered":"<p>Cuatro integrantes de la Escuela Infantil de Deportes de Llay Llay lograron clasificar al pr\u00f3ximo torneo Nacional de Atletismo, luego de pasar con \u00e9xito el Selectivo Regional que el domingo reci\u00e9n pasado&#8230;<\/p>\n","protected":false},"author":482,"featured_media":77945,"comment_status":"open","ping_status":"open","sticky":false,"template":"","format":"standard","meta":{"advanced_seo_description":"","jetpack_seo_html_title":"","jetpack_seo_noindex":false,"_jetpack_memberships_contains_paid_content":false,"footnotes":""},"categories":[19],"tags":[],"class_list":["post-77944","post","type-post","status-publish","format-standard","has-post-thumbnail","hentry","category-deportes"],"jetpack_featured_media_url":"https:\/\/i0.wp.com\/eltrabajo.cl\/portal\/wp-content\/uploads\/2017\/03\/deporte-atletas-llay-llay-1.jpg?fit=580%2C350&ssl=1","jetpack_sharing_enabled":true,"jetpack_likes_enabled":true,"jetpack-related-posts":[],"_links":{"self":[{"href":"https:\/\/eltrabajo.cl\/portal\/wp-json\/wp\/v2\/posts\/77944","targetHints":{"allow":["GET"]}}],"collection":[{"href":"https:\/\/eltrabajo.cl\/portal\/wp-json\/wp\/v2\/posts"}],"about":[{"href":"https:\/\/eltrabajo.cl\/portal\/wp-json\/wp\/v2\/types\/post"}],"author":[{"embeddable":true,"href":"https:\/\/eltrabajo.cl\/portal\/wp-json\/wp\/v2\/users\/482"}],"replies":[{"embeddable":true,"href":"https:\/\/eltrabajo.cl\/portal\/wp-json\/wp\/v2\/comments?post=77944"}],"version-history":[{"count":0,"href":"https:\/\/eltrabajo.cl\/portal\/wp-json\/wp\/v2\/posts\/77944\/revisions"}],"wp:featuredmedia":[{"embeddable":true,"href":"https:\/\/eltrabajo.cl\/portal\/wp-json\/wp\/v2\/media\/77945"}],"wp:attachment":[{"href":"https:\/\/eltrabajo.cl\/portal\/wp-json\/wp\/v2\/media?parent=77944"}],"wp:term":[{"taxonomy":"category","embeddable":true,"href":"https:\/\/eltrabajo.cl\/portal\/wp-json\/wp\/v2\/categories?post=77944"},{"taxonomy":"post_tag","embeddable":true,"href":"https:\/\/eltrabajo.cl\/portal\/wp-json\/wp\/v2\/tags?post=77944"}],"curies":[{"name":"wp","href":"https:\/\/api.w.org\/{rel}","templated":true}]}}