{"id":77947,"date":"2017-03-22T06:04:23","date_gmt":"2017-03-22T10:04:23","guid":{"rendered":"http:\/\/www.eltrabajo.cl\/2017\/?p=77947"},"modified":"2017-03-22T06:04:23","modified_gmt":"2017-03-22T10:04:23","slug":"todo-el-valle-de-aconcagua-llora-a-carmen-alarcon-de-helados-olguin","status":"publish","type":"post","link":"https:\/\/eltrabajo.cl\/portal\/todo-el-valle-de-aconcagua-llora-a-carmen-alarcon-de-helados-olguin\/","title":{"rendered":"Todo el Valle de Aconcagua llora a Carmen Alarc\u00f3n de Helados Olgu\u00edn"},"content":{"rendered":"<figure id=\"attachment_77953\" aria-describedby=\"caption-attachment-77953\" style=\"width: 580px\" class=\"wp-caption alignnone\"><img data-recalc-dims=\"1\" loading=\"lazy\" decoding=\"async\" class=\"size-full wp-image-77953\" src=\"https:\/\/i0.wp.com\/www.eltrabajo.cl\/portal\/wp-content\/uploads\/2017\/03\/olguin-cerrado-1.jpg?resize=580%2C348\" alt=\"CERRADO POR LUTO.- Los sanfelipe\u00f1os que ayer se acercaron para comprar sus helados favoritos en Helados Olgu\u00edn, se encontraron con la triste noticia y las puertas cerradas.\" width=\"580\" height=\"348\" srcset=\"https:\/\/i0.wp.com\/eltrabajo.cl\/portal\/wp-content\/uploads\/2017\/03\/olguin-cerrado-1.jpg?w=580&amp;ssl=1 580w, https:\/\/i0.wp.com\/eltrabajo.cl\/portal\/wp-content\/uploads\/2017\/03\/olguin-cerrado-1.jpg?resize=200%2C120&amp;ssl=1 200w, https:\/\/i0.wp.com\/eltrabajo.cl\/portal\/wp-content\/uploads\/2017\/03\/olguin-cerrado-1.jpg?resize=300%2C180&amp;ssl=1 300w, https:\/\/i0.wp.com\/eltrabajo.cl\/portal\/wp-content\/uploads\/2017\/03\/olguin-cerrado-1.jpg?resize=250%2C150&amp;ssl=1 250w, https:\/\/i0.wp.com\/eltrabajo.cl\/portal\/wp-content\/uploads\/2017\/03\/olguin-cerrado-1.jpg?resize=400%2C240&amp;ssl=1 400w\" sizes=\"auto, (max-width: 580px) 100vw, 580px\" \/><figcaption id=\"caption-attachment-77953\" class=\"wp-caption-text\">CERRADO POR LUTO.- Los sanfelipe\u00f1os que ayer se acercaron para comprar sus helados favoritos en Helados Olgu\u00edn, se encontraron con la triste noticia y las puertas cerradas.<\/figcaption><\/figure>\n<ul>\n<li><span style=\"color: #ff0000;\"><strong>Sus funerales ser\u00e1n hoy a las 16:00 horas en la Iglesia Catedral:<\/strong><\/span><\/li>\n<\/ul>\n<p>Una ingrata noticia es la que hoy estamos compartiendo con nuestros lectores, luego que a las 11:20 horas de ayer martes dejara de existir la querida dama sanfelipe\u00f1a do\u00f1a Carmen Alarc\u00f3n, de la centenaria empresa familiar Helados Olgu\u00edn.<br \/>\nLa noticia cay\u00f3 como un cubo de agua fr\u00eda en el coraz\u00f3n de todo el Valle Aconcagua, pues era una mujer ampliamente conocida y querida en la zona.<br \/>\nSu muerte lleg\u00f3 a los 65 a\u00f1os, luego que hace un a\u00f1o se le detectara un agresivo c\u00e1ncer, y pese a que ella y sus familiares hicieron todo lo posible para enfrentar la enfermedad con medicina convencional y alternativa, finalmente hoy ya no la tenemos con nosotros.<br \/>\n\u00abT\u00eda Carmen era una mujer muy querida, ella dedic\u00f3 toda su vida en atender la helader\u00eda que fundaron los abuelos de su esposo Hugo Olgu\u00edn. Este negocio es lo que es ahora gracias al esfuerzo de toda la familia, pero tambi\u00e9n gracias al trabajo de t\u00eda Carmen, son unas diez personas las que trabajan ah\u00ed y a \u00e9stas tambi\u00e9n les ha afectado su partida\u00bb, inform\u00f3 a Diario El Trabajo el sobrino de la hoy fallecida, Francisco Alarc\u00f3n.<\/p>\n<p><strong>MUCHO PRESTIGIO<\/strong><br \/>\nDo\u00f1a Carmen tuvo dos bellas hijas, Ester y Adriana, de quienes recibi\u00f3 tres regalones nietecitos que iluminaban su vida desde su llegada.<br \/>\nEsta empresa, Helados Olgu\u00edn, fue distinguida por el Municipio sanfelipe\u00f1o hace algunos a\u00f1os, mientras que a la misma do\u00f1a Carmen se le distingui\u00f3 tambi\u00e9n como empresaria destacada, tambi\u00e9n por el Concejo Municipal de nuestra comuna.<br \/>\n\u00abElla fue una mujer digna de ser respetada, era muy honrada y ayudaba a quien pudiera sin pensarlo dos veces, supo compartir con los dem\u00e1s de lo que ten\u00eda y hoy la lloramos con gran pesar\u00bb, agreg\u00f3 Alarc\u00f3n.<\/p>\n<p><strong>\u00abSON MIS NI\u00d1AS\u00bb<\/strong><br \/>\nDiario El Trabajo habl\u00f3 con las empleadas de la helader\u00eda, quienes estaban m\u00e1s que afectadas, pues como ellas mismas aseguraron, \u00abla T\u00eda Carmen nunca se refer\u00eda a nosotras como \u2018empleadas\u2019, nos dec\u00eda \u2018mis ni\u00f1as\u2019\u00bb.<br \/>\nUna de ellas, Bernarda Honorato, quien labora en esa helader\u00eda desde hace cinco a\u00f1os, coment\u00f3 que \u00aben este momento somos ocho mujeres trabajando. Ella era para nosotros una amiga, m\u00e1s que una patrona. Ella y don Hugo nos apoyaron en todo y a todas, jefes muy amorosos y es por eso que a nombre de todas mis compa\u00f1eras de trabajo quiero dar las gracias, y expresar nuestro sincero p\u00e9same a esta gran familia sanfelipe\u00f1a\u00bb.<br \/>\nEl velatorio de do\u00f1a Carmen Alarc\u00f3n se est\u00e1 desarrollando en su casa de habitaci\u00f3n (Freire 224), hoy mi\u00e9rcoles a las 16:00 horas se realizar\u00e1 la Misa correspondiente, para pasar luego el cortejo f\u00fanebre al cementerio municipal de El Almendral. Todos quienes laboramos en Diario El Trabajo nos unimos solemnemente al sentimiento de P\u00e9rdida que la familia de do\u00f1a Carmen experimenta, esperando que logre cada uno de sus miembros encontrar las fuerzas para superar su partida.<br \/>\n<strong>Roberto Gonz\u00e1lez Short<\/strong><\/p>\n<figure id=\"attachment_77949\" aria-describedby=\"caption-attachment-77949\" style=\"width: 580px\" class=\"wp-caption alignnone\"><img data-recalc-dims=\"1\" loading=\"lazy\" decoding=\"async\" class=\"size-full wp-image-77949\" src=\"https:\/\/i0.wp.com\/www.eltrabajo.cl\/portal\/wp-content\/uploads\/2017\/03\/Carmen-Alarcon-2.jpg?resize=580%2C349\" alt=\"Carmen Alarc\u00f3n, distinguida dama sanfelipe\u00f1a.\" width=\"580\" height=\"349\" srcset=\"https:\/\/i0.wp.com\/eltrabajo.cl\/portal\/wp-content\/uploads\/2017\/03\/Carmen-Alarcon-2.jpg?w=580&amp;ssl=1 580w, https:\/\/i0.wp.com\/eltrabajo.cl\/portal\/wp-content\/uploads\/2017\/03\/Carmen-Alarcon-2.jpg?resize=200%2C120&amp;ssl=1 200w, https:\/\/i0.wp.com\/eltrabajo.cl\/portal\/wp-content\/uploads\/2017\/03\/Carmen-Alarcon-2.jpg?resize=300%2C181&amp;ssl=1 300w, https:\/\/i0.wp.com\/eltrabajo.cl\/portal\/wp-content\/uploads\/2017\/03\/Carmen-Alarcon-2.jpg?resize=249%2C150&amp;ssl=1 249w, https:\/\/i0.wp.com\/eltrabajo.cl\/portal\/wp-content\/uploads\/2017\/03\/Carmen-Alarcon-2.jpg?resize=400%2C241&amp;ssl=1 400w\" sizes=\"auto, (max-width: 580px) 100vw, 580px\" \/><figcaption id=\"caption-attachment-77949\" class=\"wp-caption-text\">Carmen Alarc\u00f3n, distinguida dama sanfelipe\u00f1a.<\/figcaption><\/figure>\n<figure id=\"attachment_77950\" aria-describedby=\"caption-attachment-77950\" style=\"width: 580px\" class=\"wp-caption alignnone\"><img data-recalc-dims=\"1\" loading=\"lazy\" decoding=\"async\" class=\"size-full wp-image-77950\" src=\"https:\/\/i0.wp.com\/www.eltrabajo.cl\/portal\/wp-content\/uploads\/2017\/03\/carmen-Ellas1-1.jpg?resize=580%2C348\" alt=\"SUS NI\u00d1AS.- Ellas son las empleadas que actualmente laboran en Helados Olgu\u00edn, quienes expresaron su pesar por este duro golpe.\" width=\"580\" height=\"348\" srcset=\"https:\/\/i0.wp.com\/eltrabajo.cl\/portal\/wp-content\/uploads\/2017\/03\/carmen-Ellas1-1.jpg?w=580&amp;ssl=1 580w, https:\/\/i0.wp.com\/eltrabajo.cl\/portal\/wp-content\/uploads\/2017\/03\/carmen-Ellas1-1.jpg?resize=200%2C120&amp;ssl=1 200w, https:\/\/i0.wp.com\/eltrabajo.cl\/portal\/wp-content\/uploads\/2017\/03\/carmen-Ellas1-1.jpg?resize=300%2C180&amp;ssl=1 300w, https:\/\/i0.wp.com\/eltrabajo.cl\/portal\/wp-content\/uploads\/2017\/03\/carmen-Ellas1-1.jpg?resize=250%2C150&amp;ssl=1 250w, https:\/\/i0.wp.com\/eltrabajo.cl\/portal\/wp-content\/uploads\/2017\/03\/carmen-Ellas1-1.jpg?resize=400%2C240&amp;ssl=1 400w\" sizes=\"auto, (max-width: 580px) 100vw, 580px\" \/><figcaption id=\"caption-attachment-77950\" class=\"wp-caption-text\">SUS NI\u00d1AS.- Ellas son las empleadas que actualmente laboran en Helados Olgu\u00edn, quienes expresaron su pesar por este duro golpe.<\/figcaption><\/figure>\n<figure id=\"attachment_77951\" aria-describedby=\"caption-attachment-77951\" style=\"width: 580px\" class=\"wp-caption alignnone\"><img data-recalc-dims=\"1\" loading=\"lazy\" decoding=\"async\" class=\"size-full wp-image-77951\" src=\"https:\/\/i0.wp.com\/www.eltrabajo.cl\/portal\/wp-content\/uploads\/2017\/03\/carmen-Regalonas1-1.jpg?resize=580%2C350\" alt=\"LA REINA.- En esta foto del recuerdo sacada de redes sociales, vemos a do\u00f1a Carmen Alarc\u00f3n en compa\u00f1\u00eda de \u2018sus ni\u00f1as\u2019, algunas de ellas ya no laboran en esta empresa familiar.\" width=\"580\" height=\"350\" srcset=\"https:\/\/i0.wp.com\/eltrabajo.cl\/portal\/wp-content\/uploads\/2017\/03\/carmen-Regalonas1-1.jpg?w=580&amp;ssl=1 580w, https:\/\/i0.wp.com\/eltrabajo.cl\/portal\/wp-content\/uploads\/2017\/03\/carmen-Regalonas1-1.jpg?resize=200%2C121&amp;ssl=1 200w, https:\/\/i0.wp.com\/eltrabajo.cl\/portal\/wp-content\/uploads\/2017\/03\/carmen-Regalonas1-1.jpg?resize=300%2C181&amp;ssl=1 300w, https:\/\/i0.wp.com\/eltrabajo.cl\/portal\/wp-content\/uploads\/2017\/03\/carmen-Regalonas1-1.jpg?resize=249%2C150&amp;ssl=1 249w, https:\/\/i0.wp.com\/eltrabajo.cl\/portal\/wp-content\/uploads\/2017\/03\/carmen-Regalonas1-1.jpg?resize=400%2C241&amp;ssl=1 400w\" sizes=\"auto, (max-width: 580px) 100vw, 580px\" \/><figcaption id=\"caption-attachment-77951\" class=\"wp-caption-text\">LA REINA.- En esta foto del recuerdo sacada de redes sociales, vemos a do\u00f1a Carmen Alarc\u00f3n en compa\u00f1\u00eda de \u2018sus ni\u00f1as\u2019, algunas de ellas ya no laboran en esta empresa familiar.<\/figcaption><\/figure>\n<figure id=\"attachment_77952\" aria-describedby=\"caption-attachment-77952\" style=\"width: 580px\" class=\"wp-caption alignnone\"><img data-recalc-dims=\"1\" loading=\"lazy\" decoding=\"async\" class=\"size-full wp-image-77952\" src=\"https:\/\/i0.wp.com\/www.eltrabajo.cl\/portal\/wp-content\/uploads\/2017\/03\/Francisco-Alarcon-1.jpg?resize=580%2C349\" alt=\"Francisco Alarc\u00f3n, sobrino de do\u00f1a Carmen.\" width=\"580\" height=\"349\" srcset=\"https:\/\/i0.wp.com\/eltrabajo.cl\/portal\/wp-content\/uploads\/2017\/03\/Francisco-Alarcon-1.jpg?w=580&amp;ssl=1 580w, https:\/\/i0.wp.com\/eltrabajo.cl\/portal\/wp-content\/uploads\/2017\/03\/Francisco-Alarcon-1.jpg?resize=200%2C120&amp;ssl=1 200w, https:\/\/i0.wp.com\/eltrabajo.cl\/portal\/wp-content\/uploads\/2017\/03\/Francisco-Alarcon-1.jpg?resize=300%2C181&amp;ssl=1 300w, https:\/\/i0.wp.com\/eltrabajo.cl\/portal\/wp-content\/uploads\/2017\/03\/Francisco-Alarcon-1.jpg?resize=249%2C150&amp;ssl=1 249w, https:\/\/i0.wp.com\/eltrabajo.cl\/portal\/wp-content\/uploads\/2017\/03\/Francisco-Alarcon-1.jpg?resize=400%2C241&amp;ssl=1 400w\" sizes=\"auto, (max-width: 580px) 100vw, 580px\" \/><figcaption id=\"caption-attachment-77952\" class=\"wp-caption-text\">Francisco Alarc\u00f3n, sobrino de do\u00f1a Carmen.<\/figcaption><\/figure>\n<figure id=\"attachment_77954\" aria-describedby=\"caption-attachment-77954\" style=\"width: 580px\" class=\"wp-caption alignnone\"><img data-recalc-dims=\"1\" loading=\"lazy\" decoding=\"async\" class=\"size-full wp-image-77954\" src=\"https:\/\/i0.wp.com\/www.eltrabajo.cl\/portal\/wp-content\/uploads\/2017\/03\/Bernarda-Honorato-1.jpg?resize=580%2C349\" alt=\"Bernarda Honorato, labora en esa helader\u00eda desde hace cinco a\u00f1os.\" width=\"580\" height=\"349\" srcset=\"https:\/\/i0.wp.com\/eltrabajo.cl\/portal\/wp-content\/uploads\/2017\/03\/Bernarda-Honorato-1.jpg?w=580&amp;ssl=1 580w, https:\/\/i0.wp.com\/eltrabajo.cl\/portal\/wp-content\/uploads\/2017\/03\/Bernarda-Honorato-1.jpg?resize=200%2C120&amp;ssl=1 200w, https:\/\/i0.wp.com\/eltrabajo.cl\/portal\/wp-content\/uploads\/2017\/03\/Bernarda-Honorato-1.jpg?resize=300%2C181&amp;ssl=1 300w, https:\/\/i0.wp.com\/eltrabajo.cl\/portal\/wp-content\/uploads\/2017\/03\/Bernarda-Honorato-1.jpg?resize=249%2C150&amp;ssl=1 249w, https:\/\/i0.wp.com\/eltrabajo.cl\/portal\/wp-content\/uploads\/2017\/03\/Bernarda-Honorato-1.jpg?resize=400%2C241&amp;ssl=1 400w\" sizes=\"auto, (max-width: 580px) 100vw, 580px\" \/><figcaption id=\"caption-attachment-77954\" class=\"wp-caption-text\">Bernarda Honorato, labora en esa helader\u00eda desde hace cinco a\u00f1os.<\/figcaption><\/figure>\n","protected":false},"excerpt":{"rendered":"<p>Sus funerales ser\u00e1n hoy a las 16:00 horas en la Iglesia Catedral: Una ingrata noticia es la que hoy estamos compartiendo con nuestros lectores, luego que a las 11:20 horas de ayer&#8230;<\/p>\n","protected":false},"author":482,"featured_media":77949,"comment_status":"open","ping_status":"open","sticky":false,"template":"","format":"standard","meta":{"advanced_seo_description":"","jetpack_seo_html_title":"","jetpack_seo_noindex":false,"_jetpack_memberships_contains_paid_content":false,"footnotes":""},"categories":[15],"tags":[],"class_list":["post-77947","post","type-post","status-publish","format-standard","has-post-thumbnail","hentry","category-comunidad"],"jetpack_featured_media_url":"https:\/\/i0.wp.com\/eltrabajo.cl\/portal\/wp-content\/uploads\/2017\/03\/Carmen-Alarcon-2.jpg?fit=580%2C349&ssl=1","jetpack_sharing_enabled":true,"jetpack_likes_enabled":true,"jetpack-related-posts":[],"_links":{"self":[{"href":"https:\/\/eltrabajo.cl\/portal\/wp-json\/wp\/v2\/posts\/77947","targetHints":{"allow":["GET"]}}],"collection":[{"href":"https:\/\/eltrabajo.cl\/portal\/wp-json\/wp\/v2\/posts"}],"about":[{"href":"https:\/\/eltrabajo.cl\/portal\/wp-json\/wp\/v2\/types\/post"}],"author":[{"embeddable":true,"href":"https:\/\/eltrabajo.cl\/portal\/wp-json\/wp\/v2\/users\/482"}],"replies":[{"embeddable":true,"href":"https:\/\/eltrabajo.cl\/portal\/wp-json\/wp\/v2\/comments?post=77947"}],"version-history":[{"count":0,"href":"https:\/\/eltrabajo.cl\/portal\/wp-json\/wp\/v2\/posts\/77947\/revisions"}],"wp:featuredmedia":[{"embeddable":true,"href":"https:\/\/eltrabajo.cl\/portal\/wp-json\/wp\/v2\/media\/77949"}],"wp:attachment":[{"href":"https:\/\/eltrabajo.cl\/portal\/wp-json\/wp\/v2\/media?parent=77947"}],"wp:term":[{"taxonomy":"category","embeddable":true,"href":"https:\/\/eltrabajo.cl\/portal\/wp-json\/wp\/v2\/categories?post=77947"},{"taxonomy":"post_tag","embeddable":true,"href":"https:\/\/eltrabajo.cl\/portal\/wp-json\/wp\/v2\/tags?post=77947"}],"curies":[{"name":"wp","href":"https:\/\/api.w.org\/{rel}","templated":true}]}}