{"id":77964,"date":"2017-03-23T06:01:30","date_gmt":"2017-03-23T10:01:30","guid":{"rendered":"http:\/\/www.eltrabajo.cl\/2017\/?p=77964"},"modified":"2017-03-23T06:01:30","modified_gmt":"2017-03-23T10:01:30","slug":"en-alrededor-de-un-30-subiran-los-sueldos-de-profesores-aconcaguinos","status":"publish","type":"post","link":"https:\/\/eltrabajo.cl\/portal\/en-alrededor-de-un-30-subiran-los-sueldos-de-profesores-aconcaguinos\/","title":{"rendered":"En alrededor de un 30% subir\u00e1n los sueldos de profesores aconcag\u00fcinos"},"content":{"rendered":"<figure id=\"attachment_77965\" aria-describedby=\"caption-attachment-77965\" style=\"width: 580px\" class=\"wp-caption alignnone\"><img data-recalc-dims=\"1\" loading=\"lazy\" decoding=\"async\" class=\"size-full wp-image-77965\" src=\"https:\/\/i0.wp.com\/www.eltrabajo.cl\/portal\/wp-content\/uploads\/2017\/03\/Jorge-Oliveros-Arenas-1.jpg?resize=580%2C349\" alt=\"Jorge Oliveros Arenas, Director Biprovincial de Educaci\u00f3n San Felipe-Los Andes.\" width=\"580\" height=\"349\" srcset=\"https:\/\/i0.wp.com\/eltrabajo.cl\/portal\/wp-content\/uploads\/2017\/03\/Jorge-Oliveros-Arenas-1.jpg?w=580&amp;ssl=1 580w, https:\/\/i0.wp.com\/eltrabajo.cl\/portal\/wp-content\/uploads\/2017\/03\/Jorge-Oliveros-Arenas-1.jpg?resize=200%2C120&amp;ssl=1 200w, https:\/\/i0.wp.com\/eltrabajo.cl\/portal\/wp-content\/uploads\/2017\/03\/Jorge-Oliveros-Arenas-1.jpg?resize=300%2C181&amp;ssl=1 300w, https:\/\/i0.wp.com\/eltrabajo.cl\/portal\/wp-content\/uploads\/2017\/03\/Jorge-Oliveros-Arenas-1.jpg?resize=249%2C150&amp;ssl=1 249w, https:\/\/i0.wp.com\/eltrabajo.cl\/portal\/wp-content\/uploads\/2017\/03\/Jorge-Oliveros-Arenas-1.jpg?resize=400%2C241&amp;ssl=1 400w\" sizes=\"auto, (max-width: 580px) 100vw, 580px\" \/><figcaption id=\"caption-attachment-77965\" class=\"wp-caption-text\">Jorge Oliveros Arenas, Director Biprovincial de Educaci\u00f3n San Felipe-Los Andes.<\/figcaption><\/figure>\n<ul>\n<li><strong><span style=\"color: #ff0000;\">Nuevo Sistema de Evaluaci\u00f3n Docente:<\/span> Pese a que a\u00fan no existe un detalle espec\u00edfico por comuna, los primeros n\u00fameros indicar\u00edan que gran parte de los docentes del Valle de Aconcagua estar\u00edan bien calificados<\/strong><\/li>\n<\/ul>\n<p>El director biprovincial de Educaci\u00f3n en Aconcagua, Jorge Oliveros Arenas, confirm\u00f3 que los primeros resultados del sistema de evaluaci\u00f3n docente arrojaron muy buenos indicadores para las provincias de San Felipe y Los Andes, lo que se traducir\u00eda en un alza de alrededor de un 30% en los sueldos de los profesores pertenecientes a la educaci\u00f3n p\u00fablica.<br \/>\n\u201cEs una muy buena noticia para la educaci\u00f3n en general y particularmente para los profesores, porque indudablemente en su gran mayor\u00eda, ellos van a ver mejoras sustantivas en sus remuneraciones\u201d, ratific\u00f3 Oliveros<br \/>\nEl personero se mostr\u00f3 muy optimista con los resultados parciales, puesto que asegur\u00f3 que la ganancia no es s\u00f3lo a nivel econ\u00f3mico y personal para los docentes, sino que adem\u00e1s permitir\u00e1 que los buenos profesores se mantengan al interior de las salas de clases desarrollando el proceso de ense\u00f1anza-aprendizaje, sin tener la necesidad de buscar puestos administrativos o directivos para conseguir un alza de su renta.<br \/>\n\u201cEsa es la gran noticia, porque un profesor bien evaluado hoy, puede superar incluso las remuneraciones de un director, por lo tanto, ya no necesitan estar pensando en ser directivo\u2026 muchas veces han ganado directores que no han sido muy buenos, pero eran excelentes profesores, porque el trabajo de la gesti\u00f3n directiva en las escuelas es muy distinto a la labor de aula\u201d, sostuvo el Deprov.<br \/>\nSi bien a\u00fan no se conoce con exactitud la cantidad de profesores que ver\u00e1n incrementados sus sueldos, tambi\u00e9n se espera que exista un porcentaje, que no haya sorteado positivamente este proceso, grupo de profesionales que para el Deprov tambi\u00e9n resulta relevante, puesto que \u201cindudablemente atender la diversidad de las aulas, es un desaf\u00edo que no todos los profesores est\u00e1n preparados para asumir, tenemos que prepararlos para que asuman que los cursos ya no son homog\u00e9neos, que hay ni\u00f1os con dificultades al interior de las aulas, pero tienen derecho de estar ah\u00ed y tienen derecho a aprender en su ritmo e ir super\u00e1ndose\u201d, argument\u00f3.<br \/>\nOliveros se refiri\u00f3 tambi\u00e9n a la importancia de la distribuci\u00f3n de las horas lectivas versus las horas no lectivas, al momento de buscar mejorar la calidad de la educaci\u00f3n. El Mineduc ha dispuesto que el incremento de horas no lectivas entre en vigencia el a\u00f1o escolar 2019, cuando se alcance una proporci\u00f3n de 65\/35. No obstante, en el a\u00f1o escolar 2017 se dio un primer incremento de 5 puntos porcentuales: las horas de docencia de aula para los a\u00f1os 2017 y 2018, para un contrato de 44 horas, no podr\u00e1n exceder de 30 horas con 45 minutos, excluidos los recreos, tanto para los establecimientos en r\u00e9gimen de Jornada Escolar Completa Diurna como para aquellos con jornada \u00fanica.<br \/>\n\u201cHoy para desarrollar una mejor educaci\u00f3n en el aula, los profesores necesitan tiempo para poder preparar la ense\u00f1anza, estudiar, perfeccionarse\u201d, argument\u00f3 Oliveros, proyect\u00e1ndose a llegar a una distribuci\u00f3n de 50\/50 y poniendo como ejemplo el sistema de pa\u00edses desarrollados como Francia, en donde los profesores usan el 50% de su tiempo en preparar la informaci\u00f3n que entregar\u00e1n a sus estudiantes.<\/p>\n","protected":false},"excerpt":{"rendered":"<p>Nuevo Sistema de Evaluaci\u00f3n Docente: Pese a que a\u00fan no existe un detalle espec\u00edfico por comuna, los primeros n\u00fameros indicar\u00edan que gran parte de los docentes del Valle de Aconcagua estar\u00edan bien&#8230;<\/p>\n","protected":false},"author":482,"featured_media":77965,"comment_status":"open","ping_status":"open","sticky":false,"template":"","format":"standard","meta":{"advanced_seo_description":"","jetpack_seo_html_title":"","jetpack_seo_noindex":false,"_jetpack_memberships_contains_paid_content":false,"footnotes":""},"categories":[1],"tags":[],"class_list":["post-77964","post","type-post","status-publish","format-standard","has-post-thumbnail","hentry","category-cronica"],"jetpack_featured_media_url":"https:\/\/i0.wp.com\/eltrabajo.cl\/portal\/wp-content\/uploads\/2017\/03\/Jorge-Oliveros-Arenas-1.jpg?fit=580%2C349&ssl=1","jetpack_sharing_enabled":true,"jetpack_likes_enabled":true,"jetpack-related-posts":[],"_links":{"self":[{"href":"https:\/\/eltrabajo.cl\/portal\/wp-json\/wp\/v2\/posts\/77964","targetHints":{"allow":["GET"]}}],"collection":[{"href":"https:\/\/eltrabajo.cl\/portal\/wp-json\/wp\/v2\/posts"}],"about":[{"href":"https:\/\/eltrabajo.cl\/portal\/wp-json\/wp\/v2\/types\/post"}],"author":[{"embeddable":true,"href":"https:\/\/eltrabajo.cl\/portal\/wp-json\/wp\/v2\/users\/482"}],"replies":[{"embeddable":true,"href":"https:\/\/eltrabajo.cl\/portal\/wp-json\/wp\/v2\/comments?post=77964"}],"version-history":[{"count":0,"href":"https:\/\/eltrabajo.cl\/portal\/wp-json\/wp\/v2\/posts\/77964\/revisions"}],"wp:featuredmedia":[{"embeddable":true,"href":"https:\/\/eltrabajo.cl\/portal\/wp-json\/wp\/v2\/media\/77965"}],"wp:attachment":[{"href":"https:\/\/eltrabajo.cl\/portal\/wp-json\/wp\/v2\/media?parent=77964"}],"wp:term":[{"taxonomy":"category","embeddable":true,"href":"https:\/\/eltrabajo.cl\/portal\/wp-json\/wp\/v2\/categories?post=77964"},{"taxonomy":"post_tag","embeddable":true,"href":"https:\/\/eltrabajo.cl\/portal\/wp-json\/wp\/v2\/tags?post=77964"}],"curies":[{"name":"wp","href":"https:\/\/api.w.org\/{rel}","templated":true}]}}