{"id":78062,"date":"2017-03-28T06:03:46","date_gmt":"2017-03-28T10:03:46","guid":{"rendered":"http:\/\/www.eltrabajo.cl\/2017\/?p=78062"},"modified":"2017-03-28T06:03:46","modified_gmt":"2017-03-28T10:03:46","slug":"denuncian-a-farmacia-ante-autoridad-sanitaria-por-medicamento-vencido","status":"publish","type":"post","link":"https:\/\/eltrabajo.cl\/portal\/denuncian-a-farmacia-ante-autoridad-sanitaria-por-medicamento-vencido\/","title":{"rendered":"Denuncian a farmacia ante Autoridad Sanitaria por medicamento vencido"},"content":{"rendered":"<figure id=\"attachment_78063\" aria-describedby=\"caption-attachment-78063\" style=\"width: 580px\" class=\"wp-caption alignnone\"><img data-recalc-dims=\"1\" loading=\"lazy\" decoding=\"async\" class=\"size-full wp-image-78063\" src=\"https:\/\/i0.wp.com\/www.eltrabajo.cl\/portal\/wp-content\/uploads\/2017\/03\/medicamentos-adulterada-fecha-1.jpg?resize=580%2C348\" alt=\"A la izquierda se muestra el medicamento cuya fecha de vencimiento es 06-2017. Abajo el mismo medicamento que en definitiva venc\u00eda en 06 del 2016.\" width=\"580\" height=\"348\" srcset=\"https:\/\/i0.wp.com\/eltrabajo.cl\/portal\/wp-content\/uploads\/2017\/03\/medicamentos-adulterada-fecha-1.jpg?w=580&amp;ssl=1 580w, https:\/\/i0.wp.com\/eltrabajo.cl\/portal\/wp-content\/uploads\/2017\/03\/medicamentos-adulterada-fecha-1.jpg?resize=200%2C120&amp;ssl=1 200w, https:\/\/i0.wp.com\/eltrabajo.cl\/portal\/wp-content\/uploads\/2017\/03\/medicamentos-adulterada-fecha-1.jpg?resize=300%2C180&amp;ssl=1 300w, https:\/\/i0.wp.com\/eltrabajo.cl\/portal\/wp-content\/uploads\/2017\/03\/medicamentos-adulterada-fecha-1.jpg?resize=250%2C150&amp;ssl=1 250w, https:\/\/i0.wp.com\/eltrabajo.cl\/portal\/wp-content\/uploads\/2017\/03\/medicamentos-adulterada-fecha-1.jpg?resize=400%2C240&amp;ssl=1 400w\" sizes=\"auto, (max-width: 580px) 100vw, 580px\" \/><figcaption id=\"caption-attachment-78063\" class=\"wp-caption-text\">A la izquierda se muestra el medicamento cuya fecha de vencimiento es 06-2017. Abajo el mismo medicamento que en definitiva venc\u00eda en 06 del 2016.<\/figcaption><\/figure>\n<ul>\n<li><span style=\"color: #ff0000;\"><strong>Clienta asegura que fecha de vencimiento real en el envase, de junio de 2016, estaba cubierta con una segunda etiqueta con fecha junio de 2017.<\/strong><\/span><\/li>\n<\/ul>\n<p>Una grave denuncia en contra de una farmacia fue presentada ante la Autoridad Sanitaria en San Felipe, por supuestamente vender un medicamento vencido hace m\u00e1s de un a\u00f1o y al cual se le habr\u00eda cambiado la fecha de vencimiento.<br \/>\nLa denuncia fue interpuesta por la afectada, Pierinna Peppi, quien denuncia que el hecho ocurri\u00f3 \u201cel viernes de la semana pasada cuando fui a la farmacia Cruz Verde que est\u00e1 ubicada en la calle Merced, frente a la Plaza de Armas, y compr\u00e9 un medicamento llamado Restaural, que se ocupa en caso de depresiones o en caso de crisis de p\u00e1nico\u201d.<br \/>\nEl medicamento fue recetado por un psiquiatra bajo otro nombre de m\u00e1s valor, pero ella por ahorrar unos pesos pregunt\u00f3 por un bioequivalente.<br \/>\nSeg\u00fan explica, lleg\u00f3 a la farmacia donde indic\u00f3 que necesitaba el medicamento, pero a la vez pregunt\u00f3 por otro m\u00e1s barato y que fuera Bioequivalente, para que no le saliera tan caro.<br \/>\nAgrega que la persona que le atendi\u00f3 comenz\u00f3 a buscar y encontr\u00f3 uno m\u00e1s barato bioequivalente: \u201cMe dice \u2018est\u00e1 este bioequivalente Restaural del laboratorio Farmavita, que tiene las mismas caracter\u00edsticas y en la etiqueta marca $18.990 pero parece que est\u00e1 m\u00e1s barato\u2019. Lo marca en la caja y me dice que est\u00e1 en $12.990. Hasta ah\u00ed no me llam\u00f3 nada la atenci\u00f3n, que bueno que el medicamento est\u00e9 m\u00e1s barato\u201d, dice que pens\u00f3.<br \/>\nPosteriormente se dirigi\u00f3 a su casa donde debido a la man\u00eda que tiene de revisar las etiquetas de los productos para verificar las fechas de los vencimientos, m\u00e1s a\u00fan porque le llam\u00f3 la atenci\u00f3n que venciera en junio de este a\u00f1o: \u201cDije yo qu\u00e9 corto el tiempo, pero que bien porque en mi caso lo necesitaba s\u00f3lo un mes y eso era todo, y empiezo a fijarme m\u00e1s y vi que bajo un stiker que dec\u00eda 06 del 2017 hab\u00eda un impreso en la caja que dec\u00eda vence 06-2016\u201d.<br \/>\nCuenta que lo primero que hizo una vez que se da cuenta, fue sacarle unas fotos porque ignoraba qu\u00e9 pudiese suceder: \u201cPart\u00ed a la farmacia y le digo al vendedor que este remedio est\u00e1 alterado, el remedio est\u00e1 vencido hace un a\u00f1o y usted sabe la clase de medicamentos que son\u2026 Esto no es una aspirina y aunque fuera una aspirina. \u00c9l me dijo que no\u2026 que \u2018puede ser que esa caja estuviera vencida y lo podemos cambiar\u2026 veamos otro\u2019 le dijo el vendedor. Bueno, revis\u00f3 los otros que tienen el mismo nombre, pero con otra cantidad de miligramos y estaban todos alterados\u2026 es decir todos estaban vencidos en la misma fecha\u201d, dice Pierina.<br \/>\nActo seguido y despu\u00e9s de un rato apareci\u00f3 la Qu\u00edmico Farmac\u00e9utica, \u201cquien me dijo en forma muy gentil, d\u00e1ndose cuenta que estaban en una situaci\u00f3n grave: \u2018No s\u00e9 qu\u00e9 decirle esto es grave\u2019. En ese momento me embolinaron la perdiz, porque en ese momento necesitaba el medicamento y no me iba a gastar otra suma, me dice que no me preocupara, que lo iban a retirar, pero que deb\u00edan seguir un protocolo, no es llegar y sacarlo, \u2018pero yo le cambio por otro que usted quiera llevar y no se preocupe por la diferencia, porque se lo dejamos al mismo precio\u2019. Y ah\u00ed dije que esto no es normal\u2026 esto no es normal y me fui para la casa poco contenta y un poco preocupada\u201d, se\u00f1ala.<br \/>\nEste lunes la afectada concurri\u00f3 hasta las oficinas de la Autoridad Sanitaria ubicadas en calle San Mart\u00edn esquina Salinas, donde estamp\u00f3 la denuncia correspondiente contra la farmacia, m\u00e1s que nada por una responsabilidad ciudadana: \u201cNo s\u00e9 qu\u00e9 va a pasar, yo no pretendo ganar nada con esto, yo quiero que la gente est\u00e9 alerta\u201d, finaliz\u00f3 la denunciante.<br \/>\nEn cuanto al remedio vencido, qued\u00f3 en la misma farmacia, siendo cambiado por otro. Hasta el momento no est\u00e1 claro si el medicamento estaba realmente vencido o fue solo un error de etiquetado.<\/p>\n","protected":false},"excerpt":{"rendered":"<p>Clienta asegura que fecha de vencimiento real en el envase, de junio de 2016, estaba cubierta con una segunda etiqueta con fecha junio de 2017. Una grave denuncia en contra de una&#8230;<\/p>\n","protected":false},"author":482,"featured_media":78063,"comment_status":"open","ping_status":"open","sticky":false,"template":"","format":"standard","meta":{"advanced_seo_description":"","jetpack_seo_html_title":"","jetpack_seo_noindex":false,"_jetpack_memberships_contains_paid_content":false,"footnotes":""},"categories":[15],"tags":[],"class_list":["post-78062","post","type-post","status-publish","format-standard","has-post-thumbnail","hentry","category-comunidad"],"jetpack_featured_media_url":"https:\/\/i0.wp.com\/eltrabajo.cl\/portal\/wp-content\/uploads\/2017\/03\/medicamentos-adulterada-fecha-1.jpg?fit=580%2C348&ssl=1","jetpack_sharing_enabled":true,"jetpack_likes_enabled":true,"jetpack-related-posts":[],"_links":{"self":[{"href":"https:\/\/eltrabajo.cl\/portal\/wp-json\/wp\/v2\/posts\/78062","targetHints":{"allow":["GET"]}}],"collection":[{"href":"https:\/\/eltrabajo.cl\/portal\/wp-json\/wp\/v2\/posts"}],"about":[{"href":"https:\/\/eltrabajo.cl\/portal\/wp-json\/wp\/v2\/types\/post"}],"author":[{"embeddable":true,"href":"https:\/\/eltrabajo.cl\/portal\/wp-json\/wp\/v2\/users\/482"}],"replies":[{"embeddable":true,"href":"https:\/\/eltrabajo.cl\/portal\/wp-json\/wp\/v2\/comments?post=78062"}],"version-history":[{"count":0,"href":"https:\/\/eltrabajo.cl\/portal\/wp-json\/wp\/v2\/posts\/78062\/revisions"}],"wp:featuredmedia":[{"embeddable":true,"href":"https:\/\/eltrabajo.cl\/portal\/wp-json\/wp\/v2\/media\/78063"}],"wp:attachment":[{"href":"https:\/\/eltrabajo.cl\/portal\/wp-json\/wp\/v2\/media?parent=78062"}],"wp:term":[{"taxonomy":"category","embeddable":true,"href":"https:\/\/eltrabajo.cl\/portal\/wp-json\/wp\/v2\/categories?post=78062"},{"taxonomy":"post_tag","embeddable":true,"href":"https:\/\/eltrabajo.cl\/portal\/wp-json\/wp\/v2\/tags?post=78062"}],"curies":[{"name":"wp","href":"https:\/\/api.w.org\/{rel}","templated":true}]}}