{"id":78065,"date":"2017-03-28T06:04:56","date_gmt":"2017-03-28T10:04:56","guid":{"rendered":"http:\/\/www.eltrabajo.cl\/2017\/?p=78065"},"modified":"2017-03-28T06:04:56","modified_gmt":"2017-03-28T10:04:56","slug":"universitario-con-graves-consecuencias-al-ser-mordido-por-arana-de-rincon","status":"publish","type":"post","link":"https:\/\/eltrabajo.cl\/portal\/universitario-con-graves-consecuencias-al-ser-mordido-por-arana-de-rincon\/","title":{"rendered":"Universitario con graves consecuencias al ser mordido por ara\u00f1a de rinc\u00f3n"},"content":{"rendered":"<figure id=\"attachment_78067\" aria-describedby=\"caption-attachment-78067\" style=\"width: 580px\" class=\"wp-caption alignnone\"><img data-recalc-dims=\"1\" loading=\"lazy\" decoding=\"async\" class=\"size-full wp-image-78067\" src=\"https:\/\/i0.wp.com\/www.eltrabajo.cl\/portal\/wp-content\/uploads\/2017\/03\/MORDIDA-1-1.jpg?resize=580%2C349\" alt=\"En la primera semana el paciente presentaba este estado su pierna.\" width=\"580\" height=\"349\" srcset=\"https:\/\/i0.wp.com\/eltrabajo.cl\/portal\/wp-content\/uploads\/2017\/03\/MORDIDA-1-1.jpg?w=580&amp;ssl=1 580w, https:\/\/i0.wp.com\/eltrabajo.cl\/portal\/wp-content\/uploads\/2017\/03\/MORDIDA-1-1.jpg?resize=200%2C120&amp;ssl=1 200w, https:\/\/i0.wp.com\/eltrabajo.cl\/portal\/wp-content\/uploads\/2017\/03\/MORDIDA-1-1.jpg?resize=300%2C181&amp;ssl=1 300w, https:\/\/i0.wp.com\/eltrabajo.cl\/portal\/wp-content\/uploads\/2017\/03\/MORDIDA-1-1.jpg?resize=249%2C150&amp;ssl=1 249w, https:\/\/i0.wp.com\/eltrabajo.cl\/portal\/wp-content\/uploads\/2017\/03\/MORDIDA-1-1.jpg?resize=400%2C241&amp;ssl=1 400w\" sizes=\"auto, (max-width: 580px) 100vw, 580px\" \/><figcaption id=\"caption-attachment-78067\" class=\"wp-caption-text\">En la primera semana el paciente presentaba este estado su pierna.<\/figcaption><\/figure>\n<ul>\n<li><strong><span style=\"color: #ff0000;\">Acusa negligencia m\u00e9dica en Hospital San Camilo:<\/span>\u00a0El afectado sostiene que a su juicio la ayuda m\u00e9dica fue bastante burocr\u00e1tica para revertir a tiempo las secuelas de la mordedura. Actualmente el avanzado da\u00f1o cut\u00e1neo le produjo una necrosis en su pierna que le significar\u00e1 ser sometido a una intervenci\u00f3n quir\u00fargica. <\/strong><\/li>\n<\/ul>\n<p>Una grave y compleja situaci\u00f3n de salud es la que est\u00e1 viviendo un joven estudiante sanfelipe\u00f1o de 25 a\u00f1os de edad, tras sufrir una mordedura de ara\u00f1a de rinc\u00f3n en su pierna derecha, la que por su avanzado estado de descomposici\u00f3n cut\u00e1nea producto del veneno inyectado, le comprometi\u00f3 gran parte del tejido de su extremidad, debiendo ser sometido en las pr\u00f3ximas horas a una rigurosa intervenci\u00f3n quir\u00fargica tras largos tratamientos m\u00e9dicos.<br \/>\nJos\u00e9 Jes\u00fas Tapia Campos, estudiante de Ingenier\u00eda en Prevenci\u00f3n de Riesgos, acusa directamente una negligencia m\u00e9dica en el Hospital San Camilo, debido a que en primera instancia el pasado 15 de febrero alert\u00f3 al personal m\u00e9dico haber sido mordido por una ara\u00f1a, pero le habr\u00edan restado importancia tras la respuesta que deb\u00eda \u2018llevar el ejemplar del ar\u00e1cnido\u2019.<br \/>\nEl afectado detalla que aquel d\u00eda despert\u00f3 cerca de las 08:00 horas, se puso su pantal\u00f3n sintiendo un pinchazo en su pierna, pero al correr de las horas comenz\u00f3 a sentir dolores insoportables, concurriendo hasta el servicio de urgencias del San Camilo, donde luego de varias horas de espera, Jos\u00e9 dice que el m\u00e9dico que lo revis\u00f3, no estableci\u00f3 de inmediato un diagn\u00f3stico de mordedura de ara\u00f1a de rinc\u00f3n, pese a las sospechas, d\u00e1ndole el alta. Detalles que nos revela a trav\u00e9s de esta entrevista concedida en exclusiva a Diario El Trabajo.<br \/>\n<strong>&#8211; \u00bfQu\u00e9 ocurri\u00f3 con tu estado de salud?<\/strong><br \/>\n&#8211; Al d\u00eda siguiente volv\u00ed al servicio de urgencias porque ten\u00eda mi pierna roja, estaba enronchado, llegu\u00e9 como a las 16:00 horas, esper\u00e9 hasta las 22:00 horas y nunca me atendieron y me devolv\u00ed a mi casa. Al d\u00eda siguiente volv\u00ed de nuevo y me atendieron, pero para ser derivado a un control en el Cesfam Segismundo Iturra para hacerme curaciones. Cuando me vieron las ampollas que ten\u00eda, me dijeron que la piel se ir\u00eda saliendo sola.<br \/>\n<strong>&#8211; \u00bfConcurriste al Cesfam?<\/strong><br \/>\n&#8211; S\u00ed, el d\u00eda lunes me atendi\u00f3 una doctora que no recuerdo su nombre, pero ella me deriv\u00f3 a urgencias de nuevo porque ella no se atrevi\u00f3 a hacerme nada en mi pierna.<br \/>\n<strong>&#8211; Hasta ese entonces, \u00bfcu\u00e1l fue la evaluaci\u00f3n que te hicieron?<\/strong><br \/>\n&#8211; Un cirujano me explic\u00f3 que la piel se ir\u00eda saliendo como las culebras, yo siempre supe que era una mordedura de ara\u00f1a, porque el estado que ya ten\u00eda en mi pierna no era de cualquier bicho. Despu\u00e9s que me derivaron del Cesfam fui a urgencias, me atendi\u00f3 el doctor Huerta, quien inmediatamente me hospitaliz\u00f3 porque mis piernas, mis brazos y el t\u00f3rax estaban completamente rojos, se me produjo una alergia, el primer d\u00eda estuve con fiebre y v\u00f3mitos.<br \/>\n<strong>&#8211; \u00bfCu\u00e1nto tiempo estuviste hospitalizado?<\/strong><br \/>\n&#8211; Estuve dos d\u00edas en Cirug\u00eda, al tercer d\u00eda empec\u00e9 con fiebre, vomit\u00e9 bilis y orinar sangre. Me hicieron los ex\u00e1menes y me derivaron a la UTI, ah\u00ed estuve cinco d\u00edas, me estabilizaron, con bicarbonato y suero. Luego volv\u00ed a Cirug\u00eda, ah\u00ed estuve tres o cuatro d\u00edas hasta darme de alta con fecha de controles en tres semanas siguientes. Ah\u00ed me dijeron que ten\u00eda que operarme reci\u00e9n.<br \/>\n<strong>&#8211; \u00bfCu\u00e1l es tu situaci\u00f3n actual en tu pierna?<\/strong><br \/>\n&#8211; Ahora tengo una costra gigante en la pierna, ellos despu\u00e9s de una semana, al estar ya hospitalizado, reconocieron que era loxoscelismo cut\u00e1neo \u2013 visceral (cuadro t\u00f3xico producido por el veneno que inyectan ara\u00f1as del g\u00e9nero Loxosceles conocida en Chile como Ara\u00f1a de Rinc\u00f3n). Yo desde el primer d\u00eda les dije que era mordedura de ara\u00f1a y los s\u00edntomas m\u00e1s graves me ocurrieron estando hospitalizado.<br \/>\n<strong>&#8211; Se habla de un ant\u00eddoto para este tipo de casos.<\/strong><br \/>\n&#8211; Yo les pregunt\u00e9 por qu\u00e9 no me aplicaron inmediatamente el ant\u00eddoto y me respondieron que deb\u00eda ser al momento que muerde la ara\u00f1a, pero ellos no hicieron eso, pero como no les llev\u00e9 la ara\u00f1a directamente me dijeron que no.<br \/>\n<strong>&#8211; \u00bfQu\u00e9 otras complicaciones te han surgido?<\/strong><br \/>\n&#8211; Al principio no pod\u00eda caminar, ni con muleta porque el dolor era insoportable, porque la pierna la arrastraba. Otras consecuencias que me ha tra\u00eddo en mi universidad, ahora tengo que pedir licencia de nuevo, tengo que estar faltando a clases y ahora vienen mis ex\u00e1menes. Perd\u00ed mi trabajo porque ten\u00eda que faltar y se me vence el contrato ahora el 15 de abril, dif\u00edcilmente que me lo renueven y para esa fecha tengo que estar en el hospital. Ahora yo desde el primer d\u00eda vieron el estado en que estaba mi pierna, si no quisieron aplicarme el ant\u00eddoto, entonces deber\u00edan haberme hospitalizado inmediatamente, no esperar una semana, uno sabe que la mordedura de ara\u00f1a es letal.<br \/>\n<strong>&#8211; \u00bfAcusas una negligencia m\u00e9dica?<\/strong><br \/>\n&#8211; Por supuesto, porque si los doctores me hubieran cre\u00eddo desde el principio que era una mordedura de ara\u00f1a, no estar\u00eda pasando por pabell\u00f3n, el veneno se esparci\u00f3 y me mat\u00f3 bastante tejido de la pierna.<br \/>\n<strong>&#8211; \u00bfPretendes tomar acciones legales?<\/strong><br \/>\n&#8211; S\u00ed, pretendo tomar acciones legales porque he le\u00eddo que no es primera vez que ocurren estos casos, si no consigo nada, por \u00faltimo que tomen conciencia con las dem\u00e1s personas; no somos animales, somos personas y la salud es un derecho.<br \/>\n<strong>&#8211; \u00bfEn qu\u00e9 consiste la operaci\u00f3n que te realizar\u00e1n?<\/strong><br \/>\n&#8211; Primero un aseo quir\u00fargico, despu\u00e9s esperar unos dos o tres d\u00edas m\u00e1s por lo que me dijo el doctor, me van a hacer un injerto, me sacar\u00e1n piel de mi muslo derecho para ponerlo abajo en el gemelo. Una vez hecho eso, tengo que estar una semana m\u00e1s hospitalizado para ver la evoluci\u00f3n, la cicatrizaci\u00f3n de la herida. Es decir tendr\u00e9 para un buen tiempo m\u00e1s porque sacar\u00e1n piel de un lado para reparar lo da\u00f1ado.<\/p>\n<p><strong>RESPUESTA DEL SAN CAMILO<\/strong><br \/>\nPor su parte, desde el Hospital San Camilo se asegur\u00f3 que el tratamiento para la mordida de ara\u00f1a de rinc\u00f3n no contiene un ant\u00eddoto determinado, como se cree popularmente, ya que adem\u00e1s, no existen ex\u00e1menes espec\u00edficos que certifiquen su existencia, por lo que entendiendo la molestia del usuario, se aclar\u00f3 que su diagn\u00f3stico puede ser dif\u00edcil cuando la mordedura de la ara\u00f1a pasa inadvertida y no hay una adecuada sospecha del cl\u00ednico frente a la aparici\u00f3n de s\u00edntomas sist\u00e9micos, como ocurri\u00f3 en las primeras consultas a Urgencia de este caso, ya que la sintomatolog\u00eda fue de progresi\u00f3n lenta y tal como est\u00e1 demostrado, el manejo y terapia del paciente depender\u00e1n de si tiene o no compromiso sist\u00e9mico y del nivel de complicaci\u00f3n de la lesi\u00f3n cut\u00e1nea.<br \/>\nNo existe actualmente consenso sobre el mejor esquema de tratamiento, incluso a nivel internacional, ya que el suero conocido como ant\u00eddoto, puede traer efectos secundarios importantes, por lo que actualmente el Ministerio de Salud no recomienda su uso. En este caso, una vez manifestado el cuadro cl\u00ednico, se procedi\u00f3 a su tratamiento de acuerdo a lo que dictaminan las normas t\u00e9cnicas.<br \/>\n<strong>\u00a0Pablo Salinas Sald\u00edas<\/strong><\/p>\n<p>&nbsp;<\/p>\n<h3><span style=\"color: #800000;\"><strong>Consejos en caso de mordedura de ara\u00f1a<\/strong><\/span><\/h3>\n<ul>\n<li><span style=\"color: #800000;\"><strong>Lavado con agua y jab\u00f3n sobre la herida y dejar en reposo.<\/strong><\/span><\/li>\n<li><span style=\"color: #800000;\"><strong>Aplicar hielo sobre la picadura.<\/strong><\/span><\/li>\n<li><span style=\"color: #800000;\"><strong>Si la ara\u00f1a causante de la lesi\u00f3n est\u00e1 viva, se debe colectar y conservar en un recipiente con tapa con un algod\u00f3n humedecido en agua.<\/strong><\/span><\/li>\n<li><span style=\"color: #800000;\"><strong>Si la ara\u00f1a causante de la lesi\u00f3n est\u00e1 muerta, se debe colectar en un recipiente seco.<\/strong><\/span><\/li>\n<li><span style=\"color: #800000;\"><strong>El paciente debe permanecer tranquilo y concurrir hasta el Servicio de Urgencias m\u00e1s cercano.<\/strong><\/span><\/li>\n<\/ul>\n<p>&nbsp;<\/p>\n<figure id=\"attachment_78066\" aria-describedby=\"caption-attachment-78066\" style=\"width: 580px\" class=\"wp-caption alignnone\"><img data-recalc-dims=\"1\" loading=\"lazy\" decoding=\"async\" class=\"size-full wp-image-78066\" src=\"https:\/\/i0.wp.com\/www.eltrabajo.cl\/portal\/wp-content\/uploads\/2017\/03\/JOSE-TAPIA-CAMPOS-1.jpg?resize=580%2C349\" alt=\"Jos\u00e9 Tapia Campos, universitario de 25 a\u00f1os de edad, se encuentra en la incertidumbre por su compleja situaci\u00f3n de salud tras ser mordido por una ara\u00f1a de rinc\u00f3n.\" width=\"580\" height=\"349\" srcset=\"https:\/\/i0.wp.com\/eltrabajo.cl\/portal\/wp-content\/uploads\/2017\/03\/JOSE-TAPIA-CAMPOS-1.jpg?w=580&amp;ssl=1 580w, https:\/\/i0.wp.com\/eltrabajo.cl\/portal\/wp-content\/uploads\/2017\/03\/JOSE-TAPIA-CAMPOS-1.jpg?resize=200%2C120&amp;ssl=1 200w, https:\/\/i0.wp.com\/eltrabajo.cl\/portal\/wp-content\/uploads\/2017\/03\/JOSE-TAPIA-CAMPOS-1.jpg?resize=300%2C181&amp;ssl=1 300w, https:\/\/i0.wp.com\/eltrabajo.cl\/portal\/wp-content\/uploads\/2017\/03\/JOSE-TAPIA-CAMPOS-1.jpg?resize=249%2C150&amp;ssl=1 249w, https:\/\/i0.wp.com\/eltrabajo.cl\/portal\/wp-content\/uploads\/2017\/03\/JOSE-TAPIA-CAMPOS-1.jpg?resize=400%2C241&amp;ssl=1 400w\" sizes=\"auto, (max-width: 580px) 100vw, 580px\" \/><figcaption id=\"caption-attachment-78066\" class=\"wp-caption-text\">Jos\u00e9 Tapia Campos, universitario de 25 a\u00f1os de edad, se encuentra en la incertidumbre por su compleja situaci\u00f3n de salud tras ser mordido por una ara\u00f1a de rinc\u00f3n.sdr<\/figcaption><\/figure>\n<figure id=\"attachment_78068\" aria-describedby=\"caption-attachment-78068\" style=\"width: 580px\" class=\"wp-caption alignnone\"><img data-recalc-dims=\"1\" loading=\"lazy\" decoding=\"async\" class=\"size-full wp-image-78068\" src=\"https:\/\/i0.wp.com\/www.eltrabajo.cl\/portal\/wp-content\/uploads\/2017\/03\/MORDIDA-2-1.jpg?resize=580%2C349\" alt=\"Actualmente la lesi\u00f3n pas\u00f3 hasta este estado de necrosis.  El joven afectado ser\u00e1 sometido a intervenci\u00f3n quir\u00fargica en las pr\u00f3ximas horas.\" width=\"580\" height=\"349\" srcset=\"https:\/\/i0.wp.com\/eltrabajo.cl\/portal\/wp-content\/uploads\/2017\/03\/MORDIDA-2-1.jpg?w=580&amp;ssl=1 580w, https:\/\/i0.wp.com\/eltrabajo.cl\/portal\/wp-content\/uploads\/2017\/03\/MORDIDA-2-1.jpg?resize=200%2C120&amp;ssl=1 200w, https:\/\/i0.wp.com\/eltrabajo.cl\/portal\/wp-content\/uploads\/2017\/03\/MORDIDA-2-1.jpg?resize=300%2C181&amp;ssl=1 300w, https:\/\/i0.wp.com\/eltrabajo.cl\/portal\/wp-content\/uploads\/2017\/03\/MORDIDA-2-1.jpg?resize=249%2C150&amp;ssl=1 249w, https:\/\/i0.wp.com\/eltrabajo.cl\/portal\/wp-content\/uploads\/2017\/03\/MORDIDA-2-1.jpg?resize=400%2C241&amp;ssl=1 400w\" sizes=\"auto, (max-width: 580px) 100vw, 580px\" \/><figcaption id=\"caption-attachment-78068\" class=\"wp-caption-text\">Actualmente la lesi\u00f3n pas\u00f3 hasta este estado de necrosis. El joven afectado ser\u00e1 sometido a intervenci\u00f3n quir\u00fargica en las pr\u00f3ximas horas.<\/figcaption><\/figure>\n","protected":false},"excerpt":{"rendered":"<p>Acusa negligencia m\u00e9dica en Hospital San Camilo:\u00a0El afectado sostiene que a su juicio la ayuda m\u00e9dica fue bastante burocr\u00e1tica para revertir a tiempo las secuelas de la mordedura. Actualmente el avanzado da\u00f1o&#8230;<\/p>\n","protected":false},"author":482,"featured_media":78066,"comment_status":"open","ping_status":"open","sticky":false,"template":"","format":"standard","meta":{"advanced_seo_description":"","jetpack_seo_html_title":"","jetpack_seo_noindex":false,"_jetpack_memberships_contains_paid_content":false,"footnotes":""},"categories":[15],"tags":[],"class_list":["post-78065","post","type-post","status-publish","format-standard","has-post-thumbnail","hentry","category-comunidad"],"jetpack_featured_media_url":"https:\/\/i0.wp.com\/eltrabajo.cl\/portal\/wp-content\/uploads\/2017\/03\/JOSE-TAPIA-CAMPOS-1.jpg?fit=580%2C349&ssl=1","jetpack_sharing_enabled":true,"jetpack_likes_enabled":true,"jetpack-related-posts":[],"_links":{"self":[{"href":"https:\/\/eltrabajo.cl\/portal\/wp-json\/wp\/v2\/posts\/78065","targetHints":{"allow":["GET"]}}],"collection":[{"href":"https:\/\/eltrabajo.cl\/portal\/wp-json\/wp\/v2\/posts"}],"about":[{"href":"https:\/\/eltrabajo.cl\/portal\/wp-json\/wp\/v2\/types\/post"}],"author":[{"embeddable":true,"href":"https:\/\/eltrabajo.cl\/portal\/wp-json\/wp\/v2\/users\/482"}],"replies":[{"embeddable":true,"href":"https:\/\/eltrabajo.cl\/portal\/wp-json\/wp\/v2\/comments?post=78065"}],"version-history":[{"count":0,"href":"https:\/\/eltrabajo.cl\/portal\/wp-json\/wp\/v2\/posts\/78065\/revisions"}],"wp:featuredmedia":[{"embeddable":true,"href":"https:\/\/eltrabajo.cl\/portal\/wp-json\/wp\/v2\/media\/78066"}],"wp:attachment":[{"href":"https:\/\/eltrabajo.cl\/portal\/wp-json\/wp\/v2\/media?parent=78065"}],"wp:term":[{"taxonomy":"category","embeddable":true,"href":"https:\/\/eltrabajo.cl\/portal\/wp-json\/wp\/v2\/categories?post=78065"},{"taxonomy":"post_tag","embeddable":true,"href":"https:\/\/eltrabajo.cl\/portal\/wp-json\/wp\/v2\/tags?post=78065"}],"curies":[{"name":"wp","href":"https:\/\/api.w.org\/{rel}","templated":true}]}}