{"id":78070,"date":"2017-03-29T06:00:10","date_gmt":"2017-03-29T10:00:10","guid":{"rendered":"http:\/\/www.eltrabajo.cl\/2017\/?p=78070"},"modified":"2017-03-29T06:00:10","modified_gmt":"2017-03-29T10:00:10","slug":"operacion-renta-2017-sera-asistida-por-alumnos-del-roberto-humeres","status":"publish","type":"post","link":"https:\/\/eltrabajo.cl\/portal\/operacion-renta-2017-sera-asistida-por-alumnos-del-roberto-humeres\/","title":{"rendered":"Operaci\u00f3n Renta 2017 ser\u00e1 asistida por alumnos del Roberto Humeres"},"content":{"rendered":"<figure id=\"attachment_78071\" aria-describedby=\"caption-attachment-78071\" style=\"width: 580px\" class=\"wp-caption alignnone\"><img data-recalc-dims=\"1\" loading=\"lazy\" decoding=\"async\" class=\"size-full wp-image-78071\" src=\"https:\/\/i0.wp.com\/www.eltrabajo.cl\/portal\/wp-content\/uploads\/2017\/03\/alianza-liceo-sii-1.jpg?resize=580%2C350\" alt=\"(De izquierda a derecha) Cecilia Castro, profesora de Administraci\u00f3n del Liceo Dr. Roberto Humeres; Kiara Ortiz, estudiante del 4\u00b0 medio C de la carrera de Contabilidad; Romina Fumey, Directora del Liceo Dr. Roberto Humeres y Francisco Ledezma, Fiscalizador Tributario del SII San Felipe.\" width=\"580\" height=\"350\" srcset=\"https:\/\/i0.wp.com\/eltrabajo.cl\/portal\/wp-content\/uploads\/2017\/03\/alianza-liceo-sii-1.jpg?w=580&amp;ssl=1 580w, https:\/\/i0.wp.com\/eltrabajo.cl\/portal\/wp-content\/uploads\/2017\/03\/alianza-liceo-sii-1.jpg?resize=200%2C121&amp;ssl=1 200w, https:\/\/i0.wp.com\/eltrabajo.cl\/portal\/wp-content\/uploads\/2017\/03\/alianza-liceo-sii-1.jpg?resize=300%2C181&amp;ssl=1 300w, https:\/\/i0.wp.com\/eltrabajo.cl\/portal\/wp-content\/uploads\/2017\/03\/alianza-liceo-sii-1.jpg?resize=249%2C150&amp;ssl=1 249w, https:\/\/i0.wp.com\/eltrabajo.cl\/portal\/wp-content\/uploads\/2017\/03\/alianza-liceo-sii-1.jpg?resize=400%2C241&amp;ssl=1 400w\" sizes=\"auto, (max-width: 580px) 100vw, 580px\" \/><figcaption id=\"caption-attachment-78071\" class=\"wp-caption-text\">(De izquierda a derecha) Cecilia Castro, profesora de Administraci\u00f3n del Liceo Dr. Roberto Humeres; Kiara Ortiz, estudiante del 4\u00b0 medio C de la carrera de Contabilidad; Romina Fumey, Directora del Liceo Dr. Roberto Humeres y Francisco Ledezma, Fiscalizador Tributario del SII San Felipe.<\/figcaption><\/figure>\n<ul>\n<li><strong><span style=\"color: #ff0000;\">En el mismo establecimiento, en Villa Las Acacias y Parras\u00eda:<\/span>\u00a0Desde el lunes, los vecinos sanfelipe\u00f1os que quieran realizar su declaraci\u00f3n de impuestos y no tengan claridad de c\u00f3mo hacerlo, podr\u00e1n contar con el apoyo de los alumnos (as) que cursan 3\u00ba y 4\u00ba medio de Administraci\u00f3n y Contabilidad, de este establecimiento municipalizado.<\/strong><\/li>\n<\/ul>\n<p>Unos 60 alumnos de 3\u00b0 y 4\u00b0 medio de las carreras t\u00e9cnicas de Administraci\u00f3n y Contabilidad del Liceo Polit\u00e9cnico Dr. Roberto Humeres de San Felipe, se pondr\u00e1n al servicio de los vecinos de la comuna en lo que se refiere espec\u00edficamente a la Operaci\u00f3n Renta 2017, proceso tributario que comienza el pr\u00f3ximo lunes 3 de abril.<br \/>\nLa iniciativa se enmarca en el trabajo de vinculaci\u00f3n con el medio que est\u00e1 impulsando el establecimiento, tal como lo afirm\u00f3 su directora, Romina Fumey, quien record\u00f3 que el 2016 fue cuando se puso en marcha este proyecto y anticip\u00f3 que \u00abquiz\u00e1s con Electr\u00f3nica, vamos a ir a revisar el servicio de electricidad a las casas, vamos a ir a terreno, la declaraci\u00f3n renta es el primer paso de un a\u00f1o vinculado con la comunidad\u00bb, advirti\u00f3.<br \/>\n\u00abEs muy importante contarle a la comunidad de San Felipe, que el a\u00f1o pasado (2016) ya hicimos un primer acercamiento con la comunidad, haciendo la declaraci\u00f3n renta y abriendo las puertas del liceo a todos los sanfelipe\u00f1os, as\u00ed que este a\u00f1o lo instauramos como un proyecto y pudimos hacer una alianza con Servicio de Impuestos Internos (SII)\u00bb, asegur\u00f3 Fumey.<br \/>\n\u00abLo que hacen los alumnos de 4\u00b0 medio, es atender directamente al p\u00fablico, hacerles su declaraci\u00f3n renta y orientarlos tambi\u00e9n en este proceso, mientras que los alumnos de 3\u00b0 eval\u00faan el procedimiento\u2026 no s\u00f3lo lo haremos ac\u00e1 en el liceo, \u00e9ste ser\u00e1 una sede estable durante todo el mes de abril, pero adem\u00e1s nos vamos a trasladar a Villa Las Acacias I y Parras\u00eda, donde vamos a estar dos semanas, durante las ma\u00f1anas, para que a los vecinos se les haga mucho m\u00e1s f\u00e1cil hacer su declaraci\u00f3n renta\u00bb, agreg\u00f3 la directora del establecimiento.<br \/>\nA su vez, Francisco Ledezma, Fiscalizador Tributario del SII San Felipe, valor\u00f3 positivamente el convenio suscrito con el establecimiento y la idea de contribuir directamente con la comunidad en este proceso. Ledezma cont\u00f3 cu\u00e1l es la inducci\u00f3n que se est\u00e1 realizando a la comunidad educativa del \u00abPolit\u00e9cnico\u00bb, manifestando que \u00abestamos en el proceso de capacitaci\u00f3n de los alumnos, puntualmente en el proceso de declaraci\u00f3n de rentas, pero tambi\u00e9n en este convenio de apoyo mutuo vamos a tener otras asesor\u00edas como la facturaci\u00f3n electr\u00f3nica, inicio de actividades, as\u00ed como tambi\u00e9n, nosotros vamos a recibir otro tipo de apoyos de parte del liceo\u00bb, destac\u00f3 el personero.<br \/>\nCecilia Castro, profesora de Administraci\u00f3n del Roberto Humeres, aclar\u00f3 que en el proceso de Operaci\u00f3n Renta del 2016, particip\u00f3 s\u00f3lo el 4\u00b0 medio de Administraci\u00f3n y Contabilidad, llev\u00e1ndolo a cabo como un programa piloto que entreg\u00f3 muy buenos resultados en t\u00e9rminos de aprendizaje, porque \u00ablos alumnos se pudieron acercar a todo lo que tiene que ver con la atenci\u00f3n del usuario y adicionalmente se prest\u00f3 un servicio a la comunidad como parte de la misi\u00f3n de nuestro liceo, especialmente cuando hablamos de educaci\u00f3n p\u00fablica\u00bb, puntualiz\u00f3 la docente.<br \/>\nRespecto de la importancia que tiene esta experiencia para el futuro laboral de los estudiantes, Castro asegur\u00f3 que \u00abhay estudiantes que van directamente a asistir a los usuarios del SII y, adicionalmente, como en nuestro liceo tenemos la carrera de Administraci\u00f3n con menci\u00f3n en Log\u00edstica, son quienes se deben encargar de la operatividad del lugar y, por consiguiente, tienen que aplicar todas las habilidades y aprendizajes que han tenido durante su formaci\u00f3n profesional, para desarrollar este servicio\u00bb, explic\u00f3 la profesional.<br \/>\nKiara Ortiz, estudiante del 4\u00b0 medio C de la carrera de Contabilidad, afirm\u00f3 que junto a sus compa\u00f1eros est\u00e1n sumamente entusiasmados de comenzar con este desaf\u00edo y narr\u00f3 que \u00abhemos visto clase a clase las cosas que se pueden hacer, hemos ingresado al sitio (www.sii.cl) aunque a\u00fan no aparece la Operaci\u00f3n Renta\u2026 me gusta apoyar a la comunidad y todos quieren ayudar, as\u00ed que los invito a todos porque nosotros los vamos a ayudar pero tambi\u00e9n a ense\u00f1ar, cosa que no tengan que venir todos los a\u00f1os\u00bb, dijo la estudiante.<\/p>\n<figure id=\"attachment_78072\" aria-describedby=\"caption-attachment-78072\" style=\"width: 580px\" class=\"wp-caption alignnone\"><img data-recalc-dims=\"1\" loading=\"lazy\" decoding=\"async\" class=\"size-full wp-image-78072\" src=\"https:\/\/i0.wp.com\/www.eltrabajo.cl\/portal\/wp-content\/uploads\/2017\/03\/alianza-liceo-sii-alumnos-1.jpg?resize=580%2C350\" alt=\"Actualmente el SII de San Felipe se encuentra desarrollando capacitaciones a los estudiantes de 3\u00b0 y 4\u00b0 medio de las carreras t\u00e9cnicas de administraci\u00f3n y contabilidad del Liceo Polit\u00e9cnico Dr. Roberto Humeres de San Felipe, que participar\u00e1n de la Operaci\u00f3n Renta 2017.\" width=\"580\" height=\"350\" srcset=\"https:\/\/i0.wp.com\/eltrabajo.cl\/portal\/wp-content\/uploads\/2017\/03\/alianza-liceo-sii-alumnos-1.jpg?w=580&amp;ssl=1 580w, https:\/\/i0.wp.com\/eltrabajo.cl\/portal\/wp-content\/uploads\/2017\/03\/alianza-liceo-sii-alumnos-1.jpg?resize=200%2C121&amp;ssl=1 200w, https:\/\/i0.wp.com\/eltrabajo.cl\/portal\/wp-content\/uploads\/2017\/03\/alianza-liceo-sii-alumnos-1.jpg?resize=300%2C181&amp;ssl=1 300w, https:\/\/i0.wp.com\/eltrabajo.cl\/portal\/wp-content\/uploads\/2017\/03\/alianza-liceo-sii-alumnos-1.jpg?resize=249%2C150&amp;ssl=1 249w, https:\/\/i0.wp.com\/eltrabajo.cl\/portal\/wp-content\/uploads\/2017\/03\/alianza-liceo-sii-alumnos-1.jpg?resize=400%2C241&amp;ssl=1 400w\" sizes=\"auto, (max-width: 580px) 100vw, 580px\" \/><figcaption id=\"caption-attachment-78072\" class=\"wp-caption-text\">Actualmente el SII de San Felipe se encuentra desarrollando capacitaciones a los estudiantes de 3\u00b0 y 4\u00b0 medio de las carreras t\u00e9cnicas de administraci\u00f3n y contabilidad del Liceo Polit\u00e9cnico Dr. Roberto Humeres de San Felipe, que participar\u00e1n de la Operaci\u00f3n Renta 2017.<\/figcaption><\/figure>\n","protected":false},"excerpt":{"rendered":"<p>En el mismo establecimiento, en Villa Las Acacias y Parras\u00eda:\u00a0Desde el lunes, los vecinos sanfelipe\u00f1os que quieran realizar su declaraci\u00f3n de impuestos y no tengan claridad de c\u00f3mo hacerlo, podr\u00e1n contar con&#8230;<\/p>\n","protected":false},"author":482,"featured_media":78072,"comment_status":"open","ping_status":"open","sticky":false,"template":"","format":"standard","meta":{"advanced_seo_description":"","jetpack_seo_html_title":"","jetpack_seo_noindex":false,"_jetpack_memberships_contains_paid_content":false,"footnotes":""},"categories":[1],"tags":[],"class_list":["post-78070","post","type-post","status-publish","format-standard","has-post-thumbnail","hentry","category-cronica"],"jetpack_featured_media_url":"https:\/\/i0.wp.com\/eltrabajo.cl\/portal\/wp-content\/uploads\/2017\/03\/alianza-liceo-sii-alumnos-1.jpg?fit=580%2C350&ssl=1","jetpack_sharing_enabled":true,"jetpack_likes_enabled":true,"jetpack-related-posts":[],"_links":{"self":[{"href":"https:\/\/eltrabajo.cl\/portal\/wp-json\/wp\/v2\/posts\/78070","targetHints":{"allow":["GET"]}}],"collection":[{"href":"https:\/\/eltrabajo.cl\/portal\/wp-json\/wp\/v2\/posts"}],"about":[{"href":"https:\/\/eltrabajo.cl\/portal\/wp-json\/wp\/v2\/types\/post"}],"author":[{"embeddable":true,"href":"https:\/\/eltrabajo.cl\/portal\/wp-json\/wp\/v2\/users\/482"}],"replies":[{"embeddable":true,"href":"https:\/\/eltrabajo.cl\/portal\/wp-json\/wp\/v2\/comments?post=78070"}],"version-history":[{"count":0,"href":"https:\/\/eltrabajo.cl\/portal\/wp-json\/wp\/v2\/posts\/78070\/revisions"}],"wp:featuredmedia":[{"embeddable":true,"href":"https:\/\/eltrabajo.cl\/portal\/wp-json\/wp\/v2\/media\/78072"}],"wp:attachment":[{"href":"https:\/\/eltrabajo.cl\/portal\/wp-json\/wp\/v2\/media?parent=78070"}],"wp:term":[{"taxonomy":"category","embeddable":true,"href":"https:\/\/eltrabajo.cl\/portal\/wp-json\/wp\/v2\/categories?post=78070"},{"taxonomy":"post_tag","embeddable":true,"href":"https:\/\/eltrabajo.cl\/portal\/wp-json\/wp\/v2\/tags?post=78070"}],"curies":[{"name":"wp","href":"https:\/\/api.w.org\/{rel}","templated":true}]}}