{"id":78082,"date":"2017-03-29T06:03:16","date_gmt":"2017-03-29T10:03:16","guid":{"rendered":"http:\/\/www.eltrabajo.cl\/2017\/?p=78082"},"modified":"2017-03-29T06:03:16","modified_gmt":"2017-03-29T10:03:16","slug":"jugador-de-union-san-felipe-habla-de-su-experiencia-en-la-seleccion-u23-de-canada","status":"publish","type":"post","link":"https:\/\/eltrabajo.cl\/portal\/jugador-de-union-san-felipe-habla-de-su-experiencia-en-la-seleccion-u23-de-canada\/","title":{"rendered":"Jugador de Uni\u00f3n San Felipe habla de su experiencia en la selecci\u00f3n U23 de Canad\u00e1"},"content":{"rendered":"<figure id=\"attachment_78083\" aria-describedby=\"caption-attachment-78083\" style=\"width: 580px\" class=\"wp-caption alignnone\"><img data-recalc-dims=\"1\" loading=\"lazy\" decoding=\"async\" class=\"size-full wp-image-78083\" src=\"https:\/\/i0.wp.com\/www.eltrabajo.cl\/portal\/wp-content\/uploads\/2017\/03\/juan-cordova-1.jpg?resize=580%2C348\" alt=\"Juan \u2018Corcho\u2019 C\u00f3rdova habl\u00f3 desde Qatar para contar c\u00f3mo ha sido su experiencia en la selecci\u00f3n U23 de Canad\u00e1.\" width=\"580\" height=\"348\" srcset=\"https:\/\/i0.wp.com\/eltrabajo.cl\/portal\/wp-content\/uploads\/2017\/03\/juan-cordova-1.jpg?w=580&amp;ssl=1 580w, https:\/\/i0.wp.com\/eltrabajo.cl\/portal\/wp-content\/uploads\/2017\/03\/juan-cordova-1.jpg?resize=200%2C120&amp;ssl=1 200w, https:\/\/i0.wp.com\/eltrabajo.cl\/portal\/wp-content\/uploads\/2017\/03\/juan-cordova-1.jpg?resize=300%2C180&amp;ssl=1 300w, https:\/\/i0.wp.com\/eltrabajo.cl\/portal\/wp-content\/uploads\/2017\/03\/juan-cordova-1.jpg?resize=250%2C150&amp;ssl=1 250w, https:\/\/i0.wp.com\/eltrabajo.cl\/portal\/wp-content\/uploads\/2017\/03\/juan-cordova-1.jpg?resize=400%2C240&amp;ssl=1 400w\" sizes=\"auto, (max-width: 580px) 100vw, 580px\" \/><figcaption id=\"caption-attachment-78083\" class=\"wp-caption-text\">Juan \u2018Corcho\u2019 C\u00f3rdova habl\u00f3 desde Qatar para contar c\u00f3mo ha sido su experiencia en la selecci\u00f3n U23 de Canad\u00e1.<\/figcaption><\/figure>\n<p>Desde Qatar, el jugador de Uni\u00f3n San Felipe, Juan C\u00f3rdova, coment\u00f3 lo que ha sido su experiencia en la selecci\u00f3n U23 de Canad\u00e1, realizando una positiva evaluaci\u00f3n: \u201cEstoy viviendo una experiencia muy linda e inolvidable; no todos los jugadores tienen la oportunidad de defender a su selecci\u00f3n, eso es un orgullo\u201d, declar\u00f3 C\u00f3rdova al sitio oficial del Un\u00ed Un\u00ed.<br \/>\nEl seleccionado norteamericano habl\u00f3 tambi\u00e9n de la recepci\u00f3n que tuvo de parte del resto de sus compa\u00f1eros: \u201cFue muy buena. La verdad es que solo tres se conoc\u00edan bien al estar en otros procesos anteriores, el resto llegamos desde distintos pa\u00edses. Los primeros d\u00edas, aparte de entrenar, sirvieron para ir conoci\u00e9ndonos, y de a poco se fueron creando lazos, al punto que ya estamos totalmente integrados\u201d, precis\u00f3.<br \/>\nLa adaptaci\u00f3n al cambio de horario y alimentaci\u00f3n tambi\u00e9n fue y ha sido tema para Juan C\u00f3rdova. \u201cNo me ha costado tanto; s\u00ed se me he hecho dif\u00edcil el cambio de horario, sobre todo durante los primeros cuatro d\u00edas; tampoco me he podido acostumbrar a la comida, pero todo lo dem\u00e1s bien\u201d, aclar\u00f3 el jugador formado en el Un\u00ed Un\u00ed y que dem\u00e1s est\u00e1 decir, tiene un futuro m\u00e1s que prometedor en el balompi\u00e9 profesional.<\/p>\n","protected":false},"excerpt":{"rendered":"<p>Desde Qatar, el jugador de Uni\u00f3n San Felipe, Juan C\u00f3rdova, coment\u00f3 lo que ha sido su experiencia en la selecci\u00f3n U23 de Canad\u00e1, realizando una positiva evaluaci\u00f3n: \u201cEstoy viviendo una experiencia muy&#8230;<\/p>\n","protected":false},"author":482,"featured_media":78083,"comment_status":"open","ping_status":"open","sticky":false,"template":"","format":"standard","meta":{"advanced_seo_description":"","jetpack_seo_html_title":"","jetpack_seo_noindex":false,"_jetpack_memberships_contains_paid_content":false,"footnotes":""},"categories":[19],"tags":[],"class_list":["post-78082","post","type-post","status-publish","format-standard","has-post-thumbnail","hentry","category-deportes"],"jetpack_featured_media_url":"https:\/\/i0.wp.com\/eltrabajo.cl\/portal\/wp-content\/uploads\/2017\/03\/juan-cordova-1.jpg?fit=580%2C348&ssl=1","jetpack_sharing_enabled":true,"jetpack_likes_enabled":true,"jetpack-related-posts":[],"_links":{"self":[{"href":"https:\/\/eltrabajo.cl\/portal\/wp-json\/wp\/v2\/posts\/78082","targetHints":{"allow":["GET"]}}],"collection":[{"href":"https:\/\/eltrabajo.cl\/portal\/wp-json\/wp\/v2\/posts"}],"about":[{"href":"https:\/\/eltrabajo.cl\/portal\/wp-json\/wp\/v2\/types\/post"}],"author":[{"embeddable":true,"href":"https:\/\/eltrabajo.cl\/portal\/wp-json\/wp\/v2\/users\/482"}],"replies":[{"embeddable":true,"href":"https:\/\/eltrabajo.cl\/portal\/wp-json\/wp\/v2\/comments?post=78082"}],"version-history":[{"count":0,"href":"https:\/\/eltrabajo.cl\/portal\/wp-json\/wp\/v2\/posts\/78082\/revisions"}],"wp:featuredmedia":[{"embeddable":true,"href":"https:\/\/eltrabajo.cl\/portal\/wp-json\/wp\/v2\/media\/78083"}],"wp:attachment":[{"href":"https:\/\/eltrabajo.cl\/portal\/wp-json\/wp\/v2\/media?parent=78082"}],"wp:term":[{"taxonomy":"category","embeddable":true,"href":"https:\/\/eltrabajo.cl\/portal\/wp-json\/wp\/v2\/categories?post=78082"},{"taxonomy":"post_tag","embeddable":true,"href":"https:\/\/eltrabajo.cl\/portal\/wp-json\/wp\/v2\/tags?post=78082"}],"curies":[{"name":"wp","href":"https:\/\/api.w.org\/{rel}","templated":true}]}}