{"id":78141,"date":"2017-04-03T06:00:17","date_gmt":"2017-04-03T10:00:17","guid":{"rendered":"http:\/\/www.eltrabajo.cl\/2017\/?p=78141"},"modified":"2017-04-03T06:00:17","modified_gmt":"2017-04-03T10:00:17","slug":"equipos-de-servicios-de-urgencia-vivieron-situaciones-criticas-simuladas","status":"publish","type":"post","link":"https:\/\/eltrabajo.cl\/portal\/equipos-de-servicios-de-urgencia-vivieron-situaciones-criticas-simuladas\/","title":{"rendered":"Equipos de servicios de urgencia vivieron situaciones cr\u00edticas simuladas"},"content":{"rendered":"<figure id=\"attachment_78142\" aria-describedby=\"caption-attachment-78142\" style=\"width: 580px\" class=\"wp-caption alignnone\"><img data-recalc-dims=\"1\" loading=\"lazy\" decoding=\"async\" class=\"size-full wp-image-78142\" src=\"https:\/\/i0.wp.com\/www.eltrabajo.cl\/2017\/wp-content\/uploads\/2017\/04\/Curso1.jpg?resize=580%2C349\" alt=\"En forma te\u00f3rica y pr\u00e1ctica, enfermeros y m\u00e9dicos vieron los principales cuadros cl\u00ednicos que pueden recibir en cualquier unidad de emergencia.\" width=\"580\" height=\"349\" srcset=\"https:\/\/i0.wp.com\/eltrabajo.cl\/portal\/wp-content\/uploads\/2017\/04\/Curso1.jpg?w=580&amp;ssl=1 580w, https:\/\/i0.wp.com\/eltrabajo.cl\/portal\/wp-content\/uploads\/2017\/04\/Curso1.jpg?resize=200%2C120&amp;ssl=1 200w, https:\/\/i0.wp.com\/eltrabajo.cl\/portal\/wp-content\/uploads\/2017\/04\/Curso1.jpg?resize=300%2C181&amp;ssl=1 300w, https:\/\/i0.wp.com\/eltrabajo.cl\/portal\/wp-content\/uploads\/2017\/04\/Curso1.jpg?resize=150%2C90&amp;ssl=1 150w\" sizes=\"auto, (max-width: 580px) 100vw, 580px\" \/><figcaption id=\"caption-attachment-78142\" class=\"wp-caption-text\">En forma te\u00f3rica y pr\u00e1ctica, enfermeros y m\u00e9dicos vieron los principales cuadros cl\u00ednicos que pueden recibir en cualquier unidad de emergencia.<\/figcaption><\/figure>\n<ul>\n<li><span style=\"color: #ff0000;\"><strong>Curso de urgencias y simulaci\u00f3n cl\u00ednica:<\/strong><\/span><\/li>\n<\/ul>\n<p>Charlas expositivas, talleres y escenarios de simulaci\u00f3n, abarc\u00f3 el I Curso de urgencias y simulaci\u00f3n cl\u00ednica que organiz\u00f3 la Escuela de Medicina de la Universidad de Valpara\u00edso Campus San Felipe, el que estuvo dirigido por la doctora Catalina Fontecilla.<br \/>\nLas jornadas de capacitaci\u00f3n se desarrollaron en el Centro de Simulaci\u00f3n Cl\u00ednica de la Facultad de Medicina en San Felipe, uno de los m\u00e1s modernos de Chile. Durante ambas jornadas expusieron m\u00e9dicos especialistas de los hospitales San Camilo de San Felipe y San Juan de Dios de Los Andes como Francisco Gonz\u00e1lez, Hugo V\u00edlchez y Freddy Duarte, entre otros.<\/p>\n<p><strong>CASOS COMPLEJOS<\/strong><br \/>\nEstos galenos abordaron temas que frecuentemente deben enfrentar los equipos de urgencia, como insuficiencia respiratoria aguda, infarto, compromiso de conciencia, intoxicaciones, edema pulmonar, shock s\u00e9ptico y paciente politraumatizado, entre otros.<br \/>\nAsimismo, se desarrollaron escenarios simulados de gran realismo de TEC grave, infarto, paciente politraumatizado, edema pulmonar, bradiarritmias y taquiarritmias; y talleres de dispositivos y manejo b\u00e1sico de la v\u00eda a\u00e9rea y uso de desfibrilador y marcapasos transitorio.<br \/>\nCerca de 40 profesionales de la salud, de servicios de urgencia como atenci\u00f3n primaria, m\u00e9dicos egresados de la Universidad de Valpara\u00edso e internos de Medicina, participaron de la actividad de capacitaci\u00f3n.<\/p>\n<figure id=\"attachment_78143\" aria-describedby=\"caption-attachment-78143\" style=\"width: 580px\" class=\"wp-caption alignnone\"><img data-recalc-dims=\"1\" loading=\"lazy\" decoding=\"async\" class=\"size-full wp-image-78143\" src=\"https:\/\/i0.wp.com\/www.eltrabajo.cl\/2017\/wp-content\/uploads\/2017\/04\/Curso2.jpg?resize=580%2C348\" alt=\"Las jornadas de capacitaci\u00f3n se desarrollaron en el Centro de Simulaci\u00f3n Cl\u00ednica de la Facultad de Medicina en San Felipe.\" width=\"580\" height=\"348\" srcset=\"https:\/\/i0.wp.com\/eltrabajo.cl\/portal\/wp-content\/uploads\/2017\/04\/Curso2.jpg?w=580&amp;ssl=1 580w, https:\/\/i0.wp.com\/eltrabajo.cl\/portal\/wp-content\/uploads\/2017\/04\/Curso2.jpg?resize=200%2C120&amp;ssl=1 200w, https:\/\/i0.wp.com\/eltrabajo.cl\/portal\/wp-content\/uploads\/2017\/04\/Curso2.jpg?resize=300%2C180&amp;ssl=1 300w, https:\/\/i0.wp.com\/eltrabajo.cl\/portal\/wp-content\/uploads\/2017\/04\/Curso2.jpg?resize=150%2C90&amp;ssl=1 150w\" sizes=\"auto, (max-width: 580px) 100vw, 580px\" \/><figcaption id=\"caption-attachment-78143\" class=\"wp-caption-text\">Las jornadas de capacitaci\u00f3n se desarrollaron en el Centro de Simulaci\u00f3n Cl\u00ednica de la Facultad de Medicina en San Felipe.<\/figcaption><\/figure>\n","protected":false},"excerpt":{"rendered":"<p>Curso de urgencias y simulaci\u00f3n cl\u00ednica: Charlas expositivas, talleres y escenarios de simulaci\u00f3n, abarc\u00f3 el I Curso de urgencias y simulaci\u00f3n cl\u00ednica que organiz\u00f3 la Escuela de Medicina de la Universidad de&#8230;<\/p>\n","protected":false},"author":1,"featured_media":78143,"comment_status":"open","ping_status":"open","sticky":false,"template":"","format":"standard","meta":{"advanced_seo_description":"","jetpack_seo_html_title":"","jetpack_seo_noindex":false,"_jetpack_memberships_contains_paid_content":false,"footnotes":""},"categories":[1],"tags":[],"class_list":["post-78141","post","type-post","status-publish","format-standard","has-post-thumbnail","hentry","category-cronica"],"jetpack_featured_media_url":"https:\/\/i0.wp.com\/eltrabajo.cl\/portal\/wp-content\/uploads\/2017\/04\/Curso2.jpg?fit=580%2C348&ssl=1","jetpack_sharing_enabled":true,"jetpack_likes_enabled":true,"jetpack-related-posts":[],"_links":{"self":[{"href":"https:\/\/eltrabajo.cl\/portal\/wp-json\/wp\/v2\/posts\/78141","targetHints":{"allow":["GET"]}}],"collection":[{"href":"https:\/\/eltrabajo.cl\/portal\/wp-json\/wp\/v2\/posts"}],"about":[{"href":"https:\/\/eltrabajo.cl\/portal\/wp-json\/wp\/v2\/types\/post"}],"author":[{"embeddable":true,"href":"https:\/\/eltrabajo.cl\/portal\/wp-json\/wp\/v2\/users\/1"}],"replies":[{"embeddable":true,"href":"https:\/\/eltrabajo.cl\/portal\/wp-json\/wp\/v2\/comments?post=78141"}],"version-history":[{"count":0,"href":"https:\/\/eltrabajo.cl\/portal\/wp-json\/wp\/v2\/posts\/78141\/revisions"}],"wp:featuredmedia":[{"embeddable":true,"href":"https:\/\/eltrabajo.cl\/portal\/wp-json\/wp\/v2\/media\/78143"}],"wp:attachment":[{"href":"https:\/\/eltrabajo.cl\/portal\/wp-json\/wp\/v2\/media?parent=78141"}],"wp:term":[{"taxonomy":"category","embeddable":true,"href":"https:\/\/eltrabajo.cl\/portal\/wp-json\/wp\/v2\/categories?post=78141"},{"taxonomy":"post_tag","embeddable":true,"href":"https:\/\/eltrabajo.cl\/portal\/wp-json\/wp\/v2\/tags?post=78141"}],"curies":[{"name":"wp","href":"https:\/\/api.w.org\/{rel}","templated":true}]}}