{"id":78145,"date":"2017-04-03T06:01:14","date_gmt":"2017-04-03T10:01:14","guid":{"rendered":"http:\/\/www.eltrabajo.cl\/2017\/?p=78145"},"modified":"2017-04-03T06:01:14","modified_gmt":"2017-04-03T10:01:14","slug":"cuarta-fiesta-de-la-vendimia-2017-atrajo-a-personas-de-todo-el-pais","status":"publish","type":"post","link":"https:\/\/eltrabajo.cl\/portal\/cuarta-fiesta-de-la-vendimia-2017-atrajo-a-personas-de-todo-el-pais\/","title":{"rendered":"Cuarta Fiesta de la Vendimia 2017 atrajo a personas de todo el pa\u00eds"},"content":{"rendered":"<figure id=\"attachment_78146\" aria-describedby=\"caption-attachment-78146\" style=\"width: 580px\" class=\"wp-caption alignnone\"><img data-recalc-dims=\"1\" loading=\"lazy\" decoding=\"async\" class=\"size-full wp-image-78146\" src=\"https:\/\/i0.wp.com\/www.eltrabajo.cl\/2017\/wp-content\/uploads\/2017\/04\/Ballet1.jpg?resize=580%2C350\" alt=\"NUESTRO BALLET.- El Ballet Municipal de San Felipe luci\u00f3 sus mejores galas en este esquinazo ofrecido a los presentes.\" width=\"580\" height=\"350\" srcset=\"https:\/\/i0.wp.com\/eltrabajo.cl\/portal\/wp-content\/uploads\/2017\/04\/Ballet1.jpg?w=580&amp;ssl=1 580w, https:\/\/i0.wp.com\/eltrabajo.cl\/portal\/wp-content\/uploads\/2017\/04\/Ballet1.jpg?resize=200%2C121&amp;ssl=1 200w, https:\/\/i0.wp.com\/eltrabajo.cl\/portal\/wp-content\/uploads\/2017\/04\/Ballet1.jpg?resize=300%2C181&amp;ssl=1 300w, https:\/\/i0.wp.com\/eltrabajo.cl\/portal\/wp-content\/uploads\/2017\/04\/Ballet1.jpg?resize=150%2C91&amp;ssl=1 150w\" sizes=\"auto, (max-width: 580px) 100vw, 580px\" \/><figcaption id=\"caption-attachment-78146\" class=\"wp-caption-text\">NUESTRO BALLET.- El Ballet Municipal de San Felipe luci\u00f3 sus mejores galas en este esquinazo ofrecido a los presentes.<\/figcaption><\/figure>\n<p>M\u00e1s que significar un importante repunte para el turismo y desarrollo costumbrista en nuestra comuna, la 4\u00aa Fiesta de la Vendimia 2017 se consolid\u00f3 como una propuesta que ya se instal\u00f3 en el coraz\u00f3n de los sanfelipe\u00f1os, quedando en evidencia la gran convocatoria regional y nacional del evento. Fueron dos d\u00edas de mucho vino, chicha, artistas, bailes t\u00edpicos y excelentes artesan\u00edas locales y de todo el pa\u00eds.<\/p>\n<p><strong>EN SU HONOR<\/strong><br \/>\nEl alcalde Patricio Freire al inaugurar la actividad, anunci\u00f3 emotivamente que este a\u00f1o esta fiesta comunal estaba siendo desarrollada tambi\u00e9n como un homenaje p\u00f3stumo al Padre Eugenio Duque, p\u00e1rroco de la iglesia de El Almendral que impuls\u00f3 esta fiesta costumbrista con gran entusiasmo.<\/p>\n<p><strong>PRESTIGIO NACIONAL<\/strong><br \/>\nEl sanfelipe\u00f1o que fue confirmado pr\u00e1cticamente como el<br \/>\n\u2018Indestronable\u2019, fue don Jos\u00e9 Toro Parras, productor de chicha artesanal que por cuarto a\u00f1o consecutivo recibe el honor de que su chicha cocida sea la que se use en las fiestas conmemorativas de las Glorias Navales y del Ej\u00e9rcito de Chile en la Parada Oficial, en este caso lidera por la presidenta Michelle Bachelet.<br \/>\nEl agasajo lo hizo una comitiva del Club de Huasos Rodeo Gil Letelier, de quien su presidente Juan Gonz\u00e1lez fue categ\u00f3rico en establecer que \u00abque no se piense que nuestra instituci\u00f3n tenga alg\u00fan convenio comercial o de amistad para favorecer a don Jos\u00e9 Toro como productor de chicha. Los sanfelipe\u00f1os pueden sentirse orgullosos de contar con este excelente productor. Nuestro club tiene las puertas abiertas para que todos los productores de chicha del pa\u00eds compitan todos los a\u00f1os\u00bb.<br \/>\nPor su parte el alcalde Patricio Freire, explic\u00f3 a nuestro medio que \u00abtodos estamos muy contentos de esta cuarta versi\u00f3n de la Fiesta de la Vendimia, hemos rescatado esta expresi\u00f3n costumbrista. Destacar tambi\u00e9n que a\u00f1o tras a\u00f1o esta actividad toma m\u00e1s protagonismo a nivel nacional, lo que nos alegra mucho, pues tenemos al mejor productor de chicha de todo a Chile, no es poca cosa\u00bb, dijo Freire.<br \/>\nTambi\u00e9n el consejero regional de cultura y encargado de dicho departamento, Ricardo Ruiz Herrera, estim\u00f3 que \u00abtodos quienes estuvimos trabajando en la organizaci\u00f3n de esta fiesta creemos que la Fiesta de la Vendimia este a\u00f1o creci\u00f3, creci\u00f3 como propuesta cultural; como evento masivo y como fiesta costumbrista de nuestra comuna, gente y artistas de muchas partes del pa\u00eds llegaron para disfrutar la jornada durante estos dos d\u00edas de carnaval del folklore\u00bb.<br \/>\nDiario El Trabajo habl\u00f3 con don Jos\u00e9 Toro, de quien su chicha es tema de conversaci\u00f3n en todo el pa\u00eds, especialmente durante el mes de septiembre. \u00abEs un gran honor, un orgullo y regocijo enorme para m\u00ed, siento un deseo de seguir trabajando en las mismas condiciones y de seguir mejorando mi producto, pues el hecho de que mi persona y el nombre de nuestra comuna est\u00e9 en el sitial de honor al que hemos llegado con la chicha que yo produzco con mis hijos, pues verdaderamente lo que puedo decir es: Much\u00edsimas gracias\u00bb.<br \/>\nLa noche lleg\u00f3 y con ella la fiesta musical, jornada animada por Los cuequeros de Putaendo, Teocal\u00e1n y Los Wayras de Los Andes y Santa Feria. Misa a la chilena el domingo; campeonato provincial de cueca; elecci\u00f3n de la reina de la fiesta; Nahuel Pe\u00f1i; Los del Maipo y Congreso, un festival art\u00edstico que le gener\u00f3 a nuestros artesanos y comerciantes invitados muchas ganancias en ventas.<br \/>\n<strong>Roberto Gonz\u00e1lez Short<\/strong><\/p>\n<figure id=\"attachment_78147\" aria-describedby=\"caption-attachment-78147\" style=\"width: 580px\" class=\"wp-caption alignnone\"><img data-recalc-dims=\"1\" loading=\"lazy\" decoding=\"async\" class=\"size-full wp-image-78147\" src=\"https:\/\/i0.wp.com\/www.eltrabajo.cl\/2017\/wp-content\/uploads\/2017\/04\/Chicho1.jpg?resize=580%2C349\" alt=\"POR ALGO SER\u00c1.- Aqu\u00ed tenemos a la comitiva del Club de Huasos Rodeo Gil Letelier, entregando junto al alcalde Patricio Freire el certificado oficial al mejor productor de chicha artesanal de nuestro pa\u00eds, a don Jos\u00e9 Toro Parras.\" width=\"580\" height=\"349\" srcset=\"https:\/\/i0.wp.com\/eltrabajo.cl\/portal\/wp-content\/uploads\/2017\/04\/Chicho1.jpg?w=580&amp;ssl=1 580w, https:\/\/i0.wp.com\/eltrabajo.cl\/portal\/wp-content\/uploads\/2017\/04\/Chicho1.jpg?resize=200%2C120&amp;ssl=1 200w, https:\/\/i0.wp.com\/eltrabajo.cl\/portal\/wp-content\/uploads\/2017\/04\/Chicho1.jpg?resize=300%2C181&amp;ssl=1 300w, https:\/\/i0.wp.com\/eltrabajo.cl\/portal\/wp-content\/uploads\/2017\/04\/Chicho1.jpg?resize=150%2C90&amp;ssl=1 150w\" sizes=\"auto, (max-width: 580px) 100vw, 580px\" \/><figcaption id=\"caption-attachment-78147\" class=\"wp-caption-text\">POR ALGO SER\u00c1.- Aqu\u00ed tenemos a la comitiva del Club de Huasos Rodeo Gil Letelier, entregando junto al alcalde Patricio Freire el certificado oficial al mejor productor de chicha artesanal de nuestro pa\u00eds, a don Jos\u00e9 Toro Parras.<\/figcaption><\/figure>\n<figure id=\"attachment_78148\" aria-describedby=\"caption-attachment-78148\" style=\"width: 580px\" class=\"wp-caption alignnone\"><img data-recalc-dims=\"1\" loading=\"lazy\" decoding=\"async\" class=\"size-full wp-image-78148\" src=\"https:\/\/i0.wp.com\/www.eltrabajo.cl\/2017\/wp-content\/uploads\/2017\/04\/Cuequeros1.jpg?resize=580%2C350\" alt=\"EXCELENCIA.- Los Cuequeros de Putaendo alegraron la jornada, dieron el Vamos oficial y la locura se desat\u00f3 en El Almendral.\" width=\"580\" height=\"350\" srcset=\"https:\/\/i0.wp.com\/eltrabajo.cl\/portal\/wp-content\/uploads\/2017\/04\/Cuequeros1.jpg?w=580&amp;ssl=1 580w, https:\/\/i0.wp.com\/eltrabajo.cl\/portal\/wp-content\/uploads\/2017\/04\/Cuequeros1.jpg?resize=200%2C121&amp;ssl=1 200w, https:\/\/i0.wp.com\/eltrabajo.cl\/portal\/wp-content\/uploads\/2017\/04\/Cuequeros1.jpg?resize=300%2C181&amp;ssl=1 300w, https:\/\/i0.wp.com\/eltrabajo.cl\/portal\/wp-content\/uploads\/2017\/04\/Cuequeros1.jpg?resize=150%2C91&amp;ssl=1 150w\" sizes=\"auto, (max-width: 580px) 100vw, 580px\" \/><figcaption id=\"caption-attachment-78148\" class=\"wp-caption-text\">EXCELENCIA.- Los Cuequeros de Putaendo alegraron la jornada, dieron el Vamos oficial y la locura se desat\u00f3 en El Almendral.<\/figcaption><\/figure>\n<figure id=\"attachment_78149\" aria-describedby=\"caption-attachment-78149\" style=\"width: 580px\" class=\"wp-caption alignnone\"><img data-recalc-dims=\"1\" loading=\"lazy\" decoding=\"async\" class=\"size-full wp-image-78149\" src=\"https:\/\/i0.wp.com\/www.eltrabajo.cl\/2017\/wp-content\/uploads\/2017\/04\/Luz-Lizana.jpg?resize=580%2C349\" alt=\"BELLA ARTESANA.- Luz Lizana, artesana aconcag\u00fcina que elabora artesan\u00edas con la t\u00e9cnica de repujado en cuero.\" width=\"580\" height=\"349\" srcset=\"https:\/\/i0.wp.com\/eltrabajo.cl\/portal\/wp-content\/uploads\/2017\/04\/Luz-Lizana.jpg?w=580&amp;ssl=1 580w, https:\/\/i0.wp.com\/eltrabajo.cl\/portal\/wp-content\/uploads\/2017\/04\/Luz-Lizana.jpg?resize=200%2C120&amp;ssl=1 200w, https:\/\/i0.wp.com\/eltrabajo.cl\/portal\/wp-content\/uploads\/2017\/04\/Luz-Lizana.jpg?resize=300%2C181&amp;ssl=1 300w, https:\/\/i0.wp.com\/eltrabajo.cl\/portal\/wp-content\/uploads\/2017\/04\/Luz-Lizana.jpg?resize=150%2C90&amp;ssl=1 150w\" sizes=\"auto, (max-width: 580px) 100vw, 580px\" \/><figcaption id=\"caption-attachment-78149\" class=\"wp-caption-text\">BELLA ARTESANA.- Luz Lizana, artesana aconcag\u00fcina que elabora artesan\u00edas con la t\u00e9cnica de repujado en cuero.<\/figcaption><\/figure>\n<figure id=\"attachment_78150\" aria-describedby=\"caption-attachment-78150\" style=\"width: 580px\" class=\"wp-caption alignnone\"><img data-recalc-dims=\"1\" loading=\"lazy\" decoding=\"async\" class=\"size-full wp-image-78150\" src=\"https:\/\/i0.wp.com\/www.eltrabajo.cl\/2017\/wp-content\/uploads\/2017\/04\/Misa1.jpg?resize=580%2C349\" alt=\"AUTORIDADES.- Autoridades provinciales y regionales participaron solemnemente de esta tradicional Misa a la Chilena.\" width=\"580\" height=\"349\" srcset=\"https:\/\/i0.wp.com\/eltrabajo.cl\/portal\/wp-content\/uploads\/2017\/04\/Misa1.jpg?w=580&amp;ssl=1 580w, https:\/\/i0.wp.com\/eltrabajo.cl\/portal\/wp-content\/uploads\/2017\/04\/Misa1.jpg?resize=200%2C120&amp;ssl=1 200w, https:\/\/i0.wp.com\/eltrabajo.cl\/portal\/wp-content\/uploads\/2017\/04\/Misa1.jpg?resize=300%2C181&amp;ssl=1 300w, https:\/\/i0.wp.com\/eltrabajo.cl\/portal\/wp-content\/uploads\/2017\/04\/Misa1.jpg?resize=150%2C90&amp;ssl=1 150w\" sizes=\"auto, (max-width: 580px) 100vw, 580px\" \/><figcaption id=\"caption-attachment-78150\" class=\"wp-caption-text\">AUTORIDADES.- Autoridades provinciales y regionales participaron solemnemente de esta tradicional Misa a la Chilena.<\/figcaption><\/figure>\n<figure id=\"attachment_78151\" aria-describedby=\"caption-attachment-78151\" style=\"width: 580px\" class=\"wp-caption alignnone\"><img data-recalc-dims=\"1\" loading=\"lazy\" decoding=\"async\" class=\"size-full wp-image-78151\" src=\"https:\/\/i0.wp.com\/www.eltrabajo.cl\/2017\/wp-content\/uploads\/2017\/04\/Publico2.jpg?resize=580%2C349\" alt=\"SANTA FERIA.- Santa Feria atrajo tambi\u00e9n a sus fans, algunos llegaron con enormes banderas para aplaudir a sus \u00eddolos.\" width=\"580\" height=\"349\" srcset=\"https:\/\/i0.wp.com\/eltrabajo.cl\/portal\/wp-content\/uploads\/2017\/04\/Publico2.jpg?w=580&amp;ssl=1 580w, https:\/\/i0.wp.com\/eltrabajo.cl\/portal\/wp-content\/uploads\/2017\/04\/Publico2.jpg?resize=200%2C120&amp;ssl=1 200w, https:\/\/i0.wp.com\/eltrabajo.cl\/portal\/wp-content\/uploads\/2017\/04\/Publico2.jpg?resize=300%2C181&amp;ssl=1 300w, https:\/\/i0.wp.com\/eltrabajo.cl\/portal\/wp-content\/uploads\/2017\/04\/Publico2.jpg?resize=150%2C90&amp;ssl=1 150w\" sizes=\"auto, (max-width: 580px) 100vw, 580px\" \/><figcaption id=\"caption-attachment-78151\" class=\"wp-caption-text\">SANTA FERIA.- Santa Feria atrajo tambi\u00e9n a sus fans, algunos llegaron con enormes banderas para aplaudir a sus \u00eddolos.<\/figcaption><\/figure>\n<figure id=\"attachment_78152\" aria-describedby=\"caption-attachment-78152\" style=\"width: 580px\" class=\"wp-caption alignnone\"><img data-recalc-dims=\"1\" loading=\"lazy\" decoding=\"async\" class=\"size-full wp-image-78152\" src=\"https:\/\/i0.wp.com\/www.eltrabajo.cl\/2017\/wp-content\/uploads\/2017\/04\/Roblerinos1.jpg?resize=580%2C349\" alt=\"LOS ROBLERINOS.- Ellos son Los Roblerinos, de Linares, folcloristas que animaron la Misa a la Chilena, desarrollada al mediod\u00eda de ayer domingo.\" width=\"580\" height=\"349\" srcset=\"https:\/\/i0.wp.com\/eltrabajo.cl\/portal\/wp-content\/uploads\/2017\/04\/Roblerinos1.jpg?w=580&amp;ssl=1 580w, https:\/\/i0.wp.com\/eltrabajo.cl\/portal\/wp-content\/uploads\/2017\/04\/Roblerinos1.jpg?resize=200%2C120&amp;ssl=1 200w, https:\/\/i0.wp.com\/eltrabajo.cl\/portal\/wp-content\/uploads\/2017\/04\/Roblerinos1.jpg?resize=300%2C181&amp;ssl=1 300w, https:\/\/i0.wp.com\/eltrabajo.cl\/portal\/wp-content\/uploads\/2017\/04\/Roblerinos1.jpg?resize=150%2C90&amp;ssl=1 150w\" sizes=\"auto, (max-width: 580px) 100vw, 580px\" \/><figcaption id=\"caption-attachment-78152\" class=\"wp-caption-text\">LOS ROBLERINOS.- Ellos son Los Roblerinos, de Linares, folcloristas que animaron la Misa a la Chilena, desarrollada al mediod\u00eda de ayer domingo.<\/figcaption><\/figure>\n<figure id=\"attachment_78153\" aria-describedby=\"caption-attachment-78153\" style=\"width: 580px\" class=\"wp-caption alignnone\"><img data-recalc-dims=\"1\" loading=\"lazy\" decoding=\"async\" class=\"size-full wp-image-78153\" src=\"https:\/\/i0.wp.com\/www.eltrabajo.cl\/2017\/wp-content\/uploads\/2017\/04\/Teocalan1.jpg?resize=580%2C349\" alt=\"SIEMPRE TEOCAL\u00c1N.- Los artistas de Teocal\u00e1n hicieron de las suyas frente al gran p\u00fablico presente. Gracia y excelencia fue lo ofrecido.\" width=\"580\" height=\"349\" srcset=\"https:\/\/i0.wp.com\/eltrabajo.cl\/portal\/wp-content\/uploads\/2017\/04\/Teocalan1.jpg?w=580&amp;ssl=1 580w, https:\/\/i0.wp.com\/eltrabajo.cl\/portal\/wp-content\/uploads\/2017\/04\/Teocalan1.jpg?resize=200%2C120&amp;ssl=1 200w, https:\/\/i0.wp.com\/eltrabajo.cl\/portal\/wp-content\/uploads\/2017\/04\/Teocalan1.jpg?resize=300%2C181&amp;ssl=1 300w, https:\/\/i0.wp.com\/eltrabajo.cl\/portal\/wp-content\/uploads\/2017\/04\/Teocalan1.jpg?resize=150%2C90&amp;ssl=1 150w\" sizes=\"auto, (max-width: 580px) 100vw, 580px\" \/><figcaption id=\"caption-attachment-78153\" class=\"wp-caption-text\">SIEMPRE TEOCAL\u00c1N.- Los artistas de Teocal\u00e1n hicieron de las suyas frente al gran p\u00fablico presente. Gracia y excelencia fue lo ofrecido.<\/figcaption><\/figure>\n<figure id=\"attachment_78154\" aria-describedby=\"caption-attachment-78154\" style=\"width: 580px\" class=\"wp-caption alignnone\"><img data-recalc-dims=\"1\" loading=\"lazy\" decoding=\"async\" class=\"size-full wp-image-78154\" src=\"https:\/\/i0.wp.com\/www.eltrabajo.cl\/2017\/wp-content\/uploads\/2017\/04\/Tierra1.jpg?resize=580%2C349\" alt=\"SIEMPRE LA CUECA.- Mi Tierra querida, agrupaci\u00f3n folcl\u00f3rica sanfelipe\u00f1a a cargo de los bailes en esta Misa.\" width=\"580\" height=\"349\" srcset=\"https:\/\/i0.wp.com\/eltrabajo.cl\/portal\/wp-content\/uploads\/2017\/04\/Tierra1.jpg?w=580&amp;ssl=1 580w, https:\/\/i0.wp.com\/eltrabajo.cl\/portal\/wp-content\/uploads\/2017\/04\/Tierra1.jpg?resize=200%2C120&amp;ssl=1 200w, https:\/\/i0.wp.com\/eltrabajo.cl\/portal\/wp-content\/uploads\/2017\/04\/Tierra1.jpg?resize=300%2C181&amp;ssl=1 300w, https:\/\/i0.wp.com\/eltrabajo.cl\/portal\/wp-content\/uploads\/2017\/04\/Tierra1.jpg?resize=150%2C90&amp;ssl=1 150w\" sizes=\"auto, (max-width: 580px) 100vw, 580px\" \/><figcaption id=\"caption-attachment-78154\" class=\"wp-caption-text\">SIEMPRE LA CUECA.- Mi Tierra querida, agrupaci\u00f3n folcl\u00f3rica sanfelipe\u00f1a a cargo de los bailes en esta Misa.<\/figcaption><\/figure>\n<figure id=\"attachment_78155\" aria-describedby=\"caption-attachment-78155\" style=\"width: 580px\" class=\"wp-caption alignnone\"><img data-recalc-dims=\"1\" loading=\"lazy\" decoding=\"async\" class=\"size-full wp-image-78155\" src=\"https:\/\/i0.wp.com\/www.eltrabajo.cl\/2017\/wp-content\/uploads\/2017\/04\/Wayras1.jpg?resize=580%2C350\" alt=\"As\u00ed luci\u00f3 Los Wuayras durante su aplaudida presentaci\u00f3n en esta Fiesta de la Vendimia 2017.\" width=\"580\" height=\"350\" srcset=\"https:\/\/i0.wp.com\/eltrabajo.cl\/portal\/wp-content\/uploads\/2017\/04\/Wayras1.jpg?w=580&amp;ssl=1 580w, https:\/\/i0.wp.com\/eltrabajo.cl\/portal\/wp-content\/uploads\/2017\/04\/Wayras1.jpg?resize=200%2C121&amp;ssl=1 200w, https:\/\/i0.wp.com\/eltrabajo.cl\/portal\/wp-content\/uploads\/2017\/04\/Wayras1.jpg?resize=300%2C181&amp;ssl=1 300w, https:\/\/i0.wp.com\/eltrabajo.cl\/portal\/wp-content\/uploads\/2017\/04\/Wayras1.jpg?resize=150%2C91&amp;ssl=1 150w\" sizes=\"auto, (max-width: 580px) 100vw, 580px\" \/><figcaption id=\"caption-attachment-78155\" class=\"wp-caption-text\">As\u00ed luci\u00f3 Los Wuayras durante su aplaudida presentaci\u00f3n en esta Fiesta de la Vendimia 2017.<\/figcaption><\/figure>\n","protected":false},"excerpt":{"rendered":"<p>M\u00e1s que significar un importante repunte para el turismo y desarrollo costumbrista en nuestra comuna, la 4\u00aa Fiesta de la Vendimia 2017 se consolid\u00f3 como una propuesta que ya se instal\u00f3 en&#8230;<\/p>\n","protected":false},"author":1,"featured_media":78151,"comment_status":"open","ping_status":"open","sticky":false,"template":"","format":"standard","meta":{"advanced_seo_description":"","jetpack_seo_html_title":"","jetpack_seo_noindex":false,"_jetpack_memberships_contains_paid_content":false,"footnotes":""},"categories":[15],"tags":[],"class_list":["post-78145","post","type-post","status-publish","format-standard","has-post-thumbnail","hentry","category-comunidad"],"jetpack_featured_media_url":"https:\/\/i0.wp.com\/eltrabajo.cl\/portal\/wp-content\/uploads\/2017\/04\/Publico2.jpg?fit=580%2C349&ssl=1","jetpack_sharing_enabled":true,"jetpack_likes_enabled":true,"jetpack-related-posts":[],"_links":{"self":[{"href":"https:\/\/eltrabajo.cl\/portal\/wp-json\/wp\/v2\/posts\/78145","targetHints":{"allow":["GET"]}}],"collection":[{"href":"https:\/\/eltrabajo.cl\/portal\/wp-json\/wp\/v2\/posts"}],"about":[{"href":"https:\/\/eltrabajo.cl\/portal\/wp-json\/wp\/v2\/types\/post"}],"author":[{"embeddable":true,"href":"https:\/\/eltrabajo.cl\/portal\/wp-json\/wp\/v2\/users\/1"}],"replies":[{"embeddable":true,"href":"https:\/\/eltrabajo.cl\/portal\/wp-json\/wp\/v2\/comments?post=78145"}],"version-history":[{"count":0,"href":"https:\/\/eltrabajo.cl\/portal\/wp-json\/wp\/v2\/posts\/78145\/revisions"}],"wp:featuredmedia":[{"embeddable":true,"href":"https:\/\/eltrabajo.cl\/portal\/wp-json\/wp\/v2\/media\/78151"}],"wp:attachment":[{"href":"https:\/\/eltrabajo.cl\/portal\/wp-json\/wp\/v2\/media?parent=78145"}],"wp:term":[{"taxonomy":"category","embeddable":true,"href":"https:\/\/eltrabajo.cl\/portal\/wp-json\/wp\/v2\/categories?post=78145"},{"taxonomy":"post_tag","embeddable":true,"href":"https:\/\/eltrabajo.cl\/portal\/wp-json\/wp\/v2\/tags?post=78145"}],"curies":[{"name":"wp","href":"https:\/\/api.w.org\/{rel}","templated":true}]}}