{"id":78157,"date":"2017-04-03T06:02:13","date_gmt":"2017-04-03T10:02:13","guid":{"rendered":"http:\/\/www.eltrabajo.cl\/2017\/?p=78157"},"modified":"2017-04-03T06:02:13","modified_gmt":"2017-04-03T10:02:13","slug":"hacen-llegar-reparos-al-proyecto-de-traslado-de-arenas-contaminadas","status":"publish","type":"post","link":"https:\/\/eltrabajo.cl\/portal\/hacen-llegar-reparos-al-proyecto-de-traslado-de-arenas-contaminadas\/","title":{"rendered":"Hacen llegar reparos al proyecto de traslado de arenas contaminadas"},"content":{"rendered":"<figure id=\"attachment_78158\" aria-describedby=\"caption-attachment-78158\" style=\"width: 580px\" class=\"wp-caption alignnone\"><img data-recalc-dims=\"1\" loading=\"lazy\" decoding=\"async\" class=\"size-full wp-image-78158\" src=\"https:\/\/i0.wp.com\/www.eltrabajo.cl\/2017\/wp-content\/uploads\/2017\/04\/Arenas.jpg?resize=580%2C350\" alt=\"Pedro Mu\u00f1oz y Enrique Contreras en los momentos de la entrega de antecedentes de arenas contaminadas al diputado diputado Marcelo Schilling.\" width=\"580\" height=\"350\" srcset=\"https:\/\/i0.wp.com\/eltrabajo.cl\/portal\/wp-content\/uploads\/2017\/04\/Arenas.jpg?w=580&amp;ssl=1 580w, https:\/\/i0.wp.com\/eltrabajo.cl\/portal\/wp-content\/uploads\/2017\/04\/Arenas.jpg?resize=200%2C121&amp;ssl=1 200w, https:\/\/i0.wp.com\/eltrabajo.cl\/portal\/wp-content\/uploads\/2017\/04\/Arenas.jpg?resize=300%2C181&amp;ssl=1 300w, https:\/\/i0.wp.com\/eltrabajo.cl\/portal\/wp-content\/uploads\/2017\/04\/Arenas.jpg?resize=150%2C91&amp;ssl=1 150w\" sizes=\"auto, (max-width: 580px) 100vw, 580px\" \/><figcaption id=\"caption-attachment-78158\" class=\"wp-caption-text\">Pedro Mu\u00f1oz y Enrique Contreras en los momentos de la entrega de antecedentes de arenas contaminadas al diputado diputado Marcelo Schilling.<\/figcaption><\/figure>\n<ul>\n<li><span style=\"color: #ff0000;\"><strong>Fundaci\u00f3n Mi Patrimonio en el Congreso Nacional:<\/strong><\/span><\/li>\n<\/ul>\n<p>La Fundaci\u00f3n Mi Patrimonio en su af\u00e1n de proteger el medioambiente, hizo entrega al diputado Marcelo Schilling de antecedentes sobre los da\u00f1os que ocasionar\u00edan al Valle Aconcagua el controvertido proyecto de traslado de arenas contaminadas desde el sector Las Salinas en Re\u00f1aca hasta el CTI La Hormiga en San Felipe. El diputado tras recibir la informaci\u00f3n se comprometi\u00f3 a ponerlo en la agenda regional para representar el descontento de los aconcag\u00fcinos\u00a0\u00a0con este plan.<br \/>\nLa entrega se hizo en una reuni\u00f3n sostenida en San Felipe, donde el parlamentario expres\u00f3 su rechazo a que este tipo de iniciativas sirvan para solucionar un problema de los privados perjudicando a la comunidad.<br \/>\n\u00abNi los vecinos, ni los agricultores, ni nadie de este valle puede aceptar que un proyecto que pretende conseguir adelanto inmobiliario en la costa tenga que pagar consecuencias en esta tierra de larga tradici\u00f3n agro productiva\u00bb, sostuvo el parlamentario.<br \/>\nPor su parte Enrique Contreras, encargado de comunidades de la fundaci\u00f3n\u00a0se\u00f1al\u00f3 que \u00abestos antecedentes est\u00e1n en manos de todos los parlamentarios de la regi\u00f3n, todos han sido advertidos de lo que se planea hacer y agradecemos que el diputado Schilling haya sido el primero en responder con acciones concretas, este es un tema transversal\u00a0\u00a0y que nos debe importar a todos, independiente del sector social, y as\u00ed como ahora estamos buscando apoyo pol\u00edtico, ya hemos encontrado respuesta en el empresariado y el sector agr\u00edcola, quedando pendiente un trabajo con la comunidad educativa de los diferentes colegios por donde pasar\u00e1 este material contaminado\u00bb, dijo Contreras.<br \/>\nLa primera acci\u00f3n concordada es una reuni\u00f3n con el intendente Gabriel Aldoney, algunos alcaldes de la Quinta Cordillera y representantes de la comunidad para exponerle las razones por las que este proyecto se debiese rechazar.<br \/>\nRecordar que el proyecto consiste en trasladar un mill\u00f3n de metros c\u00fabicos de arenas hasta el CTI La Hormiga en San Felipe. El costo del proyecto es de 41 millones de d\u00f3lares.<\/p>\n","protected":false},"excerpt":{"rendered":"<p>Fundaci\u00f3n Mi Patrimonio en el Congreso Nacional: La Fundaci\u00f3n Mi Patrimonio en su af\u00e1n de proteger el medioambiente, hizo entrega al diputado Marcelo Schilling de antecedentes sobre los da\u00f1os que ocasionar\u00edan al&#8230;<\/p>\n","protected":false},"author":1,"featured_media":78158,"comment_status":"open","ping_status":"open","sticky":false,"template":"","format":"standard","meta":{"advanced_seo_description":"","jetpack_seo_html_title":"","jetpack_seo_noindex":false,"_jetpack_memberships_contains_paid_content":false,"footnotes":""},"categories":[15],"tags":[],"class_list":["post-78157","post","type-post","status-publish","format-standard","has-post-thumbnail","hentry","category-comunidad"],"jetpack_featured_media_url":"https:\/\/i0.wp.com\/eltrabajo.cl\/portal\/wp-content\/uploads\/2017\/04\/Arenas.jpg?fit=580%2C350&ssl=1","jetpack_sharing_enabled":true,"jetpack_likes_enabled":true,"jetpack-related-posts":[],"_links":{"self":[{"href":"https:\/\/eltrabajo.cl\/portal\/wp-json\/wp\/v2\/posts\/78157","targetHints":{"allow":["GET"]}}],"collection":[{"href":"https:\/\/eltrabajo.cl\/portal\/wp-json\/wp\/v2\/posts"}],"about":[{"href":"https:\/\/eltrabajo.cl\/portal\/wp-json\/wp\/v2\/types\/post"}],"author":[{"embeddable":true,"href":"https:\/\/eltrabajo.cl\/portal\/wp-json\/wp\/v2\/users\/1"}],"replies":[{"embeddable":true,"href":"https:\/\/eltrabajo.cl\/portal\/wp-json\/wp\/v2\/comments?post=78157"}],"version-history":[{"count":0,"href":"https:\/\/eltrabajo.cl\/portal\/wp-json\/wp\/v2\/posts\/78157\/revisions"}],"wp:featuredmedia":[{"embeddable":true,"href":"https:\/\/eltrabajo.cl\/portal\/wp-json\/wp\/v2\/media\/78158"}],"wp:attachment":[{"href":"https:\/\/eltrabajo.cl\/portal\/wp-json\/wp\/v2\/media?parent=78157"}],"wp:term":[{"taxonomy":"category","embeddable":true,"href":"https:\/\/eltrabajo.cl\/portal\/wp-json\/wp\/v2\/categories?post=78157"},{"taxonomy":"post_tag","embeddable":true,"href":"https:\/\/eltrabajo.cl\/portal\/wp-json\/wp\/v2\/tags?post=78157"}],"curies":[{"name":"wp","href":"https:\/\/api.w.org\/{rel}","templated":true}]}}