{"id":78164,"date":"2017-04-03T06:04:00","date_gmt":"2017-04-03T10:04:00","guid":{"rendered":"http:\/\/www.eltrabajo.cl\/2017\/?p=78164"},"modified":"2017-04-03T06:04:00","modified_gmt":"2017-04-03T10:04:00","slug":"aplican-pesticida-que-pudiera-frenar-la-plaga-de-chinche-pintado","status":"publish","type":"post","link":"https:\/\/eltrabajo.cl\/portal\/aplican-pesticida-que-pudiera-frenar-la-plaga-de-chinche-pintado\/","title":{"rendered":"Aplican pesticida que pudiera frenar la plaga de \u2018Chinche Pintado\u2019"},"content":{"rendered":"<figure id=\"attachment_78165\" aria-describedby=\"caption-attachment-78165\" style=\"width: 580px\" class=\"wp-caption alignnone\"><img data-recalc-dims=\"1\" loading=\"lazy\" decoding=\"async\" class=\"size-full wp-image-78165\" src=\"https:\/\/i0.wp.com\/www.eltrabajo.cl\/2017\/wp-content\/uploads\/2017\/04\/ADOLFO-MITCHEL-jefe-area-indap-san-felipe.jpg?resize=580%2C349\" alt=\"Adolfo Mitchel, jefe Indap, provincia de San Felipe.\" width=\"580\" height=\"349\" srcset=\"https:\/\/i0.wp.com\/eltrabajo.cl\/portal\/wp-content\/uploads\/2017\/04\/ADOLFO-MITCHEL-jefe-area-indap-san-felipe.jpg?w=580&amp;ssl=1 580w, https:\/\/i0.wp.com\/eltrabajo.cl\/portal\/wp-content\/uploads\/2017\/04\/ADOLFO-MITCHEL-jefe-area-indap-san-felipe.jpg?resize=200%2C120&amp;ssl=1 200w, https:\/\/i0.wp.com\/eltrabajo.cl\/portal\/wp-content\/uploads\/2017\/04\/ADOLFO-MITCHEL-jefe-area-indap-san-felipe.jpg?resize=300%2C181&amp;ssl=1 300w, https:\/\/i0.wp.com\/eltrabajo.cl\/portal\/wp-content\/uploads\/2017\/04\/ADOLFO-MITCHEL-jefe-area-indap-san-felipe.jpg?resize=150%2C90&amp;ssl=1 150w\" sizes=\"auto, (max-width: 580px) 100vw, 580px\" \/><figcaption id=\"caption-attachment-78165\" class=\"wp-caption-text\">Adolfo Mitchel, jefe Indap, provincia de San Felipe.<\/figcaption><\/figure>\n<p>Pesquisas en terreno est\u00e1 realizando Indap de todos los predios agr\u00edcolas que est\u00e1n afectados en la Provincia de San Felipe por la aparici\u00f3n de este Chinche Pintado que para la instituci\u00f3n es algo nuevo.<br \/>\nAs\u00ed lo dio a conocer el jefe de \u00c1rea de Indap, Adolfo Mitchel, quien se\u00f1al\u00f3 que no saben c\u00f3mo se va a comportar: \u00abNo sabemos cu\u00e1l es la biolog\u00eda y el comportamiento que va a tener durante el invierno\u00bb, sostuvo.<br \/>\nEl encargado de Indap entreg\u00f3 el detalle por comuna de los predios afectados, que est\u00e1n diariamente monitoreando con los equipos de Prodesal.<br \/>\n\u00abEn Catemu tenemos cerca de diez predios infectados, en Panquehue uno, en Santa Mar\u00eda uno de maleza solamente, en Putaendo cerca de diez, en Llay-Llay unos quince predios, en San Felipe entre 18 a 20 predios infectados\u00bb, dijo Mitchel.<br \/>\nExplic\u00f3 que este chinche (bagrada hilaris) nuevo se alimenta principalmente de las brassicas, que son todas aquellas hortalizas como br\u00f3colis, coliflor, repollo Bruselas, principalmente se alimenta de la sabia, por lo tanto entierra su estilete en las hojas o en distintas partes verdes de la planta y empieza a succionar la sabia, cuando es uno o dos ejemplares no hay ning\u00fan problema, pero cuando son 100 obviamente causa da\u00f1o a la planta.<br \/>\nEl principal problema que se tiene hoy en d\u00edas es que en esta fecha se est\u00e1n trasplantando o plantando todas estas especies de hortalizas para ser consumidas por la poblaci\u00f3n a partir de mayo en adelante: \u00abComo la planta es nueva y hay un gran ataque de este insecto es muy probable que haya un fracaso del cultivo si es que no se trata a tiempo, lo que se traducir\u00eda en p\u00e9rdidas econ\u00f3micas por supuesto\u00bb, sostuvo.<br \/>\nIndap en este momento est\u00e1 monitoreando y enviando la informaci\u00f3n a la direcci\u00f3n regional con la finalidad de hacer algunos acomodos en los cr\u00e9ditos principalmente.<br \/>\nTodav\u00eda no se tiene informaci\u00f3n de da\u00f1os econ\u00f3micos \u00abestamos sospechando que pudieran haber, pero estamos tomando algunas medidas como anticipo de los problemas que pudieran venir en un par de semanas m\u00e1s\u00bb, sostuvo.<br \/>\nReiter\u00f3 que esta plaga est\u00e1 presente por primera vez en Chile.<br \/>\nSe\u00f1al\u00f3 que hab\u00edan insecticidas que se han probado: \u00abAfortunadamente hoy contamos con dos, gracias a la informaci\u00f3n del SAG, ya tenemos dos casos de agricultores que han aplicado y estamos monitoreando la reacci\u00f3n que ha tenido el insecto a la aplicaci\u00f3n de este pesticida\u00bb, indic\u00f3. Los predios donde se aplic\u00f3 este pesticida fueron en Catemu. El efecto de este insecto se puede apreciar porque las plantas se ponen amarillentas. Este insecto es poco m\u00e1s grande que la chinita que conocemos.<\/p>\n<figure id=\"attachment_78111\" aria-describedby=\"caption-attachment-78111\" style=\"width: 580px\" class=\"wp-caption alignnone\"><img data-recalc-dims=\"1\" loading=\"lazy\" decoding=\"async\" class=\"size-full wp-image-78111\" src=\"https:\/\/i0.wp.com\/www.eltrabajo.cl\/portal\/wp-content\/uploads\/2017\/03\/CHINCHE-AFRICANO-1.jpg?resize=580%2C349\" alt=\"El Chinche Africano, en su estado adulto, llega a medir 6 a 7 mil\u00edmetros. No obstante los ejemplares m\u00e1s peque\u00f1os son de un color rojizo.\" width=\"580\" height=\"349\" srcset=\"https:\/\/i0.wp.com\/eltrabajo.cl\/portal\/wp-content\/uploads\/2017\/03\/CHINCHE-AFRICANO-1.jpg?w=580&amp;ssl=1 580w, https:\/\/i0.wp.com\/eltrabajo.cl\/portal\/wp-content\/uploads\/2017\/03\/CHINCHE-AFRICANO-1.jpg?resize=200%2C120&amp;ssl=1 200w, https:\/\/i0.wp.com\/eltrabajo.cl\/portal\/wp-content\/uploads\/2017\/03\/CHINCHE-AFRICANO-1.jpg?resize=300%2C181&amp;ssl=1 300w, https:\/\/i0.wp.com\/eltrabajo.cl\/portal\/wp-content\/uploads\/2017\/03\/CHINCHE-AFRICANO-1.jpg?resize=249%2C150&amp;ssl=1 249w, https:\/\/i0.wp.com\/eltrabajo.cl\/portal\/wp-content\/uploads\/2017\/03\/CHINCHE-AFRICANO-1.jpg?resize=400%2C241&amp;ssl=1 400w\" sizes=\"auto, (max-width: 580px) 100vw, 580px\" \/><figcaption id=\"caption-attachment-78111\" class=\"wp-caption-text\">El Chinche Africano, en su estado adulto, llega a medir 6 a 7 mil\u00edmetros. No obstante los ejemplares m\u00e1s peque\u00f1os son de un color rojizo.<\/figcaption><\/figure>\n","protected":false},"excerpt":{"rendered":"<p>Pesquisas en terreno est\u00e1 realizando Indap de todos los predios agr\u00edcolas que est\u00e1n afectados en la Provincia de San Felipe por la aparici\u00f3n de este Chinche Pintado que para la instituci\u00f3n es&#8230;<\/p>\n","protected":false},"author":1,"featured_media":78111,"comment_status":"open","ping_status":"open","sticky":false,"template":"","format":"standard","meta":{"advanced_seo_description":"","jetpack_seo_html_title":"","jetpack_seo_noindex":false,"_jetpack_memberships_contains_paid_content":false,"footnotes":""},"categories":[1],"tags":[],"class_list":["post-78164","post","type-post","status-publish","format-standard","has-post-thumbnail","hentry","category-cronica"],"jetpack_featured_media_url":"https:\/\/i0.wp.com\/eltrabajo.cl\/portal\/wp-content\/uploads\/2017\/03\/CHINCHE-AFRICANO-1.jpg?fit=580%2C349&ssl=1","jetpack_sharing_enabled":true,"jetpack_likes_enabled":true,"jetpack-related-posts":[],"_links":{"self":[{"href":"https:\/\/eltrabajo.cl\/portal\/wp-json\/wp\/v2\/posts\/78164","targetHints":{"allow":["GET"]}}],"collection":[{"href":"https:\/\/eltrabajo.cl\/portal\/wp-json\/wp\/v2\/posts"}],"about":[{"href":"https:\/\/eltrabajo.cl\/portal\/wp-json\/wp\/v2\/types\/post"}],"author":[{"embeddable":true,"href":"https:\/\/eltrabajo.cl\/portal\/wp-json\/wp\/v2\/users\/1"}],"replies":[{"embeddable":true,"href":"https:\/\/eltrabajo.cl\/portal\/wp-json\/wp\/v2\/comments?post=78164"}],"version-history":[{"count":0,"href":"https:\/\/eltrabajo.cl\/portal\/wp-json\/wp\/v2\/posts\/78164\/revisions"}],"wp:featuredmedia":[{"embeddable":true,"href":"https:\/\/eltrabajo.cl\/portal\/wp-json\/wp\/v2\/media\/78111"}],"wp:attachment":[{"href":"https:\/\/eltrabajo.cl\/portal\/wp-json\/wp\/v2\/media?parent=78164"}],"wp:term":[{"taxonomy":"category","embeddable":true,"href":"https:\/\/eltrabajo.cl\/portal\/wp-json\/wp\/v2\/categories?post=78164"},{"taxonomy":"post_tag","embeddable":true,"href":"https:\/\/eltrabajo.cl\/portal\/wp-json\/wp\/v2\/tags?post=78164"}],"curies":[{"name":"wp","href":"https:\/\/api.w.org\/{rel}","templated":true}]}}