{"id":78172,"date":"2017-04-04T06:00:43","date_gmt":"2017-04-04T10:00:43","guid":{"rendered":"http:\/\/www.eltrabajo.cl\/2017\/?p=78172"},"modified":"2017-04-04T06:00:43","modified_gmt":"2017-04-04T10:00:43","slug":"exalumnos-de-la-escuela-renacer-honran-a-sus-profesores-de-basica","status":"publish","type":"post","link":"https:\/\/eltrabajo.cl\/portal\/exalumnos-de-la-escuela-renacer-honran-a-sus-profesores-de-basica\/","title":{"rendered":"Exalumnos de la Escuela Renacer honran a sus profesores de B\u00e1sica"},"content":{"rendered":"<figure id=\"attachment_78173\" aria-describedby=\"caption-attachment-78173\" style=\"width: 580px\" class=\"wp-caption alignnone\"><img data-recalc-dims=\"1\" loading=\"lazy\" decoding=\"async\" class=\"size-full wp-image-78173\" src=\"https:\/\/i0.wp.com\/www.eltrabajo.cl\/2017\/wp-content\/uploads\/2017\/04\/Lolo-Regalo1.jpg?resize=580%2C349\" alt=\"UN TROZO DE HISTORIA.- Aqu\u00ed tenemos a los queridos maestros Mar\u00eda Isabel Guti\u00e9rrez y Lorenzo Vergara, recibiendo este cuadro con fotos de la \u00e9poca, enmarcadas en madera de la escuela.\" width=\"580\" height=\"349\" srcset=\"https:\/\/i0.wp.com\/eltrabajo.cl\/portal\/wp-content\/uploads\/2017\/04\/Lolo-Regalo1.jpg?w=580&amp;ssl=1 580w, https:\/\/i0.wp.com\/eltrabajo.cl\/portal\/wp-content\/uploads\/2017\/04\/Lolo-Regalo1.jpg?resize=200%2C120&amp;ssl=1 200w, https:\/\/i0.wp.com\/eltrabajo.cl\/portal\/wp-content\/uploads\/2017\/04\/Lolo-Regalo1.jpg?resize=300%2C181&amp;ssl=1 300w, https:\/\/i0.wp.com\/eltrabajo.cl\/portal\/wp-content\/uploads\/2017\/04\/Lolo-Regalo1.jpg?resize=150%2C90&amp;ssl=1 150w\" sizes=\"auto, (max-width: 580px) 100vw, 580px\" \/><figcaption id=\"caption-attachment-78173\" class=\"wp-caption-text\">UN TROZO DE HISTORIA.- Aqu\u00ed tenemos a los queridos maestros Mar\u00eda Isabel Guti\u00e9rrez y Lorenzo Vergara, recibiendo este cuadro con fotos de la \u00e9poca, enmarcadas en madera de la escuela.<\/figcaption><\/figure>\n<ul>\n<li><span style=\"color: #ff0000;\"><strong>Casi 50 a\u00f1os despu\u00e9s de recibir clases en extrema pobreza:<\/strong><\/span><\/li>\n<\/ul>\n<p>La tarde de este s\u00e1bado a las 14:00 horas en el patio de la Escuela Renacer, son\u00f3 la campana en se\u00f1al de inicio de las clases. Poco a poco los estudiantes se comienzan a reunir, son estudiantes provenientes de Quebrada Herrera, Putaendo y de distintas partes del Valle Aconcagua y del pa\u00eds.<br \/>\nPor los parlantes de la escuela se escuch\u00f3 una voz que dice \u00abni\u00f1os, nos formamos en dos filas\u00bb.<br \/>\nA la orden anterior los estudiantes se formaron, obedientemente, entre ellos aparec\u00edan unas caras nerviosas y emocionadas, mientras se reun\u00edan, se saludaba y se estrechaban en largos abrazos; unos re\u00edan y otros lloraban.<br \/>\nEste particular grupo de estudiantes, son 46 exalumnos de la Escuela E59, desde 1969 hasta 1982, y que se juntaron para honrar a sus queridos maestros Mar\u00eda Isabel Guti\u00e9rrez, Patricio Vargas (QEPD) y Lorenzo Vergara (entonces director).<br \/>\nLa idea surgi\u00f3 de Viviana Herrera, una de las exalumnas que comenz\u00f3 una convocatoria a trav\u00e9s de Whatsapp, a la que se sumaron exalumnos de las generaciones de 1969, 1970 y 1973. En este reencuentro el objetivo principal era rendir un homenaje a sus queridos profesores Lorenzo Vergara y Mar\u00eda Isabel, adem\u00e1s de recordar al querido profesor Patricio Vargas, ya fallecido.<\/p>\n<p><strong>REGALO ESPECIAL<\/strong><br \/>\nAs\u00ed, cada uno de los presentes revivieron sus aventuras de infancia, disfrutaron de volver a ver aquellas fotos del pasado en las que ellos eran apenas chiquillos y protagonistas de las mismas. Fue tambi\u00e9n en el marco de ese reencuentro de amigos, cuando al profesor Lorenzo Vergara y a la profesora Mar\u00eda Isabel Guti\u00e9rrez se les obsequi\u00f3 un arreglo fotogr\u00e1fico, el que estaba enmarcado en madera de la misma escuela que ambos ayudaron a levantar hace m\u00e1s de 40 a\u00f1os.<br \/>\nLa actual Escuela Renacer tiene su origen en la fusi\u00f3n de tres escuelas rurales multigrado existentes en la localidad de Quebrada Herrera: La primera en el sector Las Compuertas, la Escuela G39; la segunda en el sector de Calle Ortiz, la Escuela E35, y la tercera en el sector La Plazuela, la Escuela E59. En 1985 se unieron las tres escuelas, dando as\u00ed origen a la Escuela G94, ubicada en La Plazuela.<\/p>\n<p><strong>AQUELLOS TIEMPOS<\/strong><br \/>\nEntre los recuerdos simp\u00e1ticos y que m\u00e1s recordaban los estudiantes, era cuando la manipuladora no pod\u00eda ir a la escuela y el profesor Lorenzo Vergara cocinaba tallarines con salsa para toda la escuela.<br \/>\nParte de estos homenajes fue el regalo de fotograf\u00edas de las actividades de la escuela de esos a\u00f1os, enmarcada en maderas de la antigua escuela.<br \/>\nFinalmente este encuentro termin\u00f3 con la fundaci\u00f3n del Centro de Exalumnos de la Escuela Renacer, actuando como representante de este grupo el exalumno Manuel Henr\u00edquez y el exdocente Lorenzo Vergara.<br \/>\n\u00abEste homenaje es un acto de amor y de justicia para estos, nuestros maestros, ellos se la jugaron con muy pocos medios y triunfaron pese a la pobreza franciscana que se viv\u00eda en esos a\u00f1os. Hicimos este acto de manera muy \u00edntima, por eso no vinieron nuestras familias, nos volvimos a sentir ni\u00f1os de nuevo, ojala sigamos haci\u00e9ndolo cada a\u00f1o\u00bb, dijo a Diario El Trabajo uno de los exalumnos, Manuel Henr\u00edquez.<\/p>\n<p><strong>A SOLAS CON \u2018LOLO VERGARA\u2019<\/strong><br \/>\nEste servidor p\u00fablico es hijo del Hijo Ilustre de San Felipe Lorenzo Vergara (QEPD) e Isidora Oyanedel.<br \/>\n<strong>&#8211; \u00bfD\u00f3nde y cu\u00e1ndo nace usted y qu\u00e9 estudios ha realizado?<\/strong><br \/>\n&#8211; Nac\u00ed el mi\u00e9rcoles 15 de diciembre de 1948 en San Felipe. Curs\u00e9 mi educaci\u00f3n b\u00e1sica o Preparatoria en el IAC. Mis Humanidades las llev\u00e9 en el Liceo de Hombres y en la Universidad Cat\u00f3lica de Valpara\u00edso termin\u00e9 mis estudios en Pedagog\u00eda en Educaci\u00f3n General B\u00e1sica.<br \/>\n<strong>&#8211; \u00bfA qu\u00e9 edad inici\u00f3 usted su carrera como profesor y en qu\u00e9 circunstancias?<\/strong><br \/>\n&#8211; A mis 21 a\u00f1os inici\u00e9 mi carrera profesional en una escuelita uni-docente all\u00e1 por el a\u00f1o 1969. Se trataba del Centro Comunitario Club Deportivo Estrella de Chile, era una media agua ubicada en Quebrada de Herrera de Putaendo, los tiempos eran muy distintos a los actuales, mis primeros 35 alumnos eran hijos de campesinos muy pobres, pero con muchas ganas de aprender. Yo impart\u00eda clases de 1\u00ba a 6\u00ba b\u00e1sico.<br \/>\n<strong>&#8211; \u00bfC\u00f3mo lograba usted manejar ese \u00e9xito profesional habiendo tan pocos recursos?<\/strong><br \/>\n&#8211; No era una gesti\u00f3n que pudiera ser solo m\u00eda, yo trabajaba hombro a hombro con el alcalde de aquellos a\u00f1os, Gast\u00f3n Hormaz\u00e1bal Cabrera, al iniciar la d\u00e9cada de los 70. Luego pas\u00e9 a dar clases en el IAC, ah\u00ed estuve doce a\u00f1os trabajando. En 1981 gan\u00e9 un importante premio del Conicyt en Matem\u00e1ticas, mis m\u00e1s valiosos premios son el saber que importantes personas como do\u00f1a Patricia Boffa; el actual gobernador Eduardo Le\u00f3n y varios destacad\u00edsimos sanfelipe\u00f1os pasaron por mis aulas, ellos son el premio a mis 47 a\u00f1os de carrera.<br \/>\n<strong>Roberto Gonz\u00e1lez Short<\/strong><\/p>\n<figure id=\"attachment_78174\" aria-describedby=\"caption-attachment-78174\" style=\"width: 580px\" class=\"wp-caption alignnone\"><img data-recalc-dims=\"1\" loading=\"lazy\" decoding=\"async\" class=\"size-full wp-image-78174\" src=\"https:\/\/i0.wp.com\/www.eltrabajo.cl\/2017\/wp-content\/uploads\/2017\/04\/Lolo-Almuerzo.jpg?resize=580%2C348\" alt=\"CAMARADER\u00cdA.- Unos 47 exalumnos de esa escuela rural se volvieron a reencontrar para rendir homenaje a sus profesores que a\u00fan viven, y a quienes ya partieron.\" width=\"580\" height=\"348\" srcset=\"https:\/\/i0.wp.com\/eltrabajo.cl\/portal\/wp-content\/uploads\/2017\/04\/Lolo-Almuerzo.jpg?w=580&amp;ssl=1 580w, https:\/\/i0.wp.com\/eltrabajo.cl\/portal\/wp-content\/uploads\/2017\/04\/Lolo-Almuerzo.jpg?resize=200%2C120&amp;ssl=1 200w, https:\/\/i0.wp.com\/eltrabajo.cl\/portal\/wp-content\/uploads\/2017\/04\/Lolo-Almuerzo.jpg?resize=300%2C180&amp;ssl=1 300w, https:\/\/i0.wp.com\/eltrabajo.cl\/portal\/wp-content\/uploads\/2017\/04\/Lolo-Almuerzo.jpg?resize=150%2C90&amp;ssl=1 150w\" sizes=\"auto, (max-width: 580px) 100vw, 580px\" \/><figcaption id=\"caption-attachment-78174\" class=\"wp-caption-text\">CAMARADER\u00cdA.- Unos 47 exalumnos de esa escuela rural se volvieron a reencontrar para rendir homenaje a sus profesores que a\u00fan viven, y a quienes ya partieron.<\/figcaption><\/figure>\n<figure id=\"attachment_78175\" aria-describedby=\"caption-attachment-78175\" style=\"width: 580px\" class=\"wp-caption alignnone\"><img data-recalc-dims=\"1\" loading=\"lazy\" decoding=\"async\" class=\"size-full wp-image-78175\" src=\"https:\/\/i0.wp.com\/www.eltrabajo.cl\/2017\/wp-content\/uploads\/2017\/04\/Lolo-Clases1.jpg?resize=580%2C350\" alt=\"CONSTRUYENDO CHILE.- Este profesor, con su maestra al lado, eran los j\u00f3venes Lorenzo y Mar\u00eda Isabel, en plena acci\u00f3n en su escuela.\" width=\"580\" height=\"350\" srcset=\"https:\/\/i0.wp.com\/eltrabajo.cl\/portal\/wp-content\/uploads\/2017\/04\/Lolo-Clases1.jpg?w=580&amp;ssl=1 580w, https:\/\/i0.wp.com\/eltrabajo.cl\/portal\/wp-content\/uploads\/2017\/04\/Lolo-Clases1.jpg?resize=200%2C121&amp;ssl=1 200w, https:\/\/i0.wp.com\/eltrabajo.cl\/portal\/wp-content\/uploads\/2017\/04\/Lolo-Clases1.jpg?resize=300%2C181&amp;ssl=1 300w, https:\/\/i0.wp.com\/eltrabajo.cl\/portal\/wp-content\/uploads\/2017\/04\/Lolo-Clases1.jpg?resize=150%2C91&amp;ssl=1 150w\" sizes=\"auto, (max-width: 580px) 100vw, 580px\" \/><figcaption id=\"caption-attachment-78175\" class=\"wp-caption-text\">CONSTRUYENDO CHILE.- Este profesor, con su maestra al lado, eran los j\u00f3venes Lorenzo y Mar\u00eda Isabel, en plena acci\u00f3n en su escuela.<\/figcaption><\/figure>\n<figure id=\"attachment_78176\" aria-describedby=\"caption-attachment-78176\" style=\"width: 580px\" class=\"wp-caption alignnone\"><img data-recalc-dims=\"1\" loading=\"lazy\" decoding=\"async\" class=\"size-full wp-image-78176\" src=\"https:\/\/i0.wp.com\/www.eltrabajo.cl\/2017\/wp-content\/uploads\/2017\/04\/Lolo-Lolitos.jpg?resize=580%2C350\" alt=\"IMPEQUE.- Aqu\u00ed tenemos al querido \u2018Lolo\u2019 Vergara, antes y despu\u00e9s de estas aventuras.\" width=\"580\" height=\"350\" srcset=\"https:\/\/i0.wp.com\/eltrabajo.cl\/portal\/wp-content\/uploads\/2017\/04\/Lolo-Lolitos.jpg?w=580&amp;ssl=1 580w, https:\/\/i0.wp.com\/eltrabajo.cl\/portal\/wp-content\/uploads\/2017\/04\/Lolo-Lolitos.jpg?resize=200%2C121&amp;ssl=1 200w, https:\/\/i0.wp.com\/eltrabajo.cl\/portal\/wp-content\/uploads\/2017\/04\/Lolo-Lolitos.jpg?resize=300%2C181&amp;ssl=1 300w, https:\/\/i0.wp.com\/eltrabajo.cl\/portal\/wp-content\/uploads\/2017\/04\/Lolo-Lolitos.jpg?resize=150%2C91&amp;ssl=1 150w\" sizes=\"auto, (max-width: 580px) 100vw, 580px\" \/><figcaption id=\"caption-attachment-78176\" class=\"wp-caption-text\">IMPEQUE.- Aqu\u00ed tenemos al querido \u2018Lolo\u2019 Vergara, antes y despu\u00e9s de estas aventuras.<\/figcaption><\/figure>\n","protected":false},"excerpt":{"rendered":"<p>Casi 50 a\u00f1os despu\u00e9s de recibir clases en extrema pobreza: La tarde de este s\u00e1bado a las 14:00 horas en el patio de la Escuela Renacer, son\u00f3 la campana en se\u00f1al de&#8230;<\/p>\n","protected":false},"author":1,"featured_media":78175,"comment_status":"open","ping_status":"open","sticky":false,"template":"","format":"standard","meta":{"advanced_seo_description":"","jetpack_seo_html_title":"","jetpack_seo_noindex":false,"_jetpack_memberships_contains_paid_content":false,"footnotes":""},"categories":[15],"tags":[],"class_list":["post-78172","post","type-post","status-publish","format-standard","has-post-thumbnail","hentry","category-comunidad"],"jetpack_featured_media_url":"https:\/\/i0.wp.com\/eltrabajo.cl\/portal\/wp-content\/uploads\/2017\/04\/Lolo-Clases1.jpg?fit=580%2C350&ssl=1","jetpack_sharing_enabled":true,"jetpack_likes_enabled":true,"jetpack-related-posts":[],"_links":{"self":[{"href":"https:\/\/eltrabajo.cl\/portal\/wp-json\/wp\/v2\/posts\/78172","targetHints":{"allow":["GET"]}}],"collection":[{"href":"https:\/\/eltrabajo.cl\/portal\/wp-json\/wp\/v2\/posts"}],"about":[{"href":"https:\/\/eltrabajo.cl\/portal\/wp-json\/wp\/v2\/types\/post"}],"author":[{"embeddable":true,"href":"https:\/\/eltrabajo.cl\/portal\/wp-json\/wp\/v2\/users\/1"}],"replies":[{"embeddable":true,"href":"https:\/\/eltrabajo.cl\/portal\/wp-json\/wp\/v2\/comments?post=78172"}],"version-history":[{"count":0,"href":"https:\/\/eltrabajo.cl\/portal\/wp-json\/wp\/v2\/posts\/78172\/revisions"}],"wp:featuredmedia":[{"embeddable":true,"href":"https:\/\/eltrabajo.cl\/portal\/wp-json\/wp\/v2\/media\/78175"}],"wp:attachment":[{"href":"https:\/\/eltrabajo.cl\/portal\/wp-json\/wp\/v2\/media?parent=78172"}],"wp:term":[{"taxonomy":"category","embeddable":true,"href":"https:\/\/eltrabajo.cl\/portal\/wp-json\/wp\/v2\/categories?post=78172"},{"taxonomy":"post_tag","embeddable":true,"href":"https:\/\/eltrabajo.cl\/portal\/wp-json\/wp\/v2\/tags?post=78172"}],"curies":[{"name":"wp","href":"https:\/\/api.w.org\/{rel}","templated":true}]}}