{"id":78178,"date":"2017-04-04T06:01:58","date_gmt":"2017-04-04T10:01:58","guid":{"rendered":"http:\/\/www.eltrabajo.cl\/2017\/?p=78178"},"modified":"2017-04-04T06:01:58","modified_gmt":"2017-04-04T10:01:58","slug":"diego-valderrama-termina-segundo-en-la-maraton-de-santiago","status":"publish","type":"post","link":"https:\/\/eltrabajo.cl\/portal\/diego-valderrama-termina-segundo-en-la-maraton-de-santiago\/","title":{"rendered":"Diego Valderrama termina segundo en la Marat\u00f3n de Santiago"},"content":{"rendered":"<figure id=\"attachment_78179\" aria-describedby=\"caption-attachment-78179\" style=\"width: 580px\" class=\"wp-caption alignnone\"><img data-recalc-dims=\"1\" loading=\"lazy\" decoding=\"async\" class=\"size-full wp-image-78179\" src=\"https:\/\/i0.wp.com\/www.eltrabajo.cl\/2017\/wp-content\/uploads\/2017\/04\/diego-valderrama-en-stgo.jpg?resize=580%2C348\" alt=\"Un segundo lugar con sabor a triunfo obtuvo Diego Valderrama en la Marat\u00f3n de Santiago.\" width=\"580\" height=\"348\" srcset=\"https:\/\/i0.wp.com\/eltrabajo.cl\/portal\/wp-content\/uploads\/2017\/04\/diego-valderrama-en-stgo.jpg?w=580&amp;ssl=1 580w, https:\/\/i0.wp.com\/eltrabajo.cl\/portal\/wp-content\/uploads\/2017\/04\/diego-valderrama-en-stgo.jpg?resize=200%2C120&amp;ssl=1 200w, https:\/\/i0.wp.com\/eltrabajo.cl\/portal\/wp-content\/uploads\/2017\/04\/diego-valderrama-en-stgo.jpg?resize=300%2C180&amp;ssl=1 300w, https:\/\/i0.wp.com\/eltrabajo.cl\/portal\/wp-content\/uploads\/2017\/04\/diego-valderrama-en-stgo.jpg?resize=150%2C90&amp;ssl=1 150w\" sizes=\"auto, (max-width: 580px) 100vw, 580px\" \/><figcaption id=\"caption-attachment-78179\" class=\"wp-caption-text\">Un segundo lugar con sabor a triunfo obtuvo Diego Valderrama en la Marat\u00f3n de Santiago.<\/figcaption><\/figure>\n<p>Respondiendo a todos sus pergaminos y confirmando de paso que el deporte y el atletismo sanfelipe\u00f1o, regional y nacional est\u00e1 en presencia de una figura con mucha proyecci\u00f3n, Diego Valderrama fue segundo en la serie juvenil de la marat\u00f3n de Santiago.<br \/>\nA diferencia del a\u00f1o pasado donde los puntos estaban puestos en ganar, el joven fondista local hab\u00eda enfocado toda su preparaci\u00f3n previa en bajar su crono de 3 horas con 9 minutos que hizo el a\u00f1o pasado, ya que solo as\u00ed podr\u00eda saber si el trabajo que est\u00e1 realizando con un equipo multidisciplinario que incluye una nutricionista y un preparador f\u00edsico, va bien enfocado y encaminado, algo que logr\u00f3 con holgura al registrar 3 horas exactas en los 42 kil\u00f3metros. \u201cMe fue excelente, porque hice lo que me hab\u00eda propuesto\u201d, declar\u00f3 el joven atleta a nuestro medio.<\/p>\n","protected":false},"excerpt":{"rendered":"<p>Respondiendo a todos sus pergaminos y confirmando de paso que el deporte y el atletismo sanfelipe\u00f1o, regional y nacional est\u00e1 en presencia de una figura con mucha proyecci\u00f3n, Diego Valderrama fue segundo&#8230;<\/p>\n","protected":false},"author":1,"featured_media":78179,"comment_status":"open","ping_status":"open","sticky":false,"template":"","format":"standard","meta":{"advanced_seo_description":"","jetpack_seo_html_title":"","jetpack_seo_noindex":false,"_jetpack_memberships_contains_paid_content":false,"footnotes":""},"categories":[19],"tags":[],"class_list":["post-78178","post","type-post","status-publish","format-standard","has-post-thumbnail","hentry","category-deportes"],"jetpack_featured_media_url":"https:\/\/i0.wp.com\/eltrabajo.cl\/portal\/wp-content\/uploads\/2017\/04\/diego-valderrama-en-stgo.jpg?fit=580%2C348&ssl=1","jetpack_sharing_enabled":true,"jetpack_likes_enabled":true,"jetpack-related-posts":[],"_links":{"self":[{"href":"https:\/\/eltrabajo.cl\/portal\/wp-json\/wp\/v2\/posts\/78178","targetHints":{"allow":["GET"]}}],"collection":[{"href":"https:\/\/eltrabajo.cl\/portal\/wp-json\/wp\/v2\/posts"}],"about":[{"href":"https:\/\/eltrabajo.cl\/portal\/wp-json\/wp\/v2\/types\/post"}],"author":[{"embeddable":true,"href":"https:\/\/eltrabajo.cl\/portal\/wp-json\/wp\/v2\/users\/1"}],"replies":[{"embeddable":true,"href":"https:\/\/eltrabajo.cl\/portal\/wp-json\/wp\/v2\/comments?post=78178"}],"version-history":[{"count":0,"href":"https:\/\/eltrabajo.cl\/portal\/wp-json\/wp\/v2\/posts\/78178\/revisions"}],"wp:featuredmedia":[{"embeddable":true,"href":"https:\/\/eltrabajo.cl\/portal\/wp-json\/wp\/v2\/media\/78179"}],"wp:attachment":[{"href":"https:\/\/eltrabajo.cl\/portal\/wp-json\/wp\/v2\/media?parent=78178"}],"wp:term":[{"taxonomy":"category","embeddable":true,"href":"https:\/\/eltrabajo.cl\/portal\/wp-json\/wp\/v2\/categories?post=78178"},{"taxonomy":"post_tag","embeddable":true,"href":"https:\/\/eltrabajo.cl\/portal\/wp-json\/wp\/v2\/tags?post=78178"}],"curies":[{"name":"wp","href":"https:\/\/api.w.org\/{rel}","templated":true}]}}