{"id":78219,"date":"2017-04-05T06:05:49","date_gmt":"2017-04-05T10:05:49","guid":{"rendered":"http:\/\/www.eltrabajo.cl\/2017\/?p=78219"},"modified":"2017-04-05T06:05:49","modified_gmt":"2017-04-05T10:05:49","slug":"escuela-infantil-de-deportes-de-llay-llay-sobresale-en-un-nacional-atletico","status":"publish","type":"post","link":"https:\/\/eltrabajo.cl\/portal\/escuela-infantil-de-deportes-de-llay-llay-sobresale-en-un-nacional-atletico\/","title":{"rendered":"Escuela Infantil de Deportes de Llay Llay sobresale en un Nacional atl\u00e9tico"},"content":{"rendered":"<figure id=\"attachment_78220\" aria-describedby=\"caption-attachment-78220\" style=\"width: 580px\" class=\"wp-caption alignnone\"><img data-recalc-dims=\"1\" loading=\"lazy\" decoding=\"async\" class=\"size-full wp-image-78220\" src=\"https:\/\/i0.wp.com\/www.eltrabajo.cl\/2017\/wp-content\/uploads\/2017\/04\/skartelt-segunda.jpg?resize=580%2C348\" alt=\"Skarlett Ferrada (al centro) fue la que tuvo la actuaci\u00f3n m\u00e1s destacada al ser segunda en el Lanzamiento de la Jabalina.\" width=\"580\" height=\"348\" srcset=\"https:\/\/i0.wp.com\/eltrabajo.cl\/portal\/wp-content\/uploads\/2017\/04\/skartelt-segunda.jpg?w=580&amp;ssl=1 580w, https:\/\/i0.wp.com\/eltrabajo.cl\/portal\/wp-content\/uploads\/2017\/04\/skartelt-segunda.jpg?resize=200%2C120&amp;ssl=1 200w, https:\/\/i0.wp.com\/eltrabajo.cl\/portal\/wp-content\/uploads\/2017\/04\/skartelt-segunda.jpg?resize=300%2C180&amp;ssl=1 300w, https:\/\/i0.wp.com\/eltrabajo.cl\/portal\/wp-content\/uploads\/2017\/04\/skartelt-segunda.jpg?resize=150%2C90&amp;ssl=1 150w\" sizes=\"auto, (max-width: 580px) 100vw, 580px\" \/><figcaption id=\"caption-attachment-78220\" class=\"wp-caption-text\">Skarlett Ferrada (al centro) fue la que tuvo la actuaci\u00f3n m\u00e1s destacada al ser segunda en el Lanzamiento de la Jabalina.<\/figcaption><\/figure>\n<p>La atleta oriunda de Llay Llay, Skarlett Ferrada, se consagr\u00f3 segunda en el Lanzamiento de la Jabalina en el campeonato Nacional de lanzamientos en la categor\u00eda menores, que el s\u00e1bado reci\u00e9n pasado se realiz\u00f3 en la pista Santiago Record\u00f3n del estadio Nacional.<br \/>\nSi bien es cierto solo Skarlett fue la que subi\u00f3 al podio, la delegaci\u00f3n atl\u00e9tica de la \u2018Ciudad del Viento Viento\u2019 tuvo una destacada presentaci\u00f3n, ya que varios de sus integrantes se posicionaron entre los puestos quinto y octavo, en el Disco, Bala y Jabalina, ratificando nuevamente el gran trabajo que de manera silenciosa y casi an\u00f3nima realiza el profesor Carlos Rubio. \u201cMe llena de satisfacci\u00f3n lo que hicieron los ni\u00f1os, porque todos lograron estar en lugares destacados; con propiedad puedo decir que est\u00e1n dentro de los mejores de Chile, con un gran nivel y muchas proyecciones de seguir mejorando a futuro\u201d, analiz\u00f3 el experimentado t\u00e9cnico.<br \/>\nLa delegaci\u00f3n llaylla\u00edna que acudi\u00f3 al principal reducto deportivo del pa\u00eds se compuso por:<br \/>\nSkarlett Ferrada: Segundo lugar en Lanzamiento de la Jabalina.<br \/>\nFrancisco Soto: Quinto lugar en Lanzamiento de la Bala.<br \/>\nFrancisca Morales: Octavo lugar Lanzamiento de la Bala y quinta en el Lanzamiento del Disco.<br \/>\nMar\u00eda Jos\u00e9 Eyzaguirre: S\u00e9ptimo lugar en Lanzamiento del Disco.<\/p>\n","protected":false},"excerpt":{"rendered":"<p>La atleta oriunda de Llay Llay, Skarlett Ferrada, se consagr\u00f3 segunda en el Lanzamiento de la Jabalina en el campeonato Nacional de lanzamientos en la categor\u00eda menores, que el s\u00e1bado reci\u00e9n pasado&#8230;<\/p>\n","protected":false},"author":1,"featured_media":78220,"comment_status":"open","ping_status":"open","sticky":false,"template":"","format":"standard","meta":{"advanced_seo_description":"","jetpack_seo_html_title":"","jetpack_seo_noindex":false,"_jetpack_memberships_contains_paid_content":false,"footnotes":""},"categories":[19],"tags":[],"class_list":["post-78219","post","type-post","status-publish","format-standard","has-post-thumbnail","hentry","category-deportes"],"jetpack_featured_media_url":"https:\/\/i0.wp.com\/eltrabajo.cl\/portal\/wp-content\/uploads\/2017\/04\/skartelt-segunda.jpg?fit=580%2C348&ssl=1","jetpack_sharing_enabled":true,"jetpack_likes_enabled":true,"jetpack-related-posts":[],"_links":{"self":[{"href":"https:\/\/eltrabajo.cl\/portal\/wp-json\/wp\/v2\/posts\/78219","targetHints":{"allow":["GET"]}}],"collection":[{"href":"https:\/\/eltrabajo.cl\/portal\/wp-json\/wp\/v2\/posts"}],"about":[{"href":"https:\/\/eltrabajo.cl\/portal\/wp-json\/wp\/v2\/types\/post"}],"author":[{"embeddable":true,"href":"https:\/\/eltrabajo.cl\/portal\/wp-json\/wp\/v2\/users\/1"}],"replies":[{"embeddable":true,"href":"https:\/\/eltrabajo.cl\/portal\/wp-json\/wp\/v2\/comments?post=78219"}],"version-history":[{"count":0,"href":"https:\/\/eltrabajo.cl\/portal\/wp-json\/wp\/v2\/posts\/78219\/revisions"}],"wp:featuredmedia":[{"embeddable":true,"href":"https:\/\/eltrabajo.cl\/portal\/wp-json\/wp\/v2\/media\/78220"}],"wp:attachment":[{"href":"https:\/\/eltrabajo.cl\/portal\/wp-json\/wp\/v2\/media?parent=78219"}],"wp:term":[{"taxonomy":"category","embeddable":true,"href":"https:\/\/eltrabajo.cl\/portal\/wp-json\/wp\/v2\/categories?post=78219"},{"taxonomy":"post_tag","embeddable":true,"href":"https:\/\/eltrabajo.cl\/portal\/wp-json\/wp\/v2\/tags?post=78219"}],"curies":[{"name":"wp","href":"https:\/\/api.w.org\/{rel}","templated":true}]}}