{"id":78366,"date":"2017-04-13T06:03:00","date_gmt":"2017-04-13T10:03:00","guid":{"rendered":"http:\/\/www.eltrabajo.cl\/2017\/?p=78366"},"modified":"2017-04-13T06:03:00","modified_gmt":"2017-04-13T10:03:00","slug":"con-cena-de-pan-y-vino-celebran-semana-santa-en-esc-sagrado-corazon","status":"publish","type":"post","link":"https:\/\/eltrabajo.cl\/portal\/con-cena-de-pan-y-vino-celebran-semana-santa-en-esc-sagrado-corazon\/","title":{"rendered":"Con Cena de Pan y Vino celebran Semana Santa en Esc. Sagrado Coraz\u00f3n"},"content":{"rendered":"<figure id=\"attachment_78367\" aria-describedby=\"caption-attachment-78367\" style=\"width: 580px\" class=\"wp-caption alignnone\"><img data-recalc-dims=\"1\" loading=\"lazy\" decoding=\"async\" class=\"size-full wp-image-78367\" src=\"https:\/\/i0.wp.com\/www.eltrabajo.cl\/2017\/wp-content\/uploads\/2017\/04\/Portada-Cena-de-Pan-y-Vino.jpg?resize=580%2C349\" alt=\"Con pan amasado preparado por los propios alumnos, y uvas en representaci\u00f3n del vino, la comunidad educativa de la Escuela Sagrado Coraz\u00f3n celebr\u00f3 Semana Santa.\" width=\"580\" height=\"349\" srcset=\"https:\/\/i0.wp.com\/eltrabajo.cl\/portal\/wp-content\/uploads\/2017\/04\/Portada-Cena-de-Pan-y-Vino.jpg?w=580&amp;ssl=1 580w, https:\/\/i0.wp.com\/eltrabajo.cl\/portal\/wp-content\/uploads\/2017\/04\/Portada-Cena-de-Pan-y-Vino.jpg?resize=200%2C120&amp;ssl=1 200w, https:\/\/i0.wp.com\/eltrabajo.cl\/portal\/wp-content\/uploads\/2017\/04\/Portada-Cena-de-Pan-y-Vino.jpg?resize=300%2C181&amp;ssl=1 300w, https:\/\/i0.wp.com\/eltrabajo.cl\/portal\/wp-content\/uploads\/2017\/04\/Portada-Cena-de-Pan-y-Vino.jpg?resize=150%2C90&amp;ssl=1 150w\" sizes=\"auto, (max-width: 580px) 100vw, 580px\" \/><figcaption id=\"caption-attachment-78367\" class=\"wp-caption-text\">Con pan amasado preparado por los propios alumnos, y uvas en representaci\u00f3n del vino, la comunidad educativa de la Escuela Sagrado Coraz\u00f3n celebr\u00f3 Semana Santa.<\/figcaption><\/figure>\n<ul>\n<li><strong><span style=\"color: #ff0000;\">Actividad se realiz\u00f3 en la Sede Freire del establecimiento:<\/span> Directora Beatriz Gallardo realiz\u00f3 balance de labor realizada con la incorporaci\u00f3n de la comunidad educativa del otrora Colegio Horizonte.<\/strong><\/li>\n<\/ul>\n<p>En medio de un ambiente de compa\u00f1erismo y respeto, se realiz\u00f3 en la ma\u00f1ana de este mi\u00e9rcoles, la \u2018Cena de Pan y Vino\u2019, organizada por la Escuela Sagrado Coraz\u00f3n para su sede de calle Freire, actividad que se replicar\u00e1 en la jornada de hoy jueves, en la casa central de la calle Joaqu\u00edn Oliva.<br \/>\nLa iniciativa, inserta en la conmemoraci\u00f3n de Semana Santa, responde a la necesidad de generar acciones que favorezcan el cultivo y desarrollo de principios y valores entre los alumnos y alumnas, quienes se reunieron para cantar y compartir pan amasado, elaborado por ellos mismos, as\u00ed como uva, representando en ella el vino; dos elementos que comparti\u00f3 Jes\u00fas en la \u00faltima cena con sus ap\u00f3stoles.<br \/>\nBeatriz Gallardo, directora de la escuela, dijo estar conforme por esta actividad, explicando que se desarroll\u00f3 con gran respeto y compromiso de todos quienes integran la comunidad Sagrado Coraz\u00f3n.<br \/>\n\u201cFue un momento de reflexi\u00f3n muy bonito. Nosotros como educadores tenemos la responsabilidad no solo de cultivar la mente en lo cognitivo, sino tambi\u00e9n nutrir el coraz\u00f3n y el esp\u00edritu de los ni\u00f1os y ni\u00f1as. Semana Santa es un momento que no podemos dejar pasar, por eso en nuestra Escuela la celebramos con cari\u00f1o, con entrega y compromiso. Quisimos hacer esta actividad de cena de pan y vino, con oraci\u00f3n, con la reflexi\u00f3n de la lectura de un pasaje b\u00edblico, con peticiones de los mismos alumnos\u201d, se\u00f1al\u00f3 la directora.<br \/>\nTras poco m\u00e1s de dos meses de funcionamiento de la sede Freire, cuya comunidad educativa es integrada por la gran mayor\u00eda de la comunidad educativa del otrora Colegio Horizonte, Beatriz Gallardo se mostr\u00f3 muy contenta, por cuanto han logrado estrechar lazos con los nuevos integrantes de la Comunidad Sagrado Coraz\u00f3n e instalar el sello de la escuela.<br \/>\n\u201cUna de las principales preocupaciones era conocer a un equipo de personas que se ha comprometido con este trabajo. Nos hemos encontrado con muy buenos apoderados, que se han puesto a disposici\u00f3n de la Escuela y con quienes estamos trabajando arduamente para fortalecernos y potenciarnos como comunidad educativa\u201d, se\u00f1al\u00f3.<\/p>\n","protected":false},"excerpt":{"rendered":"<p>Actividad se realiz\u00f3 en la Sede Freire del establecimiento: Directora Beatriz Gallardo realiz\u00f3 balance de labor realizada con la incorporaci\u00f3n de la comunidad educativa del otrora Colegio Horizonte. En medio de un&#8230;<\/p>\n","protected":false},"author":1,"featured_media":78367,"comment_status":"open","ping_status":"open","sticky":false,"template":"","format":"standard","meta":{"advanced_seo_description":"","jetpack_seo_html_title":"","jetpack_seo_noindex":false,"_jetpack_memberships_contains_paid_content":false,"footnotes":""},"categories":[15],"tags":[],"class_list":["post-78366","post","type-post","status-publish","format-standard","has-post-thumbnail","hentry","category-comunidad"],"jetpack_featured_media_url":"https:\/\/i0.wp.com\/eltrabajo.cl\/portal\/wp-content\/uploads\/2017\/04\/Portada-Cena-de-Pan-y-Vino.jpg?fit=580%2C349&ssl=1","jetpack_sharing_enabled":true,"jetpack_likes_enabled":true,"jetpack-related-posts":[],"_links":{"self":[{"href":"https:\/\/eltrabajo.cl\/portal\/wp-json\/wp\/v2\/posts\/78366","targetHints":{"allow":["GET"]}}],"collection":[{"href":"https:\/\/eltrabajo.cl\/portal\/wp-json\/wp\/v2\/posts"}],"about":[{"href":"https:\/\/eltrabajo.cl\/portal\/wp-json\/wp\/v2\/types\/post"}],"author":[{"embeddable":true,"href":"https:\/\/eltrabajo.cl\/portal\/wp-json\/wp\/v2\/users\/1"}],"replies":[{"embeddable":true,"href":"https:\/\/eltrabajo.cl\/portal\/wp-json\/wp\/v2\/comments?post=78366"}],"version-history":[{"count":0,"href":"https:\/\/eltrabajo.cl\/portal\/wp-json\/wp\/v2\/posts\/78366\/revisions"}],"wp:featuredmedia":[{"embeddable":true,"href":"https:\/\/eltrabajo.cl\/portal\/wp-json\/wp\/v2\/media\/78367"}],"wp:attachment":[{"href":"https:\/\/eltrabajo.cl\/portal\/wp-json\/wp\/v2\/media?parent=78366"}],"wp:term":[{"taxonomy":"category","embeddable":true,"href":"https:\/\/eltrabajo.cl\/portal\/wp-json\/wp\/v2\/categories?post=78366"},{"taxonomy":"post_tag","embeddable":true,"href":"https:\/\/eltrabajo.cl\/portal\/wp-json\/wp\/v2\/tags?post=78366"}],"curies":[{"name":"wp","href":"https:\/\/api.w.org\/{rel}","templated":true}]}}