{"id":78369,"date":"2017-04-13T06:04:47","date_gmt":"2017-04-13T10:04:47","guid":{"rendered":"http:\/\/www.eltrabajo.cl\/2017\/?p=78369"},"modified":"2017-04-13T06:04:47","modified_gmt":"2017-04-13T10:04:47","slug":"asegura-que-en-revision-tecnica-le-rompieron-caja-de-cambios-a-su-auto","status":"publish","type":"post","link":"https:\/\/eltrabajo.cl\/portal\/asegura-que-en-revision-tecnica-le-rompieron-caja-de-cambios-a-su-auto\/","title":{"rendered":"Asegura que en Revisi\u00f3n T\u00e9cnica le rompieron caja de cambios a su auto"},"content":{"rendered":"<figure id=\"attachment_78372\" aria-describedby=\"caption-attachment-78372\" style=\"width: 580px\" class=\"wp-caption alignnone\"><img data-recalc-dims=\"1\" loading=\"lazy\" decoding=\"async\" class=\"size-full wp-image-78372\" src=\"https:\/\/i0.wp.com\/www.eltrabajo.cl\/2017\/wp-content\/uploads\/2017\/04\/denuncia-Claudio-Moyano.jpg?resize=580%2C350\" alt=\"Claudio Moyano, usuario afectado que reclama negligencia por parte del t\u00e9cnico a cargo de la revisi\u00f3n de su auto.\" width=\"580\" height=\"350\" srcset=\"https:\/\/i0.wp.com\/eltrabajo.cl\/portal\/wp-content\/uploads\/2017\/04\/denuncia-Claudio-Moyano.jpg?w=580&amp;ssl=1 580w, https:\/\/i0.wp.com\/eltrabajo.cl\/portal\/wp-content\/uploads\/2017\/04\/denuncia-Claudio-Moyano.jpg?resize=200%2C121&amp;ssl=1 200w, https:\/\/i0.wp.com\/eltrabajo.cl\/portal\/wp-content\/uploads\/2017\/04\/denuncia-Claudio-Moyano.jpg?resize=300%2C181&amp;ssl=1 300w, https:\/\/i0.wp.com\/eltrabajo.cl\/portal\/wp-content\/uploads\/2017\/04\/denuncia-Claudio-Moyano.jpg?resize=150%2C91&amp;ssl=1 150w\" sizes=\"auto, (max-width: 580px) 100vw, 580px\" \/><figcaption id=\"caption-attachment-78372\" class=\"wp-caption-text\">Claudio Moyano, usuario afectado que reclama negligencia por parte del t\u00e9cnico a cargo de la revisi\u00f3n de su auto.<\/figcaption><\/figure>\n<ul>\n<li><span style=\"color: #ff0000;\"><strong>Cuando lo llev\u00f3 a realizar la inspecci\u00f3n anual:<\/strong><\/span><\/li>\n<\/ul>\n<p>Un caso muy inusual y a la vez indignante, es el que pareciera haberle sucedido al sanfelipe\u00f1o Claudio Moyano Mena, contratista agr\u00edcola de 43 a\u00f1os de edad, quien la tarde de este martes llev\u00f3 su autom\u00f3vil Mitsubishi Galant 2003 a que en la planta de revisi\u00f3n t\u00e9cnica se le hiciera la respectiva inspecci\u00f3n anual, encontr\u00e1ndose de frente con una desesperante situaci\u00f3n.<br \/>\nSeg\u00fan lo que nos explic\u00f3 este vecino, y tambi\u00e9n seg\u00fan las pruebas que \u00e9l nos ha suministrado, el autom\u00f3vil ingres\u00f3 a la planta en normal estado, pues \u00e9l lleg\u00f3 al lugar conduciendo su auto. Minutos despu\u00e9s, cuando el t\u00e9cnico a cargo hac\u00eda las mediciones, se escuch\u00f3 un estruendoso golpe en la caja de cambios, sali\u00e9ndose gran cantidad de aceite y quedando de esta forma inutilizado su autom\u00f3vil.<br \/>\n\u00abCuando llev\u00e9 el veh\u00edculo mi auto iba completamente normal, me atendi\u00f3 un muchacho joven de quien sospecho que no sabe conducir un auto autom\u00e1tico. Este joven le quebr\u00f3 la caja de cambios, sali\u00f3 todo el chorro de aceite en el piso, cuando reclam\u00e9 el jefe de planta me dijo que mi auto ven\u00eda con defectos de afuera. Yo intent\u00e9 acercarme a mi auto, uno de los empleados intent\u00f3 prohib\u00edrmelo, me dijo que si no le hac\u00eda yo caso en retirarme, que \u00e9l arreglar\u00eda el asunto a combos conmigo. Encuentro muy irresponsable la actitud de esta empresa, al no responder ni tener personal calificado en estas plantas, por eso interpuse mi queja en el Sernac, pues llegu\u00e9 manejando, y sal\u00ed empujando mi auto de esa planta de revisi\u00f3n t\u00e9cnica\u00bb, indic\u00f3 don Claudio a Diario El Trabajo.<br \/>\nNuestro medio habl\u00f3 con el jefe de la planta de Revisi\u00f3n T\u00e9cnica, Rodrigo Silva, quien nos dijo extra micr\u00f3fono que ellos no se referir\u00edan a este caso, y que el reclamo seguir\u00eda el conducto regular.<br \/>\n<strong>Roberto Gonz\u00e1lez Short<\/strong><\/p>\n<figure id=\"attachment_78370\" aria-describedby=\"caption-attachment-78370\" style=\"width: 580px\" class=\"wp-caption alignnone\"><img data-recalc-dims=\"1\" loading=\"lazy\" decoding=\"async\" class=\"size-full wp-image-78370\" src=\"https:\/\/i0.wp.com\/www.eltrabajo.cl\/2017\/wp-content\/uploads\/2017\/04\/denuncia-.jpg?resize=580%2C348\" alt=\"\u00bfQUI\u00c9N RESPONDER\u00c1?.- El chorro de aceite dej\u00f3 en evidencia que algo no sali\u00f3 bien durante esta revisi\u00f3n vehicular.\" width=\"580\" height=\"348\" srcset=\"https:\/\/i0.wp.com\/eltrabajo.cl\/portal\/wp-content\/uploads\/2017\/04\/denuncia-.jpg?w=580&amp;ssl=1 580w, https:\/\/i0.wp.com\/eltrabajo.cl\/portal\/wp-content\/uploads\/2017\/04\/denuncia-.jpg?resize=200%2C120&amp;ssl=1 200w, https:\/\/i0.wp.com\/eltrabajo.cl\/portal\/wp-content\/uploads\/2017\/04\/denuncia-.jpg?resize=300%2C180&amp;ssl=1 300w, https:\/\/i0.wp.com\/eltrabajo.cl\/portal\/wp-content\/uploads\/2017\/04\/denuncia-.jpg?resize=150%2C90&amp;ssl=1 150w\" sizes=\"auto, (max-width: 580px) 100vw, 580px\" \/><figcaption id=\"caption-attachment-78370\" class=\"wp-caption-text\">\u00bfQUI\u00c9N RESPONDER\u00c1?.- El chorro de aceite dej\u00f3 en evidencia que algo no sali\u00f3 bien durante esta revisi\u00f3n vehicular.<\/figcaption><\/figure>\n<figure id=\"attachment_78371\" aria-describedby=\"caption-attachment-78371\" style=\"width: 580px\" class=\"wp-caption alignnone\"><img data-recalc-dims=\"1\" loading=\"lazy\" decoding=\"async\" class=\"size-full wp-image-78371\" src=\"https:\/\/i0.wp.com\/www.eltrabajo.cl\/2017\/wp-content\/uploads\/2017\/04\/denuncia-Aceite.jpg?resize=580%2C349\" alt=\"SIN CAJA DE CAMBIOS.- Tal como se muestra en esta fotograf\u00eda tomada por el mismo afectado, en el piso qued\u00f3 regado el aceite, mientras que la empresa se neg\u00f3 a reconocer su responsabilidad en este hecho.\" width=\"580\" height=\"349\" srcset=\"https:\/\/i0.wp.com\/eltrabajo.cl\/portal\/wp-content\/uploads\/2017\/04\/denuncia-Aceite.jpg?w=580&amp;ssl=1 580w, https:\/\/i0.wp.com\/eltrabajo.cl\/portal\/wp-content\/uploads\/2017\/04\/denuncia-Aceite.jpg?resize=200%2C120&amp;ssl=1 200w, https:\/\/i0.wp.com\/eltrabajo.cl\/portal\/wp-content\/uploads\/2017\/04\/denuncia-Aceite.jpg?resize=300%2C181&amp;ssl=1 300w, https:\/\/i0.wp.com\/eltrabajo.cl\/portal\/wp-content\/uploads\/2017\/04\/denuncia-Aceite.jpg?resize=150%2C90&amp;ssl=1 150w\" sizes=\"auto, (max-width: 580px) 100vw, 580px\" \/><figcaption id=\"caption-attachment-78371\" class=\"wp-caption-text\">SIN CAJA DE CAMBIOS.- Tal como se muestra en esta fotograf\u00eda tomada por el mismo afectado, en el piso qued\u00f3 regado el aceite, mientras que la empresa se neg\u00f3 a reconocer su responsabilidad en este hecho.<\/figcaption><\/figure>\n<figure id=\"attachment_78373\" aria-describedby=\"caption-attachment-78373\" style=\"width: 580px\" class=\"wp-caption alignnone\"><img data-recalc-dims=\"1\" loading=\"lazy\" decoding=\"async\" class=\"size-full wp-image-78373\" src=\"https:\/\/i0.wp.com\/www.eltrabajo.cl\/2017\/wp-content\/uploads\/2017\/04\/denuncia-Rechazado.jpg?resize=580%2C349\" alt=\"PARA RE\u00cdR O LLORAR.- Esta revisi\u00f3n fue rechazada, pues sin caja de cambios funcionando, ser\u00eda imposible que pasara la revisi\u00f3n.\" width=\"580\" height=\"349\" srcset=\"https:\/\/i0.wp.com\/eltrabajo.cl\/portal\/wp-content\/uploads\/2017\/04\/denuncia-Rechazado.jpg?w=580&amp;ssl=1 580w, https:\/\/i0.wp.com\/eltrabajo.cl\/portal\/wp-content\/uploads\/2017\/04\/denuncia-Rechazado.jpg?resize=200%2C120&amp;ssl=1 200w, https:\/\/i0.wp.com\/eltrabajo.cl\/portal\/wp-content\/uploads\/2017\/04\/denuncia-Rechazado.jpg?resize=300%2C181&amp;ssl=1 300w, https:\/\/i0.wp.com\/eltrabajo.cl\/portal\/wp-content\/uploads\/2017\/04\/denuncia-Rechazado.jpg?resize=150%2C90&amp;ssl=1 150w\" sizes=\"auto, (max-width: 580px) 100vw, 580px\" \/><figcaption id=\"caption-attachment-78373\" class=\"wp-caption-text\">PARA RE\u00cdR O LLORAR.- Esta revisi\u00f3n fue rechazada, pues sin caja de cambios funcionando, ser\u00eda imposible que pasara la revisi\u00f3n.<\/figcaption><\/figure>\n","protected":false},"excerpt":{"rendered":"<p>Cuando lo llev\u00f3 a realizar la inspecci\u00f3n anual: Un caso muy inusual y a la vez indignante, es el que pareciera haberle sucedido al sanfelipe\u00f1o Claudio Moyano Mena, contratista agr\u00edcola de 43&#8230;<\/p>\n","protected":false},"author":1,"featured_media":78371,"comment_status":"open","ping_status":"open","sticky":false,"template":"","format":"standard","meta":{"advanced_seo_description":"","jetpack_seo_html_title":"","jetpack_seo_noindex":false,"_jetpack_memberships_contains_paid_content":false,"footnotes":""},"categories":[15],"tags":[],"class_list":["post-78369","post","type-post","status-publish","format-standard","has-post-thumbnail","hentry","category-comunidad"],"jetpack_featured_media_url":"https:\/\/i0.wp.com\/eltrabajo.cl\/portal\/wp-content\/uploads\/2017\/04\/denuncia-Aceite.jpg?fit=580%2C349&ssl=1","jetpack_sharing_enabled":true,"jetpack_likes_enabled":true,"jetpack-related-posts":[],"_links":{"self":[{"href":"https:\/\/eltrabajo.cl\/portal\/wp-json\/wp\/v2\/posts\/78369","targetHints":{"allow":["GET"]}}],"collection":[{"href":"https:\/\/eltrabajo.cl\/portal\/wp-json\/wp\/v2\/posts"}],"about":[{"href":"https:\/\/eltrabajo.cl\/portal\/wp-json\/wp\/v2\/types\/post"}],"author":[{"embeddable":true,"href":"https:\/\/eltrabajo.cl\/portal\/wp-json\/wp\/v2\/users\/1"}],"replies":[{"embeddable":true,"href":"https:\/\/eltrabajo.cl\/portal\/wp-json\/wp\/v2\/comments?post=78369"}],"version-history":[{"count":0,"href":"https:\/\/eltrabajo.cl\/portal\/wp-json\/wp\/v2\/posts\/78369\/revisions"}],"wp:featuredmedia":[{"embeddable":true,"href":"https:\/\/eltrabajo.cl\/portal\/wp-json\/wp\/v2\/media\/78371"}],"wp:attachment":[{"href":"https:\/\/eltrabajo.cl\/portal\/wp-json\/wp\/v2\/media?parent=78369"}],"wp:term":[{"taxonomy":"category","embeddable":true,"href":"https:\/\/eltrabajo.cl\/portal\/wp-json\/wp\/v2\/categories?post=78369"},{"taxonomy":"post_tag","embeddable":true,"href":"https:\/\/eltrabajo.cl\/portal\/wp-json\/wp\/v2\/tags?post=78369"}],"curies":[{"name":"wp","href":"https:\/\/api.w.org\/{rel}","templated":true}]}}