{"id":78378,"date":"2017-04-17T06:00:06","date_gmt":"2017-04-17T10:00:06","guid":{"rendered":"http:\/\/www.eltrabajo.cl\/2017\/?p=78378"},"modified":"2017-04-17T06:00:06","modified_gmt":"2017-04-17T10:00:06","slug":"mas-de-225-alumnos-sanfelipenos-recibiran-lentes-opticos","status":"publish","type":"post","link":"https:\/\/eltrabajo.cl\/portal\/mas-de-225-alumnos-sanfelipenos-recibiran-lentes-opticos\/","title":{"rendered":"M\u00e1s de 225 alumnos sanfelipe\u00f1os recibir\u00e1n lentes \u00f3pticos"},"content":{"rendered":"<figure id=\"attachment_78379\" aria-describedby=\"caption-attachment-78379\" style=\"width: 580px\" class=\"wp-caption alignnone\"><img data-recalc-dims=\"1\" loading=\"lazy\" decoding=\"async\" class=\"size-full wp-image-78379\" src=\"https:\/\/i0.wp.com\/www.eltrabajo.cl\/2017\/wp-content\/uploads\/2017\/04\/Optica1.jpg?resize=580%2C350\" alt=\"Los escolares priorizados pertenecen a los niveles de prek\u00ednder, k\u00ednder, primero y sexto b\u00e1sico.\" width=\"580\" height=\"350\" srcset=\"https:\/\/i0.wp.com\/eltrabajo.cl\/portal\/wp-content\/uploads\/2017\/04\/Optica1.jpg?w=580&amp;ssl=1 580w, https:\/\/i0.wp.com\/eltrabajo.cl\/portal\/wp-content\/uploads\/2017\/04\/Optica1.jpg?resize=200%2C121&amp;ssl=1 200w, https:\/\/i0.wp.com\/eltrabajo.cl\/portal\/wp-content\/uploads\/2017\/04\/Optica1.jpg?resize=300%2C181&amp;ssl=1 300w, https:\/\/i0.wp.com\/eltrabajo.cl\/portal\/wp-content\/uploads\/2017\/04\/Optica1.jpg?resize=150%2C91&amp;ssl=1 150w\" sizes=\"auto, (max-width: 580px) 100vw, 580px\" \/><figcaption id=\"caption-attachment-78379\" class=\"wp-caption-text\">Los escolares priorizados pertenecen a los niveles de prek\u00ednder, k\u00ednder, primero y sexto b\u00e1sico.<\/figcaption><\/figure>\n<p>Un total de 228 estudiantes pertenecientes a 18 escuelas y liceos municipales de San Felipe, recibieron atenciones oftalmol\u00f3gicas gracias al Programa Servicios M\u00e9dicos de Junaeb, el que est\u00e1 dirigido a ni\u00f1os que presentan problemas visuales, los que muchas veces inciden en su desempe\u00f1o e integraci\u00f3n al proceso educativo.<br \/>\nLos escolares priorizados pertenecen a los niveles de prek\u00ednder, k\u00ednder, primero y sexto b\u00e1sico, pasando por esta evaluaci\u00f3n que determina la patolog\u00eda y posterior tratamiento, el que incluye lentes y controles peri\u00f3dicos por especialistas del \u00e1rea, todos absolutamente gratis para los estudiantes.<br \/>\nAl respecto, la coordinadora comunal de Junaeb en la Daem, Carolina Ferrer, destac\u00f3 que el a\u00f1o pasado se inici\u00f3 la pesquisa de estos alumnos, para detectar los problemas que necesitaban atenci\u00f3n con mayor premura. \u00abLas atenciones m\u00e9dicas en San Felipe se realizaron de manera \u00f3ptima, entregando un servicio de calidad a los estudiantes, posteriormente, son derivados a un oftalm\u00f3logo y se les entregan los lentes para cumplir con la necesidad de cada estudiante\u00bb, explic\u00f3.<br \/>\nAsimismo, manifest\u00f3 que \u00abel programa Servicios M\u00e9dicos \u00e1rea oftalmolog\u00eda busca mejorar la calidad de vida de nuestros estudiantes, lo cual est\u00e1 en coherencia con las pol\u00edticas p\u00fablicas y el trabajo que ha impulsado la Daem y el alcalde Patricio Freire, al centrar su preocupaci\u00f3n en el bienestar y desarrollo de quienes constituyen el futuro del pa\u00eds\u00bb.<br \/>\nLos alumnos beneficiados con la evaluaci\u00f3n oftalmol\u00f3gica pertenecen a los Liceos Corina Urbina y San Felipe, as\u00ed como a las escuelas Juan G\u00f3mez Millas, Bernardo O\u00b4Higgins, Manuel Rodr\u00edguez, Jos\u00e9 de San Mart\u00edn, John Kennedy, Jos\u00e9 Manso de Velasco, San Rafael, Almendral, Buen Pastor, Sagrado Coraz\u00f3n, Carmela Carvajal, 21 de Mayo, Rep\u00fablica Argentina, Bucalemu, Heriberto Berm\u00fadez y Mateo Cokljat.<\/p>\n","protected":false},"excerpt":{"rendered":"<p>Un total de 228 estudiantes pertenecientes a 18 escuelas y liceos municipales de San Felipe, recibieron atenciones oftalmol\u00f3gicas gracias al Programa Servicios M\u00e9dicos de Junaeb, el que est\u00e1 dirigido a ni\u00f1os que&#8230;<\/p>\n","protected":false},"author":1,"featured_media":78379,"comment_status":"open","ping_status":"open","sticky":false,"template":"","format":"standard","meta":{"advanced_seo_description":"","jetpack_seo_html_title":"","jetpack_seo_noindex":false,"_jetpack_memberships_contains_paid_content":false,"footnotes":""},"categories":[1],"tags":[],"class_list":["post-78378","post","type-post","status-publish","format-standard","has-post-thumbnail","hentry","category-cronica"],"jetpack_featured_media_url":"https:\/\/i0.wp.com\/eltrabajo.cl\/portal\/wp-content\/uploads\/2017\/04\/Optica1.jpg?fit=580%2C350&ssl=1","jetpack_sharing_enabled":true,"jetpack_likes_enabled":true,"jetpack-related-posts":[],"_links":{"self":[{"href":"https:\/\/eltrabajo.cl\/portal\/wp-json\/wp\/v2\/posts\/78378","targetHints":{"allow":["GET"]}}],"collection":[{"href":"https:\/\/eltrabajo.cl\/portal\/wp-json\/wp\/v2\/posts"}],"about":[{"href":"https:\/\/eltrabajo.cl\/portal\/wp-json\/wp\/v2\/types\/post"}],"author":[{"embeddable":true,"href":"https:\/\/eltrabajo.cl\/portal\/wp-json\/wp\/v2\/users\/1"}],"replies":[{"embeddable":true,"href":"https:\/\/eltrabajo.cl\/portal\/wp-json\/wp\/v2\/comments?post=78378"}],"version-history":[{"count":0,"href":"https:\/\/eltrabajo.cl\/portal\/wp-json\/wp\/v2\/posts\/78378\/revisions"}],"wp:featuredmedia":[{"embeddable":true,"href":"https:\/\/eltrabajo.cl\/portal\/wp-json\/wp\/v2\/media\/78379"}],"wp:attachment":[{"href":"https:\/\/eltrabajo.cl\/portal\/wp-json\/wp\/v2\/media?parent=78378"}],"wp:term":[{"taxonomy":"category","embeddable":true,"href":"https:\/\/eltrabajo.cl\/portal\/wp-json\/wp\/v2\/categories?post=78378"},{"taxonomy":"post_tag","embeddable":true,"href":"https:\/\/eltrabajo.cl\/portal\/wp-json\/wp\/v2\/tags?post=78378"}],"curies":[{"name":"wp","href":"https:\/\/api.w.org\/{rel}","templated":true}]}}