{"id":78501,"date":"2017-04-24T06:00:24","date_gmt":"2017-04-24T10:00:24","guid":{"rendered":"http:\/\/www.eltrabajo.cl\/2017\/?p=78501"},"modified":"2017-04-24T06:00:24","modified_gmt":"2017-04-24T10:00:24","slug":"festival-de-cine-ojo-de-pescado-llega-a-san-felipe-con-siete-funciones","status":"publish","type":"post","link":"https:\/\/eltrabajo.cl\/portal\/festival-de-cine-ojo-de-pescado-llega-a-san-felipe-con-siete-funciones\/","title":{"rendered":"Festival de Cine Ojo de Pescado llega a San Felipe con siete funciones"},"content":{"rendered":"<figure id=\"attachment_78503\" aria-describedby=\"caption-attachment-78503\" style=\"width: 580px\" class=\"wp-caption alignnone\"><img data-recalc-dims=\"1\" loading=\"lazy\" decoding=\"async\" class=\"size-full wp-image-78503\" src=\"https:\/\/i0.wp.com\/www.eltrabajo.cl\/2017\/wp-content\/uploads\/2017\/04\/Ricardo-Ruiz.jpg?resize=580%2C349\" alt=\"Ricardo Ruiz, coordinador de Cultura de la Municipalidad de San Felipe.\" width=\"580\" height=\"349\" srcset=\"https:\/\/i0.wp.com\/eltrabajo.cl\/portal\/wp-content\/uploads\/2017\/04\/Ricardo-Ruiz.jpg?w=580&amp;ssl=1 580w, https:\/\/i0.wp.com\/eltrabajo.cl\/portal\/wp-content\/uploads\/2017\/04\/Ricardo-Ruiz.jpg?resize=200%2C120&amp;ssl=1 200w, https:\/\/i0.wp.com\/eltrabajo.cl\/portal\/wp-content\/uploads\/2017\/04\/Ricardo-Ruiz.jpg?resize=300%2C181&amp;ssl=1 300w, https:\/\/i0.wp.com\/eltrabajo.cl\/portal\/wp-content\/uploads\/2017\/04\/Ricardo-Ruiz.jpg?resize=150%2C90&amp;ssl=1 150w\" sizes=\"auto, (max-width: 580px) 100vw, 580px\" \/><figcaption id=\"caption-attachment-78503\" class=\"wp-caption-text\">Ricardo Ruiz, coordinador de Cultura de la Municipalidad de San Felipe.<\/figcaption><\/figure>\n<ul>\n<li><span style=\"color: #000000;\"><strong>Entrada gratuita con m\u00e1s de 20 piezas cinematogr\u00e1ficas:<\/strong><\/span><\/li>\n<\/ul>\n<p>El Teatro Municipal de San Felipe, por segundo a\u00f1o consecutivo recibir\u00e1 entre el 26 de abril y el 4 de mayo, al Festival de Cine Ojo de Pescado, lo que permitir\u00e1 que ni\u00f1os y j\u00f3venes junto a sus familias y profesores, disfrutar de manera gratuita de siete funciones de cine, las que incluir\u00e1n cortometrajes en g\u00e9neros ficci\u00f3n y documental, que forman parte de la programaci\u00f3n de Ojo de Pescado para Chile y que responde a la producci\u00f3n cinematogr\u00e1fica m\u00e1s reciente y selecta del cine infantil y juvenil de Latinoam\u00e9rica y del mundo.<\/p>\n<p><strong>Y EN ESCUELAS <\/strong><br \/>\nDe manera paralela a las funciones, Ojo de Pescado impartir\u00e1 talleres de cine para ni\u00f1os y j\u00f3venes a contar del 24 de abril y hasta el 12 de mayo en las Escuela Carolina Ocampo con el taller \u2018Mi mundo cuadro a cuadro\u2019; Escuela Jos\u00e9 Bernardo Su\u00e1rez con \u2018Mi documental\u2019; Escuela John Kennedy con \u2018Cine de sombras\u2019 y la Escuela Rep\u00fablica Argentina con \u2018Historias musicales\u2019. En cada uno de estos talleres los ni\u00f1os participantes crear\u00e1n sus propias historias audiovisuales en las que podr\u00e1n plasmar sus mundos interiores y acervos culturales.<\/p>\n<p><strong>TALLER A DOCENTES<\/strong><br \/>\nAdem\u00e1s, entre el 9 y el 11 de mayo, se llevar\u00e1 a cabo en la Escuela John Kennedy el taller \u2018Creaci\u00f3n Audiovisual en el Aula\u2019, que estar\u00e1 especialmente dirigido a docentes de la comuna. Este taller ser\u00e1 una instancia para abordar t\u00e9cnicas y m\u00e9todos para la realizaci\u00f3n audiovisual en contextos educativos escolares y extra escolares.<br \/>\nTodas las actividades de Ojo de Pescado en la comuna est\u00e1n siendo organizadas de manera conjunta con la Municipalidad de San Felipe. En este sentido Ricardo Ruiz, coordinador de Cultura de la Municipalidad de San Felipe, se\u00f1al\u00f3 que \u00abpara nosotros como Departamento de Cultura es un gran desaf\u00edo seguir trabajando con Ojo de Pescado luego del a\u00f1o pasado. Nuestro alcalde Patricio Freire ha planteado como una prioridad enfocarnos en el p\u00fablico infantil y juvenil y esta alianza con el festival nos permite avanzar en ese camino, sobre todo este a\u00f1o que las exhibiciones se complementan con los talleres que llegar\u00e1n a diversos establecimientos de la comuna\u00bb.<\/p>\n<figure id=\"attachment_78502\" aria-describedby=\"caption-attachment-78502\" style=\"width: 580px\" class=\"wp-caption alignnone\"><img data-recalc-dims=\"1\" loading=\"lazy\" decoding=\"async\" class=\"size-full wp-image-78502\" src=\"https:\/\/i0.wp.com\/www.eltrabajo.cl\/2017\/wp-content\/uploads\/2017\/04\/Ojo33.jpg?resize=580%2C348\" alt=\"CINE PARA TODOS.- Por segundo a\u00f1o consecutivo se desarrollar\u00e1 en nuestra comuna entre el 26 de abril y el 4 de mayo, al Festival de Cine Ojo de Pescado 2017.\" width=\"580\" height=\"348\" srcset=\"https:\/\/i0.wp.com\/eltrabajo.cl\/portal\/wp-content\/uploads\/2017\/04\/Ojo33.jpg?w=580&amp;ssl=1 580w, https:\/\/i0.wp.com\/eltrabajo.cl\/portal\/wp-content\/uploads\/2017\/04\/Ojo33.jpg?resize=200%2C120&amp;ssl=1 200w, https:\/\/i0.wp.com\/eltrabajo.cl\/portal\/wp-content\/uploads\/2017\/04\/Ojo33.jpg?resize=300%2C180&amp;ssl=1 300w, https:\/\/i0.wp.com\/eltrabajo.cl\/portal\/wp-content\/uploads\/2017\/04\/Ojo33.jpg?resize=150%2C90&amp;ssl=1 150w\" sizes=\"auto, (max-width: 580px) 100vw, 580px\" \/><figcaption id=\"caption-attachment-78502\" class=\"wp-caption-text\">CINE PARA TODOS.- Por segundo a\u00f1o consecutivo se desarrollar\u00e1 en nuestra comuna entre el 26 de abril y el 4 de mayo, al Festival de Cine Ojo de Pescado 2017.<\/figcaption><\/figure>\n","protected":false},"excerpt":{"rendered":"<p>Entrada gratuita con m\u00e1s de 20 piezas cinematogr\u00e1ficas: El Teatro Municipal de San Felipe, por segundo a\u00f1o consecutivo recibir\u00e1 entre el 26 de abril y el 4 de mayo, al Festival de&#8230;<\/p>\n","protected":false},"author":1,"featured_media":78502,"comment_status":"open","ping_status":"open","sticky":false,"template":"","format":"standard","meta":{"advanced_seo_description":"","jetpack_seo_html_title":"","jetpack_seo_noindex":false,"_jetpack_memberships_contains_paid_content":false,"footnotes":""},"categories":[20],"tags":[],"class_list":["post-78501","post","type-post","status-publish","format-standard","has-post-thumbnail","hentry","category-arte-y-cultura"],"jetpack_featured_media_url":"https:\/\/i0.wp.com\/eltrabajo.cl\/portal\/wp-content\/uploads\/2017\/04\/Ojo33.jpg?fit=580%2C348&ssl=1","jetpack_sharing_enabled":true,"jetpack_likes_enabled":true,"jetpack-related-posts":[],"_links":{"self":[{"href":"https:\/\/eltrabajo.cl\/portal\/wp-json\/wp\/v2\/posts\/78501","targetHints":{"allow":["GET"]}}],"collection":[{"href":"https:\/\/eltrabajo.cl\/portal\/wp-json\/wp\/v2\/posts"}],"about":[{"href":"https:\/\/eltrabajo.cl\/portal\/wp-json\/wp\/v2\/types\/post"}],"author":[{"embeddable":true,"href":"https:\/\/eltrabajo.cl\/portal\/wp-json\/wp\/v2\/users\/1"}],"replies":[{"embeddable":true,"href":"https:\/\/eltrabajo.cl\/portal\/wp-json\/wp\/v2\/comments?post=78501"}],"version-history":[{"count":0,"href":"https:\/\/eltrabajo.cl\/portal\/wp-json\/wp\/v2\/posts\/78501\/revisions"}],"wp:featuredmedia":[{"embeddable":true,"href":"https:\/\/eltrabajo.cl\/portal\/wp-json\/wp\/v2\/media\/78502"}],"wp:attachment":[{"href":"https:\/\/eltrabajo.cl\/portal\/wp-json\/wp\/v2\/media?parent=78501"}],"wp:term":[{"taxonomy":"category","embeddable":true,"href":"https:\/\/eltrabajo.cl\/portal\/wp-json\/wp\/v2\/categories?post=78501"},{"taxonomy":"post_tag","embeddable":true,"href":"https:\/\/eltrabajo.cl\/portal\/wp-json\/wp\/v2\/tags?post=78501"}],"curies":[{"name":"wp","href":"https:\/\/api.w.org\/{rel}","templated":true}]}}