{"id":78509,"date":"2017-04-24T06:02:20","date_gmt":"2017-04-24T10:02:20","guid":{"rendered":"http:\/\/www.eltrabajo.cl\/2017\/?p=78509"},"modified":"2017-04-24T06:02:20","modified_gmt":"2017-04-24T10:02:20","slug":"pesada-y-peligrosa-roca-cae-a-la-calzada-desde-un-camion","status":"publish","type":"post","link":"https:\/\/eltrabajo.cl\/portal\/pesada-y-peligrosa-roca-cae-a-la-calzada-desde-un-camion\/","title":{"rendered":"Pesada y peligrosa roca cae a la calzada desde un cami\u00f3n"},"content":{"rendered":"<figure id=\"attachment_78510\" aria-describedby=\"caption-attachment-78510\" style=\"width: 580px\" class=\"wp-caption alignnone\"><img data-recalc-dims=\"1\" loading=\"lazy\" decoding=\"async\" class=\"size-full wp-image-78510\" src=\"https:\/\/i0.wp.com\/www.eltrabajo.cl\/2017\/wp-content\/uploads\/2017\/04\/ROCA-2.jpg?resize=580%2C348\" alt=\"Bajo este \u00e1rbol los vecinos dejaron la roca (foto @soyaconcagua.cl)\" width=\"580\" height=\"348\" srcset=\"https:\/\/i0.wp.com\/eltrabajo.cl\/portal\/wp-content\/uploads\/2017\/04\/ROCA-2.jpg?w=580&amp;ssl=1 580w, https:\/\/i0.wp.com\/eltrabajo.cl\/portal\/wp-content\/uploads\/2017\/04\/ROCA-2.jpg?resize=200%2C120&amp;ssl=1 200w, https:\/\/i0.wp.com\/eltrabajo.cl\/portal\/wp-content\/uploads\/2017\/04\/ROCA-2.jpg?resize=300%2C180&amp;ssl=1 300w, https:\/\/i0.wp.com\/eltrabajo.cl\/portal\/wp-content\/uploads\/2017\/04\/ROCA-2.jpg?resize=150%2C90&amp;ssl=1 150w\" sizes=\"auto, (max-width: 580px) 100vw, 580px\" \/><figcaption id=\"caption-attachment-78510\" class=\"wp-caption-text\">Bajo este \u00e1rbol los vecinos dejaron la roca (foto @soyaconcagua.cl)<\/figcaption><\/figure>\n<p>Una pesada roca cay\u00f3 del cami\u00f3n que la transportaba al momento de llegar a la intersecci\u00f3n de Avenida Maip\u00fa con Calle Benigno Caldera en San Felipe.<br \/>\nEl hecho ocurri\u00f3 este s\u00e1bado pasadas las 13:00 horas.<br \/>\nNo hubo personas heridas ni v\u00edctimas que lamentar, pero s\u00ed la gente que estaba en el lugar se llev\u00f3 un tremendo susto por la magnitud de la misma roca que seg\u00fan testigos pesar\u00eda entre unos 300 a 500 kilos.<br \/>\nSeg\u00fan una de las personas que estaba en el lugar, este tipo de camiones cargado de rocas pasan unas cinco veces en el d\u00eda por esa arteria.<br \/>\n\u00abAqu\u00ed se vio cu\u00e1nto dura la cadena, la roca cay\u00f3 en el centro de la calle y gente que se reuni\u00f3 la sacaron del medio de la v\u00eda y la pusieron ac\u00e1 al lado del \u00e1rbol\u2026 tremendo\u00bb, dijo el vecino que mantuvo su nombre en reserva.<br \/>\nTestigos indicaron que el cami\u00f3n que transportaba este tipo de material ven\u00eda por Avenida Maip\u00fa desde norte a sur, se detuvo al enfrentar una luz roja que hay llegando a Benigno Caldera y al momento de reiniciar la marcha fue cuando cay\u00f3 la roca a la calzada, \u00abla carga debe haber venido mal estibada, cort\u00f3 la cadena y cay\u00f3 la roca\u00bb, asegur\u00f3 otro de los testigos.<br \/>\nDetr\u00e1s del cami\u00f3n ven\u00eda un autom\u00f3vil marcha Chevrolet modelo Spark, cuyo conductor al parecer advirti\u00f3 lo que se ven\u00eda, porque mantuvo una distancia razonable y prudente que le permiti\u00f3 detenerse oportunamente, lo que en definitiva evit\u00f3 que sufriera da\u00f1os, porque simplemente la roca podr\u00eda haber ca\u00eddo sobre su veh\u00edculo.<br \/>\nSeg\u00fan testigos, este cami\u00f3n se detuvo tras los gritos de las personas, pero pasados unos minutos asegur\u00f3 la carga y se fue del lugar. Decir que la roca definitivamente fue retirada del lugar donde fue dejada por las personas tras sacarla del centro de la calzada.<\/p>\n<p><strong>REACCIONES<\/strong><br \/>\nPor su parte el Consejero Regional Rolando Stevenson Velasco, dijo que se iba a entrevistar con el director de Tr\u00e1nsito del Municipio de San Felipe para ver qu\u00e9 est\u00e1 pasando con el paso de estos camiones, mismos que est\u00e1n poniendo en riesgo el tr\u00e1nsito normal tanto de veh\u00edculos como de peatones, situaci\u00f3n que estar\u00eda siendo un presagio de lo que podr\u00eda ser a futuro el paso de camiones con arenas contaminadas. Al parecer este material estar\u00eda siendo sacado desde el sector El Asiento para ser llevado al puente El Rey y contener el cauce del R\u00edo Aconcagua.<\/p>\n<figure id=\"attachment_78511\" aria-describedby=\"caption-attachment-78511\" style=\"width: 580px\" class=\"wp-caption alignnone\"><img data-recalc-dims=\"1\" loading=\"lazy\" decoding=\"async\" class=\"size-full wp-image-78511\" src=\"https:\/\/i0.wp.com\/www.eltrabajo.cl\/2017\/wp-content\/uploads\/2017\/04\/roca.jpg?resize=580%2C349\" alt=\"Esta fue la roca que qued\u00f3 en el centro de la calzada en la intersecci\u00f3n de Avenida Maip\u00fa con Benigno Caldera.\" width=\"580\" height=\"349\" srcset=\"https:\/\/i0.wp.com\/eltrabajo.cl\/portal\/wp-content\/uploads\/2017\/04\/roca.jpg?w=580&amp;ssl=1 580w, https:\/\/i0.wp.com\/eltrabajo.cl\/portal\/wp-content\/uploads\/2017\/04\/roca.jpg?resize=200%2C120&amp;ssl=1 200w, https:\/\/i0.wp.com\/eltrabajo.cl\/portal\/wp-content\/uploads\/2017\/04\/roca.jpg?resize=300%2C181&amp;ssl=1 300w, https:\/\/i0.wp.com\/eltrabajo.cl\/portal\/wp-content\/uploads\/2017\/04\/roca.jpg?resize=150%2C90&amp;ssl=1 150w\" sizes=\"auto, (max-width: 580px) 100vw, 580px\" \/><figcaption id=\"caption-attachment-78511\" class=\"wp-caption-text\">Esta fue la roca que qued\u00f3 en el centro de la calzada en la intersecci\u00f3n de Avenida Maip\u00fa con Benigno Caldera.<\/figcaption><\/figure>\n","protected":false},"excerpt":{"rendered":"<p>Una pesada roca cay\u00f3 del cami\u00f3n que la transportaba al momento de llegar a la intersecci\u00f3n de Avenida Maip\u00fa con Calle Benigno Caldera en San Felipe. El hecho ocurri\u00f3 este s\u00e1bado pasadas&#8230;<\/p>\n","protected":false},"author":1,"featured_media":78511,"comment_status":"open","ping_status":"open","sticky":false,"template":"","format":"standard","meta":{"advanced_seo_description":"","jetpack_seo_html_title":"","jetpack_seo_noindex":false,"_jetpack_memberships_contains_paid_content":false,"footnotes":""},"categories":[1],"tags":[],"class_list":["post-78509","post","type-post","status-publish","format-standard","has-post-thumbnail","hentry","category-cronica"],"jetpack_featured_media_url":"https:\/\/i0.wp.com\/eltrabajo.cl\/portal\/wp-content\/uploads\/2017\/04\/roca.jpg?fit=580%2C349&ssl=1","jetpack_sharing_enabled":true,"jetpack_likes_enabled":true,"jetpack-related-posts":[],"_links":{"self":[{"href":"https:\/\/eltrabajo.cl\/portal\/wp-json\/wp\/v2\/posts\/78509","targetHints":{"allow":["GET"]}}],"collection":[{"href":"https:\/\/eltrabajo.cl\/portal\/wp-json\/wp\/v2\/posts"}],"about":[{"href":"https:\/\/eltrabajo.cl\/portal\/wp-json\/wp\/v2\/types\/post"}],"author":[{"embeddable":true,"href":"https:\/\/eltrabajo.cl\/portal\/wp-json\/wp\/v2\/users\/1"}],"replies":[{"embeddable":true,"href":"https:\/\/eltrabajo.cl\/portal\/wp-json\/wp\/v2\/comments?post=78509"}],"version-history":[{"count":0,"href":"https:\/\/eltrabajo.cl\/portal\/wp-json\/wp\/v2\/posts\/78509\/revisions"}],"wp:featuredmedia":[{"embeddable":true,"href":"https:\/\/eltrabajo.cl\/portal\/wp-json\/wp\/v2\/media\/78511"}],"wp:attachment":[{"href":"https:\/\/eltrabajo.cl\/portal\/wp-json\/wp\/v2\/media?parent=78509"}],"wp:term":[{"taxonomy":"category","embeddable":true,"href":"https:\/\/eltrabajo.cl\/portal\/wp-json\/wp\/v2\/categories?post=78509"},{"taxonomy":"post_tag","embeddable":true,"href":"https:\/\/eltrabajo.cl\/portal\/wp-json\/wp\/v2\/tags?post=78509"}],"curies":[{"name":"wp","href":"https:\/\/api.w.org\/{rel}","templated":true}]}}