{"id":78566,"date":"2017-04-26T06:03:29","date_gmt":"2017-04-26T10:03:29","guid":{"rendered":"http:\/\/www.eltrabajo.cl\/2017\/?p=78566"},"modified":"2017-04-26T06:03:29","modified_gmt":"2017-04-26T10:03:29","slug":"concesion-a-10-anos-y-arriendo-de-2-millones-mensuales-para-servicentro","status":"publish","type":"post","link":"https:\/\/eltrabajo.cl\/portal\/concesion-a-10-anos-y-arriendo-de-2-millones-mensuales-para-servicentro\/","title":{"rendered":"Concesi\u00f3n a 10 a\u00f1os y arriendo de $2 millones mensuales para servicentro"},"content":{"rendered":"<figure id=\"attachment_78567\" aria-describedby=\"caption-attachment-78567\" style=\"width: 580px\" class=\"wp-caption alignnone\"><img data-recalc-dims=\"1\" loading=\"lazy\" decoding=\"async\" class=\"size-full wp-image-78567\" src=\"https:\/\/i0.wp.com\/www.eltrabajo.cl\/2017\/wp-content\/uploads\/2017\/04\/concejo-municipal.jpg?resize=580%2C349\" alt=\"Tres veces debieron ser votadas las bases de la nueva licitaci\u00f3n del espacio para estaci\u00f3n de combustibles que existe en O\u2019Higgins esquina Traslavi\u00f1a.\" width=\"580\" height=\"349\" srcset=\"https:\/\/i0.wp.com\/eltrabajo.cl\/portal\/wp-content\/uploads\/2017\/04\/concejo-municipal.jpg?w=580&amp;ssl=1 580w, https:\/\/i0.wp.com\/eltrabajo.cl\/portal\/wp-content\/uploads\/2017\/04\/concejo-municipal.jpg?resize=200%2C120&amp;ssl=1 200w, https:\/\/i0.wp.com\/eltrabajo.cl\/portal\/wp-content\/uploads\/2017\/04\/concejo-municipal.jpg?resize=300%2C181&amp;ssl=1 300w, https:\/\/i0.wp.com\/eltrabajo.cl\/portal\/wp-content\/uploads\/2017\/04\/concejo-municipal.jpg?resize=150%2C90&amp;ssl=1 150w\" sizes=\"auto, (max-width: 580px) 100vw, 580px\" \/><figcaption id=\"caption-attachment-78567\" class=\"wp-caption-text\">Tres veces debieron ser votadas las bases de la nueva licitaci\u00f3n del espacio para estaci\u00f3n de combustibles que existe en O\u2019Higgins esquina Traslavi\u00f1a.<\/figcaption><\/figure>\n<ul>\n<li><strong><span style=\"color: #ff0000;\">Concejo Municipal aprob\u00f3 bases de licitaci\u00f3n:<\/span>\u00a0Empresas interesadas en ocupar espacio p\u00fablico donde funciona estaci\u00f3n de combustibles en Avenida O\u2019Higgins con Traslavi\u00f1a, pronto podr\u00e1n hacer sus ofertas. <\/strong><\/li>\n<\/ul>\n<p>El Concejo Municipal de San Felipe determin\u00f3 que la concesi\u00f3n del espacio p\u00fablico donde funciona el Servicentro Copec, ubicado en Avenida O\u2019Higgins, ser\u00e1 a diez a\u00f1os.<br \/>\nAdem\u00e1s se subi\u00f3 el arriendo mensual que era m\u00e1s de 200 mil pesos a m\u00e1s de dos millones de pesos mensuales.<br \/>\nAs\u00ed lo inform\u00f3 el Concejal Cristian Beals Campos, quien dijo adem\u00e1s que hubo una definici\u00f3n porque unos propon\u00edan cinco, otros diez a\u00f1os, al final se dej\u00f3 en diez por mayor\u00eda.<br \/>\nEn cuanto a plazos, el concejal dijo que pronto van a salir las bases para que postule la actual concesionaria u otros interesados.<br \/>\nAgreg\u00f3 que hay una cl\u00e1usula de mejoramiento que ha sido realizado por la actual concesionaria, como es mantener los espacios verdes; \u201cla zona aleda\u00f1a en condiciones de aseo y ornato adecuado\u201d, dijo.<br \/>\n<strong>&#8211; \u00bfQued\u00f3 conforme usted concejal?, porque hubo que votar tres veces las bases de la licitaci\u00f3n. <\/strong><br \/>\n&#8211; \u201cS\u00ed, b\u00e1sicamente porque hay concejales que piensan que estos espacios que est\u00e1n cedidos a empresas, debieran ir cedi\u00e9ndose cada d\u00eda m\u00e1s a la comunidad; por un lado hay opini\u00f3n que prestan un servicio p\u00fablico en el sentido de proporcionar un servicio a los automovilistas que est\u00e1n al paso, entonces hay que ir mezclando actividad econ\u00f3mica, desarrollo y \u00e1rea, pero est\u00e1 bien que se discuta porque es la manera como se solucionan las distintas posiciones\u201d.<br \/>\nSe\u00f1alar que probablemente va a funcionar una parte del servicentro, porque la otra estar\u00e1 ocupada por la ciclo v\u00eda que pasar\u00e1 por el lugar.<\/p>\n","protected":false},"excerpt":{"rendered":"<p>Concejo Municipal aprob\u00f3 bases de licitaci\u00f3n:\u00a0Empresas interesadas en ocupar espacio p\u00fablico donde funciona estaci\u00f3n de combustibles en Avenida O\u2019Higgins con Traslavi\u00f1a, pronto podr\u00e1n hacer sus ofertas. El Concejo Municipal de San Felipe&#8230;<\/p>\n","protected":false},"author":1,"featured_media":78567,"comment_status":"open","ping_status":"open","sticky":false,"template":"","format":"standard","meta":{"advanced_seo_description":"","jetpack_seo_html_title":"","jetpack_seo_noindex":false,"_jetpack_memberships_contains_paid_content":false,"footnotes":""},"categories":[1],"tags":[],"class_list":["post-78566","post","type-post","status-publish","format-standard","has-post-thumbnail","hentry","category-cronica"],"jetpack_featured_media_url":"https:\/\/i0.wp.com\/eltrabajo.cl\/portal\/wp-content\/uploads\/2017\/04\/concejo-municipal.jpg?fit=580%2C349&ssl=1","jetpack_sharing_enabled":true,"jetpack_likes_enabled":true,"jetpack-related-posts":[],"_links":{"self":[{"href":"https:\/\/eltrabajo.cl\/portal\/wp-json\/wp\/v2\/posts\/78566","targetHints":{"allow":["GET"]}}],"collection":[{"href":"https:\/\/eltrabajo.cl\/portal\/wp-json\/wp\/v2\/posts"}],"about":[{"href":"https:\/\/eltrabajo.cl\/portal\/wp-json\/wp\/v2\/types\/post"}],"author":[{"embeddable":true,"href":"https:\/\/eltrabajo.cl\/portal\/wp-json\/wp\/v2\/users\/1"}],"replies":[{"embeddable":true,"href":"https:\/\/eltrabajo.cl\/portal\/wp-json\/wp\/v2\/comments?post=78566"}],"version-history":[{"count":0,"href":"https:\/\/eltrabajo.cl\/portal\/wp-json\/wp\/v2\/posts\/78566\/revisions"}],"wp:featuredmedia":[{"embeddable":true,"href":"https:\/\/eltrabajo.cl\/portal\/wp-json\/wp\/v2\/media\/78567"}],"wp:attachment":[{"href":"https:\/\/eltrabajo.cl\/portal\/wp-json\/wp\/v2\/media?parent=78566"}],"wp:term":[{"taxonomy":"category","embeddable":true,"href":"https:\/\/eltrabajo.cl\/portal\/wp-json\/wp\/v2\/categories?post=78566"},{"taxonomy":"post_tag","embeddable":true,"href":"https:\/\/eltrabajo.cl\/portal\/wp-json\/wp\/v2\/tags?post=78566"}],"curies":[{"name":"wp","href":"https:\/\/api.w.org\/{rel}","templated":true}]}}