{"id":78569,"date":"2017-04-26T06:04:51","date_gmt":"2017-04-26T10:04:51","guid":{"rendered":"http:\/\/www.eltrabajo.cl\/2017\/?p=78569"},"modified":"2017-04-26T06:04:51","modified_gmt":"2017-04-26T10:04:51","slug":"carabineros-fiscalizara-sistema-retencion-infantil-en-largo-fin-de-semana","status":"publish","type":"post","link":"https:\/\/eltrabajo.cl\/portal\/carabineros-fiscalizara-sistema-retencion-infantil-en-largo-fin-de-semana\/","title":{"rendered":"Carabineros fiscalizar\u00e1 sistema retenci\u00f3n infantil en largo fin de semana"},"content":{"rendered":"<figure id=\"attachment_78570\" aria-describedby=\"caption-attachment-78570\" style=\"width: 580px\" class=\"wp-caption alignnone\"><img data-recalc-dims=\"1\" loading=\"lazy\" decoding=\"async\" class=\"size-full wp-image-78570\" src=\"https:\/\/i0.wp.com\/www.eltrabajo.cl\/2017\/wp-content\/uploads\/2017\/04\/Peaje-Las-Vegas-ruta-5-norte.jpg?resize=580%2C348\" alt=\"Tanto en las carreteras como en la ciudad, personal de Carabineros ya anunci\u00f3 una fuerte fiscalizaci\u00f3n para el fin de semana largo.\" width=\"580\" height=\"348\" srcset=\"https:\/\/i0.wp.com\/eltrabajo.cl\/portal\/wp-content\/uploads\/2017\/04\/Peaje-Las-Vegas-ruta-5-norte.jpg?w=580&amp;ssl=1 580w, https:\/\/i0.wp.com\/eltrabajo.cl\/portal\/wp-content\/uploads\/2017\/04\/Peaje-Las-Vegas-ruta-5-norte.jpg?resize=200%2C120&amp;ssl=1 200w, https:\/\/i0.wp.com\/eltrabajo.cl\/portal\/wp-content\/uploads\/2017\/04\/Peaje-Las-Vegas-ruta-5-norte.jpg?resize=300%2C180&amp;ssl=1 300w, https:\/\/i0.wp.com\/eltrabajo.cl\/portal\/wp-content\/uploads\/2017\/04\/Peaje-Las-Vegas-ruta-5-norte.jpg?resize=150%2C90&amp;ssl=1 150w\" sizes=\"auto, (max-width: 580px) 100vw, 580px\" \/><figcaption id=\"caption-attachment-78570\" class=\"wp-caption-text\">Tanto en las carreteras como en la ciudad, personal de Carabineros ya anunci\u00f3 una fuerte fiscalizaci\u00f3n para el fin de semana largo.<\/figcaption><\/figure>\n<ul>\n<li><span style=\"color: #ff0000;\"><strong>Junto a velocidad e ingesta de alcohol:<\/strong><\/span><\/li>\n<\/ul>\n<p>El Teniente Roberto C\u00e1rdenas, de la Subcomisar\u00eda I.A.T. y Carreteras San Felipe, entreg\u00f3 diversas recomendaciones a los conductores con motivo del largo fin de semana que se avecina, destacando que se mantendr\u00e1n servicios de fiscalizaci\u00f3n de tr\u00e1nsito durante los tres d\u00edas tanto en la Ruta 5 Norte y en la ruta 60 CH, como as\u00ed tambi\u00e9n en el centro de San Felipe, y dirigiendo este principalmente a la utilizaci\u00f3n del Sistema de Retenci\u00f3n Infantil, Velocidad, Intoxilizer, poniendo \u00e9nfasis en hacer un llamado a los conductores a realizar una pauta de chequeo previo a sus veh\u00edculos particulares, como as\u00ed tambi\u00e9n, una planificaci\u00f3n del recorrido, evitando horarios punta y prevenir congestiones vehiculares y posible accidentes en el tr\u00e1nsito.<\/p>\n","protected":false},"excerpt":{"rendered":"<p>Junto a velocidad e ingesta de alcohol: El Teniente Roberto C\u00e1rdenas, de la Subcomisar\u00eda I.A.T. y Carreteras San Felipe, entreg\u00f3 diversas recomendaciones a los conductores con motivo del largo fin de semana&#8230;<\/p>\n","protected":false},"author":1,"featured_media":78570,"comment_status":"open","ping_status":"open","sticky":false,"template":"","format":"standard","meta":{"advanced_seo_description":"","jetpack_seo_html_title":"","jetpack_seo_noindex":false,"_jetpack_memberships_contains_paid_content":false,"footnotes":""},"categories":[1],"tags":[],"class_list":["post-78569","post","type-post","status-publish","format-standard","has-post-thumbnail","hentry","category-cronica"],"jetpack_featured_media_url":"https:\/\/i0.wp.com\/eltrabajo.cl\/portal\/wp-content\/uploads\/2017\/04\/Peaje-Las-Vegas-ruta-5-norte.jpg?fit=580%2C348&ssl=1","jetpack_sharing_enabled":true,"jetpack_likes_enabled":true,"jetpack-related-posts":[],"_links":{"self":[{"href":"https:\/\/eltrabajo.cl\/portal\/wp-json\/wp\/v2\/posts\/78569","targetHints":{"allow":["GET"]}}],"collection":[{"href":"https:\/\/eltrabajo.cl\/portal\/wp-json\/wp\/v2\/posts"}],"about":[{"href":"https:\/\/eltrabajo.cl\/portal\/wp-json\/wp\/v2\/types\/post"}],"author":[{"embeddable":true,"href":"https:\/\/eltrabajo.cl\/portal\/wp-json\/wp\/v2\/users\/1"}],"replies":[{"embeddable":true,"href":"https:\/\/eltrabajo.cl\/portal\/wp-json\/wp\/v2\/comments?post=78569"}],"version-history":[{"count":0,"href":"https:\/\/eltrabajo.cl\/portal\/wp-json\/wp\/v2\/posts\/78569\/revisions"}],"wp:featuredmedia":[{"embeddable":true,"href":"https:\/\/eltrabajo.cl\/portal\/wp-json\/wp\/v2\/media\/78570"}],"wp:attachment":[{"href":"https:\/\/eltrabajo.cl\/portal\/wp-json\/wp\/v2\/media?parent=78569"}],"wp:term":[{"taxonomy":"category","embeddable":true,"href":"https:\/\/eltrabajo.cl\/portal\/wp-json\/wp\/v2\/categories?post=78569"},{"taxonomy":"post_tag","embeddable":true,"href":"https:\/\/eltrabajo.cl\/portal\/wp-json\/wp\/v2\/tags?post=78569"}],"curies":[{"name":"wp","href":"https:\/\/api.w.org\/{rel}","templated":true}]}}