{"id":78572,"date":"2017-04-27T06:00:05","date_gmt":"2017-04-27T10:00:05","guid":{"rendered":"http:\/\/www.eltrabajo.cl\/2017\/?p=78572"},"modified":"2017-04-27T06:00:05","modified_gmt":"2017-04-27T10:00:05","slug":"organizan-a-vecinos-para-participacion-ciudadana-caso-arenas-contaminadas","status":"publish","type":"post","link":"https:\/\/eltrabajo.cl\/portal\/organizan-a-vecinos-para-participacion-ciudadana-caso-arenas-contaminadas\/","title":{"rendered":"Organizan a vecinos para Participaci\u00f3n Ciudadana caso \u2018Arenas Contaminadas\u2019"},"content":{"rendered":"<figure id=\"attachment_78573\" aria-describedby=\"caption-attachment-78573\" style=\"width: 580px\" class=\"wp-caption alignnone\"><img data-recalc-dims=\"1\" loading=\"lazy\" decoding=\"async\" class=\"size-full wp-image-78573\" src=\"https:\/\/i0.wp.com\/www.eltrabajo.cl\/2017\/wp-content\/uploads\/2017\/04\/Camila-Flores-abogada-medio-ambiental.jpg?resize=580%2C349\" alt=\"Camila Flores, abogada especialista en temas medioambientales, asume liderazgo para organizar a las comunidades afectadas y enfrentar etapa de participaci\u00f3n ciudadana del nefasto proyecto.\" width=\"580\" height=\"349\" srcset=\"https:\/\/i0.wp.com\/eltrabajo.cl\/portal\/wp-content\/uploads\/2017\/04\/Camila-Flores-abogada-medio-ambiental.jpg?w=580&amp;ssl=1 580w, https:\/\/i0.wp.com\/eltrabajo.cl\/portal\/wp-content\/uploads\/2017\/04\/Camila-Flores-abogada-medio-ambiental.jpg?resize=200%2C120&amp;ssl=1 200w, https:\/\/i0.wp.com\/eltrabajo.cl\/portal\/wp-content\/uploads\/2017\/04\/Camila-Flores-abogada-medio-ambiental.jpg?resize=300%2C181&amp;ssl=1 300w, https:\/\/i0.wp.com\/eltrabajo.cl\/portal\/wp-content\/uploads\/2017\/04\/Camila-Flores-abogada-medio-ambiental.jpg?resize=150%2C90&amp;ssl=1 150w\" sizes=\"auto, (max-width: 580px) 100vw, 580px\" \/><figcaption id=\"caption-attachment-78573\" class=\"wp-caption-text\">Camila Flores, abogada especialista en temas medioambientales, asume liderazgo para organizar a las comunidades afectadas y enfrentar etapa de participaci\u00f3n ciudadana del nefasto proyecto.<\/figcaption><\/figure>\n<ul>\n<li><strong><span style=\"color: #ff0000;\">Camila Flores, abogada medio ambientalista:\u00a0<\/span>\u00abNos vamos a organizar para que el proyecto inmobiliario Las Salinas no nos utilice como basurero\u00bb, asegur\u00f3 profesional que destaca medidas de oposici\u00f3n a iniciativa que busca trasladar arenas contaminadas de Vi\u00f1a del Mar a vertederos de Quillota y San Felipe.<\/strong><\/li>\n<\/ul>\n<p>Como un insulto a los habitantes de la zona interior calific\u00f3 la abogada especialista en temas medio ambientales, Camila Flores, el proyecto \u2018Recuperaci\u00f3n terreno Las Salinas para uso inmobiliario\u2019, que busca trasladar arenas y residuos de m\u00e1s de 17 hect\u00e1reas del sector vi\u00f1amarino hacia rellenos y vertederos repartidos en distintos puntos de la regi\u00f3n.<br \/>\n\u00abLa inmobiliaria Las Salinas Ltda. ha propuesto construcciones habitacionales en una zona que era de uso de empresas petroleras, lo que significa que los residuos poseen altos grados de contaminaci\u00f3n, lo que constituye peligro tanto para los habitantes de Quillota y San Felipe, donde pretenden llevarlos, como para el transporte de los mismos\u00bb, enfatiz\u00f3.<br \/>\nLa iniciativa, que debe ser sometida al Sistema de Evaluaci\u00f3n Ambiental, fue recientemente rechazada por el pleno del Consejo Regional por 24 votos en contra y 2 a favor. No obstante, es la comisi\u00f3n evaluadora, encabezada por el Intendente y compuesta por serem\u00edas y organismos t\u00e9cnicos, la instancia que tiene la \u00faltima palabra.<br \/>\n\u00abEs un insulto para los habitantes del interior que se nos considere basurero de la quinta costa. Luego de lo sucedido con el proyecto termoel\u00e9ctrico Los Rulos en Limache, como ciudadanos no confiamos en los criterios de aprobaci\u00f3n que muchas veces privilegian desarrollo econ\u00f3mico por sobre la salud y bienestar de las personas. Basta ya. Hay que detener o modificar esto ahora que a\u00fan es tiempo, antes de que pase las siguiente etapas\u00bb, se\u00f1al\u00f3, agregando que se est\u00e1 organizando una acci\u00f3n ciudadana tendiente a frenar el avance de la iniciativa.<br \/>\n\u00abNos vamos a organizar, ya hemos conversado con vecinos de las comunas afectadas y nos estamos preparando para enfrentar la etapa de Participaci\u00f3n Ciudadana, que es parte del proceso a seguir\u00bb, destac\u00f3.<\/p>\n","protected":false},"excerpt":{"rendered":"<p>Camila Flores, abogada medio ambientalista:\u00a0\u00abNos vamos a organizar para que el proyecto inmobiliario Las Salinas no nos utilice como basurero\u00bb, asegur\u00f3 profesional que destaca medidas de oposici\u00f3n a iniciativa que busca trasladar&#8230;<\/p>\n","protected":false},"author":1,"featured_media":78573,"comment_status":"open","ping_status":"open","sticky":false,"template":"","format":"standard","meta":{"advanced_seo_description":"","jetpack_seo_html_title":"","jetpack_seo_noindex":false,"_jetpack_memberships_contains_paid_content":false,"footnotes":""},"categories":[1],"tags":[],"class_list":["post-78572","post","type-post","status-publish","format-standard","has-post-thumbnail","hentry","category-cronica"],"jetpack_featured_media_url":"https:\/\/i0.wp.com\/eltrabajo.cl\/portal\/wp-content\/uploads\/2017\/04\/Camila-Flores-abogada-medio-ambiental.jpg?fit=580%2C349&ssl=1","jetpack_sharing_enabled":true,"jetpack_likes_enabled":true,"jetpack-related-posts":[],"_links":{"self":[{"href":"https:\/\/eltrabajo.cl\/portal\/wp-json\/wp\/v2\/posts\/78572","targetHints":{"allow":["GET"]}}],"collection":[{"href":"https:\/\/eltrabajo.cl\/portal\/wp-json\/wp\/v2\/posts"}],"about":[{"href":"https:\/\/eltrabajo.cl\/portal\/wp-json\/wp\/v2\/types\/post"}],"author":[{"embeddable":true,"href":"https:\/\/eltrabajo.cl\/portal\/wp-json\/wp\/v2\/users\/1"}],"replies":[{"embeddable":true,"href":"https:\/\/eltrabajo.cl\/portal\/wp-json\/wp\/v2\/comments?post=78572"}],"version-history":[{"count":0,"href":"https:\/\/eltrabajo.cl\/portal\/wp-json\/wp\/v2\/posts\/78572\/revisions"}],"wp:featuredmedia":[{"embeddable":true,"href":"https:\/\/eltrabajo.cl\/portal\/wp-json\/wp\/v2\/media\/78573"}],"wp:attachment":[{"href":"https:\/\/eltrabajo.cl\/portal\/wp-json\/wp\/v2\/media?parent=78572"}],"wp:term":[{"taxonomy":"category","embeddable":true,"href":"https:\/\/eltrabajo.cl\/portal\/wp-json\/wp\/v2\/categories?post=78572"},{"taxonomy":"post_tag","embeddable":true,"href":"https:\/\/eltrabajo.cl\/portal\/wp-json\/wp\/v2\/tags?post=78572"}],"curies":[{"name":"wp","href":"https:\/\/api.w.org\/{rel}","templated":true}]}}