{"id":78589,"date":"2017-04-27T06:04:57","date_gmt":"2017-04-27T10:04:57","guid":{"rendered":"http:\/\/www.eltrabajo.cl\/2017\/?p=78589"},"modified":"2017-04-27T06:04:57","modified_gmt":"2017-04-27T10:04:57","slug":"fiesta-religiosa-de-cuasimodo-2017-sera-este-domingo-en-panquehue","status":"publish","type":"post","link":"https:\/\/eltrabajo.cl\/portal\/fiesta-religiosa-de-cuasimodo-2017-sera-este-domingo-en-panquehue\/","title":{"rendered":"Fiesta religiosa de Cuasimodo 2017 ser\u00e1 este domingo en Panquehue"},"content":{"rendered":"<figure id=\"attachment_78590\" aria-describedby=\"caption-attachment-78590\" style=\"width: 580px\" class=\"wp-caption alignnone\"><img data-recalc-dims=\"1\" loading=\"lazy\" decoding=\"async\" class=\"size-full wp-image-78590\" src=\"https:\/\/i0.wp.com\/www.eltrabajo.cl\/2017\/wp-content\/uploads\/2017\/04\/Cuasi-Miryam-Rojas.jpg?resize=580%2C349\" alt=\"Presidenta de la Cofrad\u00eda de cuasimodistas de Panquehue, Miryam Rojas Rodr\u00edguez.\" width=\"580\" height=\"349\" srcset=\"https:\/\/i0.wp.com\/eltrabajo.cl\/portal\/wp-content\/uploads\/2017\/04\/Cuasi-Miryam-Rojas.jpg?w=580&amp;ssl=1 580w, https:\/\/i0.wp.com\/eltrabajo.cl\/portal\/wp-content\/uploads\/2017\/04\/Cuasi-Miryam-Rojas.jpg?resize=200%2C120&amp;ssl=1 200w, https:\/\/i0.wp.com\/eltrabajo.cl\/portal\/wp-content\/uploads\/2017\/04\/Cuasi-Miryam-Rojas.jpg?resize=300%2C181&amp;ssl=1 300w, https:\/\/i0.wp.com\/eltrabajo.cl\/portal\/wp-content\/uploads\/2017\/04\/Cuasi-Miryam-Rojas.jpg?resize=150%2C90&amp;ssl=1 150w\" sizes=\"auto, (max-width: 580px) 100vw, 580px\" \/><figcaption id=\"caption-attachment-78590\" class=\"wp-caption-text\">Presidenta de la Cofrad\u00eda de cuasimodistas de Panquehue, Miryam Rojas Rodr\u00edguez.<\/figcaption><\/figure>\n<ul>\n<li><span style=\"color: #ff0000;\"><strong>Desde las 7:30 horas frente a la Parroquia San Maximiliano:<\/strong><\/span><\/li>\n<\/ul>\n<p>Diversas son las localidades de Aconcagua y las regiones aleda\u00f1as que cada a\u00f1o se suman a la festividad religiosa cat\u00f3lica denominada Fiesta de Cuasimodo, es por esto que la actividad indicada y conocida tambi\u00e9n en el mundo criollo como \u2018Correr a Cristo\u2019, se realiza el domingo siguiente al de Pascua de Resurrecci\u00f3n.<br \/>\nEs en este sentido y como rescate y fomento cultural-cat\u00f3lico, es que la comunidad de feligreses de la comuna de Panquehue, encabezados por su cura p\u00e1rroco el sacerdote Omar Orellana y una de las coordinadoras de la agrupaci\u00f3n cuasimodista de la comuna, Miryam Rojas Rodr\u00edguez y su directiva con don Luis Vald\u00e9s en la presidencia, coordinan esta actividad en la comuna, destacando en estos dos \u00faltimos a\u00f1os el apoyo recibido por parte del municipio panquehuino.<\/p>\n<p><strong>INVITACI\u00d3N ABIERTA<\/strong><br \/>\n\u00abQueremos destacar que esta actividad de desarrollar\u00e1 este domingo 30 de abril a partir de las 7:30 horas desde el frontis de la Parroquia San Maximiliano de Panquehue, para dar curso con el recorrido en caravana de los sectores c\u00e9ntricos de la comuna, sector Vi\u00f1a Err\u00e1zuriz y La Pirca. Finalizando con una Misa al medio d\u00eda en la capilla Cristo Redentor del sector La Pirca. Invitamos a todos los vecinos y lectores de Diario El Trabajo de todo el Valle Aconcagua, pues tambi\u00e9n participar\u00e1n agrupaciones folcl\u00f3ricas como Renacer, Aukan, Los amigos de la cueca y Pangue, entre otras\u00bb, explic\u00f3 a nuestro medio la presidenta de la Cofrad\u00eda de cuasimodistas de Panquehue, Miryam Rojas Rodr\u00edguez.<br \/>\n<strong>Roberto Gonz\u00e1lez Short<\/strong><\/p>\n<figure id=\"attachment_78591\" aria-describedby=\"caption-attachment-78591\" style=\"width: 580px\" class=\"wp-caption alignnone\"><img data-recalc-dims=\"1\" loading=\"lazy\" decoding=\"async\" class=\"size-full wp-image-78591\" src=\"https:\/\/i0.wp.com\/www.eltrabajo.cl\/2017\/wp-content\/uploads\/2017\/04\/Cuasi1.jpg?resize=580%2C348\" alt=\"CUASIMODISTAS.- Aqu\u00ed vemos el protagonismo que esta ceremonia tiene en el mundo cat\u00f3lico, este domingo ser\u00e1 en Panquehue.\" width=\"580\" height=\"348\" srcset=\"https:\/\/i0.wp.com\/eltrabajo.cl\/portal\/wp-content\/uploads\/2017\/04\/Cuasi1.jpg?w=580&amp;ssl=1 580w, https:\/\/i0.wp.com\/eltrabajo.cl\/portal\/wp-content\/uploads\/2017\/04\/Cuasi1.jpg?resize=200%2C120&amp;ssl=1 200w, https:\/\/i0.wp.com\/eltrabajo.cl\/portal\/wp-content\/uploads\/2017\/04\/Cuasi1.jpg?resize=300%2C180&amp;ssl=1 300w, https:\/\/i0.wp.com\/eltrabajo.cl\/portal\/wp-content\/uploads\/2017\/04\/Cuasi1.jpg?resize=150%2C90&amp;ssl=1 150w\" sizes=\"auto, (max-width: 580px) 100vw, 580px\" \/><figcaption id=\"caption-attachment-78591\" class=\"wp-caption-text\">CUASIMODISTAS.- Aqu\u00ed vemos el protagonismo que esta ceremonia tiene en el mundo cat\u00f3lico, este domingo ser\u00e1 en Panquehue.<\/figcaption><\/figure>\n<figure id=\"attachment_78592\" aria-describedby=\"caption-attachment-78592\" style=\"width: 580px\" class=\"wp-caption alignnone\"><img data-recalc-dims=\"1\" loading=\"lazy\" decoding=\"async\" class=\"size-full wp-image-78592\" src=\"https:\/\/i0.wp.com\/www.eltrabajo.cl\/2017\/wp-content\/uploads\/2017\/04\/Cuasi2.jpg?resize=580%2C350\" alt=\"TODO UN PERSONAJE.- Como en otros a\u00f1os, ser\u00e1 el sacerdote Omar Orellana quien lleve la iniciativa y principal protagonismo en esta fiesta religiosa, visitando y santificando a unos 50 hogares de esa comuna.\" width=\"580\" height=\"350\" srcset=\"https:\/\/i0.wp.com\/eltrabajo.cl\/portal\/wp-content\/uploads\/2017\/04\/Cuasi2.jpg?w=580&amp;ssl=1 580w, https:\/\/i0.wp.com\/eltrabajo.cl\/portal\/wp-content\/uploads\/2017\/04\/Cuasi2.jpg?resize=200%2C121&amp;ssl=1 200w, https:\/\/i0.wp.com\/eltrabajo.cl\/portal\/wp-content\/uploads\/2017\/04\/Cuasi2.jpg?resize=300%2C181&amp;ssl=1 300w, https:\/\/i0.wp.com\/eltrabajo.cl\/portal\/wp-content\/uploads\/2017\/04\/Cuasi2.jpg?resize=150%2C91&amp;ssl=1 150w\" sizes=\"auto, (max-width: 580px) 100vw, 580px\" \/><figcaption id=\"caption-attachment-78592\" class=\"wp-caption-text\">TODO UN PERSONAJE.- Como en otros a\u00f1os, ser\u00e1 el sacerdote Omar Orellana quien lleve la iniciativa y principal protagonismo en esta fiesta religiosa, visitando y santificando a unos 50 hogares de esa comuna.<\/figcaption><\/figure>\n","protected":false},"excerpt":{"rendered":"<p>Desde las 7:30 horas frente a la Parroquia San Maximiliano: Diversas son las localidades de Aconcagua y las regiones aleda\u00f1as que cada a\u00f1o se suman a la festividad religiosa cat\u00f3lica denominada Fiesta&#8230;<\/p>\n","protected":false},"author":1,"featured_media":78592,"comment_status":"open","ping_status":"open","sticky":false,"template":"","format":"standard","meta":{"advanced_seo_description":"","jetpack_seo_html_title":"","jetpack_seo_noindex":false,"_jetpack_memberships_contains_paid_content":false,"footnotes":""},"categories":[15],"tags":[],"class_list":["post-78589","post","type-post","status-publish","format-standard","has-post-thumbnail","hentry","category-comunidad"],"jetpack_featured_media_url":"https:\/\/i0.wp.com\/eltrabajo.cl\/portal\/wp-content\/uploads\/2017\/04\/Cuasi2.jpg?fit=580%2C350&ssl=1","jetpack_sharing_enabled":true,"jetpack_likes_enabled":true,"jetpack-related-posts":[],"_links":{"self":[{"href":"https:\/\/eltrabajo.cl\/portal\/wp-json\/wp\/v2\/posts\/78589","targetHints":{"allow":["GET"]}}],"collection":[{"href":"https:\/\/eltrabajo.cl\/portal\/wp-json\/wp\/v2\/posts"}],"about":[{"href":"https:\/\/eltrabajo.cl\/portal\/wp-json\/wp\/v2\/types\/post"}],"author":[{"embeddable":true,"href":"https:\/\/eltrabajo.cl\/portal\/wp-json\/wp\/v2\/users\/1"}],"replies":[{"embeddable":true,"href":"https:\/\/eltrabajo.cl\/portal\/wp-json\/wp\/v2\/comments?post=78589"}],"version-history":[{"count":0,"href":"https:\/\/eltrabajo.cl\/portal\/wp-json\/wp\/v2\/posts\/78589\/revisions"}],"wp:featuredmedia":[{"embeddable":true,"href":"https:\/\/eltrabajo.cl\/portal\/wp-json\/wp\/v2\/media\/78592"}],"wp:attachment":[{"href":"https:\/\/eltrabajo.cl\/portal\/wp-json\/wp\/v2\/media?parent=78589"}],"wp:term":[{"taxonomy":"category","embeddable":true,"href":"https:\/\/eltrabajo.cl\/portal\/wp-json\/wp\/v2\/categories?post=78589"},{"taxonomy":"post_tag","embeddable":true,"href":"https:\/\/eltrabajo.cl\/portal\/wp-json\/wp\/v2\/tags?post=78589"}],"curies":[{"name":"wp","href":"https:\/\/api.w.org\/{rel}","templated":true}]}}