{"id":78594,"date":"2017-04-27T06:05:13","date_gmt":"2017-04-27T10:05:13","guid":{"rendered":"http:\/\/www.eltrabajo.cl\/2017\/?p=78594"},"modified":"2017-04-27T06:05:13","modified_gmt":"2017-04-27T10:05:13","slug":"fuerzas-vivas-de-aconcagua-regalonean-con-desfile-a-carabineros-en-su-dia","status":"publish","type":"post","link":"https:\/\/eltrabajo.cl\/portal\/fuerzas-vivas-de-aconcagua-regalonean-con-desfile-a-carabineros-en-su-dia\/","title":{"rendered":"Fuerzas Vivas de Aconcagua regalonean con desfile a Carabineros en su d\u00eda"},"content":{"rendered":"<figure id=\"attachment_78600\" aria-describedby=\"caption-attachment-78600\" style=\"width: 580px\" class=\"wp-caption alignnone\"><img data-recalc-dims=\"1\" loading=\"lazy\" decoding=\"async\" class=\"size-full wp-image-78600\" src=\"https:\/\/i0.wp.com\/www.eltrabajo.cl\/2017\/wp-content\/uploads\/2017\/04\/Desfile-San-Pablo1.jpg?resize=580%2C348\" alt=\"NI\u00d1OS SANFELIPE\u00d1OS.- Tambi\u00e9n el Colegio San Pablo de San Felipe mostr\u00f3 su saludo a las autoridades presentes.\" width=\"580\" height=\"348\" srcset=\"https:\/\/i0.wp.com\/eltrabajo.cl\/portal\/wp-content\/uploads\/2017\/04\/Desfile-San-Pablo1.jpg?w=580&amp;ssl=1 580w, https:\/\/i0.wp.com\/eltrabajo.cl\/portal\/wp-content\/uploads\/2017\/04\/Desfile-San-Pablo1.jpg?resize=200%2C120&amp;ssl=1 200w, https:\/\/i0.wp.com\/eltrabajo.cl\/portal\/wp-content\/uploads\/2017\/04\/Desfile-San-Pablo1.jpg?resize=300%2C180&amp;ssl=1 300w, https:\/\/i0.wp.com\/eltrabajo.cl\/portal\/wp-content\/uploads\/2017\/04\/Desfile-San-Pablo1.jpg?resize=150%2C90&amp;ssl=1 150w\" sizes=\"auto, (max-width: 580px) 100vw, 580px\" \/><figcaption id=\"caption-attachment-78600\" class=\"wp-caption-text\">NI\u00d1OS SANFELIPE\u00d1OS.- Tambi\u00e9n el Colegio San Pablo de San Felipe mostr\u00f3 su saludo a las autoridades presentes.<\/figcaption><\/figure>\n<ul>\n<li><span style=\"color: #ff0000;\"><strong>Instituci\u00f3n policial cumplen 90 a\u00f1os de servir a los chilenos:<\/strong><\/span><\/li>\n<\/ul>\n<p>Con bombos y platillos todas las fuerzas vivas del Valle Aconcagua salieron ayer mi\u00e9rcoles a celebrar con alegr\u00eda los 90 a\u00f1os que Carabineros de Chile est\u00e1 cumpliendo esta semana. Se trat\u00f3 de algo m\u00e1s que un simple esquinazo o desfile de rigor, estamos hablando de una avalancha humana que se volc\u00f3 con cari\u00f1o en homenaje a los uniformados que durante casi un siglo han cuidado por el orden p\u00fablico en nuestro amado pa\u00eds.<\/p>\n<p><strong>CIFRAS POSITIVAS<\/strong><br \/>\nFue en el marco de este 90\u00ba aniversario de la instituci\u00f3n que el Prefecto de Carabineros Aconcagua, Coronel Pablo Salgado Dur\u00e1n desarroll\u00f3 un positivo balance de la gesti\u00f3n policial ejecutada en las provincias de San Felipe, Petorca y Los Andes durante 2016 y el primer trimestre 2017.<br \/>\n\u00abSe ha logrado el aumento de detenidos por \u00f3rdenes vigentes en un 40%; este dato va m\u00e1s all\u00e1 de su valor nominal, esto significa que nuestros carabineros han llevado a la justicia a 533 individuos m\u00e1s, que durante el a\u00f1o anterior; hemos logrado tambi\u00e9n, aumentar nuestra dotaci\u00f3n en casi un 6%, lo que se traduce en m\u00e1s carabineros para resguardar a cada uno de los habitantes de estas 15 hermosas ciudades\u00bb, dijo Salgado a Diario El Trabajo.<\/p>\n<p><strong>UN GRAN DESFILE<\/strong><br \/>\nEn este rimbombante desfile participaron efectivos de la Repartici\u00f3n de Aconcagua; la Escuela de Fronteras Teniente Hern\u00e1n Merino Correa; aspirantes a oficiales; alumnos del Grupo de Formaci\u00f3n Policial de Vi\u00f1a del Mar y una veintena de establecimientos educacionales de San Felipe, Rinconada de Los Andes, Calle Larga y otras zonas de Aconcagua.<br \/>\nEn la oportunidad el mando institucional de Aconcagua entreg\u00f3 una distinci\u00f3n especial a los efectivos que destacaron durante el 2016, la que recay\u00f3 este a\u00f1o en el Sargento 1\u00ba Luis Apablaza Olivares de dotaci\u00f3n de la Tenencia de Carreteras Petorca; y en el Sargento 2\u00ba Cristian Cort\u00e9s Mej\u00edas de la Segunda Comisar\u00eda de San Felipe.<br \/>\n<strong>Roberto Gonz\u00e1lez Short<\/strong><\/p>\n<figure id=\"attachment_78595\" aria-describedby=\"caption-attachment-78595\" style=\"width: 580px\" class=\"wp-caption alignnone\"><img data-recalc-dims=\"1\" loading=\"lazy\" decoding=\"async\" class=\"size-full wp-image-78595\" src=\"https:\/\/i0.wp.com\/www.eltrabajo.cl\/2017\/wp-content\/uploads\/2017\/04\/desfile-1.jpg?resize=580%2C350\" alt=\"FELIZ CUMPLEA\u00d1OS.- En este rimbombante desfile participaron efectivos de la repartici\u00f3n de Aconcagua; la Escuela de Fronteras Teniente Hern\u00e1n Merino Correa; aspirantes a oficiales; alumnos del Grupo de Formaci\u00f3n Policial de Vi\u00f1a del Mar y una veintena de establecimientos educacionales de San Felipe.\" width=\"580\" height=\"350\" srcset=\"https:\/\/i0.wp.com\/eltrabajo.cl\/portal\/wp-content\/uploads\/2017\/04\/desfile-1.jpg?w=580&amp;ssl=1 580w, https:\/\/i0.wp.com\/eltrabajo.cl\/portal\/wp-content\/uploads\/2017\/04\/desfile-1.jpg?resize=200%2C121&amp;ssl=1 200w, https:\/\/i0.wp.com\/eltrabajo.cl\/portal\/wp-content\/uploads\/2017\/04\/desfile-1.jpg?resize=300%2C181&amp;ssl=1 300w, https:\/\/i0.wp.com\/eltrabajo.cl\/portal\/wp-content\/uploads\/2017\/04\/desfile-1.jpg?resize=150%2C91&amp;ssl=1 150w\" sizes=\"auto, (max-width: 580px) 100vw, 580px\" \/><figcaption id=\"caption-attachment-78595\" class=\"wp-caption-text\">FELIZ CUMPLEA\u00d1OS.- En este rimbombante desfile participaron efectivos de la repartici\u00f3n de Aconcagua; la Escuela de Fronteras Teniente Hern\u00e1n Merino Correa; aspirantes a oficiales; alumnos del Grupo de Formaci\u00f3n Policial de Vi\u00f1a del Mar y una veintena de establecimientos educacionales de San Felipe.<\/figcaption><\/figure>\n<figure id=\"attachment_78596\" aria-describedby=\"caption-attachment-78596\" style=\"width: 580px\" class=\"wp-caption alignnone\"><img data-recalc-dims=\"1\" loading=\"lazy\" decoding=\"async\" class=\"size-full wp-image-78596\" src=\"https:\/\/i0.wp.com\/www.eltrabajo.cl\/2017\/wp-content\/uploads\/2017\/04\/Desfile-Esquinazo1.jpg?resize=580%2C348\" alt=\"LA JUVENTUD IMPONE.- Estos peque\u00f1itos se lucieron en grande con nuestro Baile Nacional, ofrecido a los presentes.\" width=\"580\" height=\"348\" srcset=\"https:\/\/i0.wp.com\/eltrabajo.cl\/portal\/wp-content\/uploads\/2017\/04\/Desfile-Esquinazo1.jpg?w=580&amp;ssl=1 580w, https:\/\/i0.wp.com\/eltrabajo.cl\/portal\/wp-content\/uploads\/2017\/04\/Desfile-Esquinazo1.jpg?resize=200%2C120&amp;ssl=1 200w, https:\/\/i0.wp.com\/eltrabajo.cl\/portal\/wp-content\/uploads\/2017\/04\/Desfile-Esquinazo1.jpg?resize=300%2C180&amp;ssl=1 300w, https:\/\/i0.wp.com\/eltrabajo.cl\/portal\/wp-content\/uploads\/2017\/04\/Desfile-Esquinazo1.jpg?resize=150%2C90&amp;ssl=1 150w\" sizes=\"auto, (max-width: 580px) 100vw, 580px\" \/><figcaption id=\"caption-attachment-78596\" class=\"wp-caption-text\">LA JUVENTUD IMPONE.- Estos peque\u00f1itos se lucieron en grande con nuestro Baile Nacional, ofrecido a los presentes.<\/figcaption><\/figure>\n<figure id=\"attachment_78597\" aria-describedby=\"caption-attachment-78597\" style=\"width: 580px\" class=\"wp-caption alignnone\"><img data-recalc-dims=\"1\" loading=\"lazy\" decoding=\"async\" class=\"size-full wp-image-78597\" src=\"https:\/\/i0.wp.com\/www.eltrabajo.cl\/2017\/wp-content\/uploads\/2017\/04\/Desfile-Esquinazo2.jpg?resize=580%2C348\" alt=\"GRAN ESQUINAZO.- La cueca se hizo presente y fueron los mejores bailarines del Club de Cueca Municipal de San Felipe quienes hicieron de las suyas en este momento.\" width=\"580\" height=\"348\" srcset=\"https:\/\/i0.wp.com\/eltrabajo.cl\/portal\/wp-content\/uploads\/2017\/04\/Desfile-Esquinazo2.jpg?w=580&amp;ssl=1 580w, https:\/\/i0.wp.com\/eltrabajo.cl\/portal\/wp-content\/uploads\/2017\/04\/Desfile-Esquinazo2.jpg?resize=200%2C120&amp;ssl=1 200w, https:\/\/i0.wp.com\/eltrabajo.cl\/portal\/wp-content\/uploads\/2017\/04\/Desfile-Esquinazo2.jpg?resize=300%2C180&amp;ssl=1 300w, https:\/\/i0.wp.com\/eltrabajo.cl\/portal\/wp-content\/uploads\/2017\/04\/Desfile-Esquinazo2.jpg?resize=150%2C90&amp;ssl=1 150w\" sizes=\"auto, (max-width: 580px) 100vw, 580px\" \/><figcaption id=\"caption-attachment-78597\" class=\"wp-caption-text\">GRAN ESQUINAZO.- La cueca se hizo presente y fueron los mejores bailarines del Club de Cueca Municipal de San Felipe quienes hicieron de las suyas en este momento.<\/figcaption><\/figure>\n<figure id=\"attachment_78598\" aria-describedby=\"caption-attachment-78598\" style=\"width: 580px\" class=\"wp-caption alignnone\"><img data-recalc-dims=\"1\" loading=\"lazy\" decoding=\"async\" class=\"size-full wp-image-78598\" src=\"https:\/\/i0.wp.com\/www.eltrabajo.cl\/2017\/wp-content\/uploads\/2017\/04\/Desfile-Rinconada1.jpg?resize=580%2C349\" alt=\"TODO ACONCAGUA.- Desde Rinconada de Los Andes llegaron centros educativos a desfilar en esta fecha tan especial.\" width=\"580\" height=\"349\" srcset=\"https:\/\/i0.wp.com\/eltrabajo.cl\/portal\/wp-content\/uploads\/2017\/04\/Desfile-Rinconada1.jpg?w=580&amp;ssl=1 580w, https:\/\/i0.wp.com\/eltrabajo.cl\/portal\/wp-content\/uploads\/2017\/04\/Desfile-Rinconada1.jpg?resize=200%2C120&amp;ssl=1 200w, https:\/\/i0.wp.com\/eltrabajo.cl\/portal\/wp-content\/uploads\/2017\/04\/Desfile-Rinconada1.jpg?resize=300%2C181&amp;ssl=1 300w, https:\/\/i0.wp.com\/eltrabajo.cl\/portal\/wp-content\/uploads\/2017\/04\/Desfile-Rinconada1.jpg?resize=150%2C90&amp;ssl=1 150w\" sizes=\"auto, (max-width: 580px) 100vw, 580px\" \/><figcaption id=\"caption-attachment-78598\" class=\"wp-caption-text\">TODO ACONCAGUA.- Desde Rinconada de Los Andes llegaron centros educativos a desfilar en esta fecha tan especial.<\/figcaption><\/figure>\n<figure id=\"attachment_78599\" aria-describedby=\"caption-attachment-78599\" style=\"width: 580px\" class=\"wp-caption alignnone\"><img data-recalc-dims=\"1\" loading=\"lazy\" decoding=\"async\" class=\"size-full wp-image-78599\" src=\"https:\/\/i0.wp.com\/www.eltrabajo.cl\/2017\/wp-content\/uploads\/2017\/04\/Desfile-San-Martin1.jpg?resize=580%2C349\" alt=\"LA 62.- La Escuela Jos\u00e9 de San Mart\u00edn desfil\u00f3 con su flamante directora al frente, do\u00f1a Ximena Baquedano.\" width=\"580\" height=\"349\" srcset=\"https:\/\/i0.wp.com\/eltrabajo.cl\/portal\/wp-content\/uploads\/2017\/04\/Desfile-San-Martin1.jpg?w=580&amp;ssl=1 580w, https:\/\/i0.wp.com\/eltrabajo.cl\/portal\/wp-content\/uploads\/2017\/04\/Desfile-San-Martin1.jpg?resize=200%2C120&amp;ssl=1 200w, https:\/\/i0.wp.com\/eltrabajo.cl\/portal\/wp-content\/uploads\/2017\/04\/Desfile-San-Martin1.jpg?resize=300%2C181&amp;ssl=1 300w, https:\/\/i0.wp.com\/eltrabajo.cl\/portal\/wp-content\/uploads\/2017\/04\/Desfile-San-Martin1.jpg?resize=150%2C90&amp;ssl=1 150w\" sizes=\"auto, (max-width: 580px) 100vw, 580px\" \/><figcaption id=\"caption-attachment-78599\" class=\"wp-caption-text\">LA 62.- La Escuela Jos\u00e9 de San Mart\u00edn desfil\u00f3 con su flamante directora al frente, do\u00f1a Ximena Baquedano.<\/figcaption><\/figure>\n<figure id=\"attachment_78601\" aria-describedby=\"caption-attachment-78601\" style=\"width: 580px\" class=\"wp-caption alignnone\"><img data-recalc-dims=\"1\" loading=\"lazy\" decoding=\"async\" class=\"size-full wp-image-78601\" src=\"https:\/\/i0.wp.com\/www.eltrabajo.cl\/2017\/wp-content\/uploads\/2017\/04\/Desfile1.jpg?resize=580%2C349\" alt=\"PANQUEHUINOS PRESENTES.- Ellos son los estudiantes de la Escuela Jos\u00e9 Barros, de Palomar de Panquehue.\" width=\"580\" height=\"349\" srcset=\"https:\/\/i0.wp.com\/eltrabajo.cl\/portal\/wp-content\/uploads\/2017\/04\/Desfile1.jpg?w=580&amp;ssl=1 580w, https:\/\/i0.wp.com\/eltrabajo.cl\/portal\/wp-content\/uploads\/2017\/04\/Desfile1.jpg?resize=200%2C120&amp;ssl=1 200w, https:\/\/i0.wp.com\/eltrabajo.cl\/portal\/wp-content\/uploads\/2017\/04\/Desfile1.jpg?resize=300%2C181&amp;ssl=1 300w, https:\/\/i0.wp.com\/eltrabajo.cl\/portal\/wp-content\/uploads\/2017\/04\/Desfile1.jpg?resize=150%2C90&amp;ssl=1 150w\" sizes=\"auto, (max-width: 580px) 100vw, 580px\" \/><figcaption id=\"caption-attachment-78601\" class=\"wp-caption-text\">PANQUEHUINOS PRESENTES.- Ellos son los estudiantes de la Escuela Jos\u00e9 Barros, de Palomar de Panquehue.<\/figcaption><\/figure>\n<figure id=\"attachment_78602\" aria-describedby=\"caption-attachment-78602\" style=\"width: 580px\" class=\"wp-caption alignnone\"><img data-recalc-dims=\"1\" loading=\"lazy\" decoding=\"async\" class=\"size-full wp-image-78602\" src=\"https:\/\/i0.wp.com\/www.eltrabajo.cl\/2017\/wp-content\/uploads\/2017\/04\/Desfile2.jpg?resize=580%2C877\" alt=\"SIN L\u00cdMITES.- No hubo excusa para no disfrutar de esta fiesta nacional, los 90 a\u00f1os de existencia de Carabineros de Chile.\" width=\"580\" height=\"877\" srcset=\"https:\/\/i0.wp.com\/eltrabajo.cl\/portal\/wp-content\/uploads\/2017\/04\/Desfile2.jpg?w=580&amp;ssl=1 580w, https:\/\/i0.wp.com\/eltrabajo.cl\/portal\/wp-content\/uploads\/2017\/04\/Desfile2.jpg?resize=99%2C150&amp;ssl=1 99w, https:\/\/i0.wp.com\/eltrabajo.cl\/portal\/wp-content\/uploads\/2017\/04\/Desfile2.jpg?resize=198%2C300&amp;ssl=1 198w\" sizes=\"auto, (max-width: 580px) 100vw, 580px\" \/><figcaption id=\"caption-attachment-78602\" class=\"wp-caption-text\">SIN L\u00cdMITES.- No hubo excusa para no disfrutar de esta fiesta nacional, los 90 a\u00f1os de existencia de Carabineros de Chile.<\/figcaption><\/figure>\n<figure id=\"attachment_78603\" aria-describedby=\"caption-attachment-78603\" style=\"width: 580px\" class=\"wp-caption alignnone\"><img data-recalc-dims=\"1\" loading=\"lazy\" decoding=\"async\" class=\"size-full wp-image-78603\" src=\"https:\/\/i0.wp.com\/www.eltrabajo.cl\/2017\/wp-content\/uploads\/2017\/04\/Desfile3.jpg?resize=580%2C349\" alt=\"J\u00d3VENES AL FRENTE.- Los j\u00f3venes del Colegio Panquehue tambi\u00e9n desfilaron en honor a los uniformados de Carabineros en su d\u00eda.\" width=\"580\" height=\"349\" srcset=\"https:\/\/i0.wp.com\/eltrabajo.cl\/portal\/wp-content\/uploads\/2017\/04\/Desfile3.jpg?w=580&amp;ssl=1 580w, https:\/\/i0.wp.com\/eltrabajo.cl\/portal\/wp-content\/uploads\/2017\/04\/Desfile3.jpg?resize=200%2C120&amp;ssl=1 200w, https:\/\/i0.wp.com\/eltrabajo.cl\/portal\/wp-content\/uploads\/2017\/04\/Desfile3.jpg?resize=300%2C181&amp;ssl=1 300w, https:\/\/i0.wp.com\/eltrabajo.cl\/portal\/wp-content\/uploads\/2017\/04\/Desfile3.jpg?resize=150%2C90&amp;ssl=1 150w\" sizes=\"auto, (max-width: 580px) 100vw, 580px\" \/><figcaption id=\"caption-attachment-78603\" class=\"wp-caption-text\">J\u00d3VENES AL FRENTE.- Los j\u00f3venes del Colegio Panquehue tambi\u00e9n desfilaron en honor a los uniformados de Carabineros en su d\u00eda.<\/figcaption><\/figure>\n<figure id=\"attachment_78604\" aria-describedby=\"caption-attachment-78604\" style=\"width: 580px\" class=\"wp-caption alignnone\"><img data-recalc-dims=\"1\" loading=\"lazy\" decoding=\"async\" class=\"size-full wp-image-78604\" src=\"https:\/\/i0.wp.com\/www.eltrabajo.cl\/2017\/wp-content\/uploads\/2017\/04\/Desfile4.jpg?resize=580%2C349\" alt=\"EL CORDILLERA.- Profesores y estudiantes del Liceo Bicentenario Cordillera, de San Felipe, con gran orgullo homenajearon a las autoridades presentes.\" width=\"580\" height=\"349\" srcset=\"https:\/\/i0.wp.com\/eltrabajo.cl\/portal\/wp-content\/uploads\/2017\/04\/Desfile4.jpg?w=580&amp;ssl=1 580w, https:\/\/i0.wp.com\/eltrabajo.cl\/portal\/wp-content\/uploads\/2017\/04\/Desfile4.jpg?resize=200%2C120&amp;ssl=1 200w, https:\/\/i0.wp.com\/eltrabajo.cl\/portal\/wp-content\/uploads\/2017\/04\/Desfile4.jpg?resize=300%2C181&amp;ssl=1 300w, https:\/\/i0.wp.com\/eltrabajo.cl\/portal\/wp-content\/uploads\/2017\/04\/Desfile4.jpg?resize=150%2C90&amp;ssl=1 150w\" sizes=\"auto, (max-width: 580px) 100vw, 580px\" \/><figcaption id=\"caption-attachment-78604\" class=\"wp-caption-text\">EL CORDILLERA.- Profesores y estudiantes del Liceo Bicentenario Cordillera, de San Felipe, con gran orgullo homenajearon a las autoridades presentes.<\/figcaption><\/figure>\n<figure id=\"attachment_78605\" aria-describedby=\"caption-attachment-78605\" style=\"width: 580px\" class=\"wp-caption alignnone\"><img data-recalc-dims=\"1\" loading=\"lazy\" decoding=\"async\" class=\"size-full wp-image-78605\" src=\"https:\/\/i0.wp.com\/www.eltrabajo.cl\/2017\/wp-content\/uploads\/2017\/04\/Desfile5.jpg?resize=580%2C349\" alt=\"AQU\u00cd LO TIENEN.- Vean a este carabinerito sanfelipe\u00f1o, \u00e9l ya sue\u00f1a con vestir ese digno uniforme.\" width=\"580\" height=\"349\" srcset=\"https:\/\/i0.wp.com\/eltrabajo.cl\/portal\/wp-content\/uploads\/2017\/04\/Desfile5.jpg?w=580&amp;ssl=1 580w, https:\/\/i0.wp.com\/eltrabajo.cl\/portal\/wp-content\/uploads\/2017\/04\/Desfile5.jpg?resize=200%2C120&amp;ssl=1 200w, https:\/\/i0.wp.com\/eltrabajo.cl\/portal\/wp-content\/uploads\/2017\/04\/Desfile5.jpg?resize=300%2C181&amp;ssl=1 300w, https:\/\/i0.wp.com\/eltrabajo.cl\/portal\/wp-content\/uploads\/2017\/04\/Desfile5.jpg?resize=150%2C90&amp;ssl=1 150w\" sizes=\"auto, (max-width: 580px) 100vw, 580px\" \/><figcaption id=\"caption-attachment-78605\" class=\"wp-caption-text\">AQU\u00cd LO TIENEN.- Vean a este carabinerito sanfelipe\u00f1o, \u00e9l ya sue\u00f1a con vestir ese digno uniforme.<\/figcaption><\/figure>\n<figure id=\"attachment_78606\" aria-describedby=\"caption-attachment-78606\" style=\"width: 580px\" class=\"wp-caption alignnone\"><img data-recalc-dims=\"1\" loading=\"lazy\" decoding=\"async\" class=\"size-full wp-image-78606\" src=\"https:\/\/i0.wp.com\/www.eltrabajo.cl\/2017\/wp-content\/uploads\/2017\/04\/Desfile6.jpg?resize=580%2C349\" alt=\"BANDA DE LUJO.- La banda del Colegio Alonso de Ercilla, fue la encargada de las marchas del desfile escolar.\" width=\"580\" height=\"349\" srcset=\"https:\/\/i0.wp.com\/eltrabajo.cl\/portal\/wp-content\/uploads\/2017\/04\/Desfile6.jpg?w=580&amp;ssl=1 580w, https:\/\/i0.wp.com\/eltrabajo.cl\/portal\/wp-content\/uploads\/2017\/04\/Desfile6.jpg?resize=200%2C120&amp;ssl=1 200w, https:\/\/i0.wp.com\/eltrabajo.cl\/portal\/wp-content\/uploads\/2017\/04\/Desfile6.jpg?resize=300%2C181&amp;ssl=1 300w, https:\/\/i0.wp.com\/eltrabajo.cl\/portal\/wp-content\/uploads\/2017\/04\/Desfile6.jpg?resize=150%2C90&amp;ssl=1 150w\" sizes=\"auto, (max-width: 580px) 100vw, 580px\" \/><figcaption id=\"caption-attachment-78606\" class=\"wp-caption-text\">BANDA DE LUJO.- La banda del Colegio Alonso de Ercilla, fue la encargada de las marchas del desfile escolar.<\/figcaption><\/figure>\n","protected":false},"excerpt":{"rendered":"<p>Instituci\u00f3n policial cumplen 90 a\u00f1os de servir a los chilenos: Con bombos y platillos todas las fuerzas vivas del Valle Aconcagua salieron ayer mi\u00e9rcoles a celebrar con alegr\u00eda los 90 a\u00f1os que&#8230;<\/p>\n","protected":false},"author":1,"featured_media":78595,"comment_status":"open","ping_status":"open","sticky":false,"template":"","format":"standard","meta":{"advanced_seo_description":"","jetpack_seo_html_title":"","jetpack_seo_noindex":false,"_jetpack_memberships_contains_paid_content":false,"footnotes":""},"categories":[15],"tags":[],"class_list":["post-78594","post","type-post","status-publish","format-standard","has-post-thumbnail","hentry","category-comunidad"],"jetpack_featured_media_url":"https:\/\/i0.wp.com\/eltrabajo.cl\/portal\/wp-content\/uploads\/2017\/04\/desfile-1.jpg?fit=580%2C350&ssl=1","jetpack_sharing_enabled":true,"jetpack_likes_enabled":true,"jetpack-related-posts":[],"_links":{"self":[{"href":"https:\/\/eltrabajo.cl\/portal\/wp-json\/wp\/v2\/posts\/78594","targetHints":{"allow":["GET"]}}],"collection":[{"href":"https:\/\/eltrabajo.cl\/portal\/wp-json\/wp\/v2\/posts"}],"about":[{"href":"https:\/\/eltrabajo.cl\/portal\/wp-json\/wp\/v2\/types\/post"}],"author":[{"embeddable":true,"href":"https:\/\/eltrabajo.cl\/portal\/wp-json\/wp\/v2\/users\/1"}],"replies":[{"embeddable":true,"href":"https:\/\/eltrabajo.cl\/portal\/wp-json\/wp\/v2\/comments?post=78594"}],"version-history":[{"count":0,"href":"https:\/\/eltrabajo.cl\/portal\/wp-json\/wp\/v2\/posts\/78594\/revisions"}],"wp:featuredmedia":[{"embeddable":true,"href":"https:\/\/eltrabajo.cl\/portal\/wp-json\/wp\/v2\/media\/78595"}],"wp:attachment":[{"href":"https:\/\/eltrabajo.cl\/portal\/wp-json\/wp\/v2\/media?parent=78594"}],"wp:term":[{"taxonomy":"category","embeddable":true,"href":"https:\/\/eltrabajo.cl\/portal\/wp-json\/wp\/v2\/categories?post=78594"},{"taxonomy":"post_tag","embeddable":true,"href":"https:\/\/eltrabajo.cl\/portal\/wp-json\/wp\/v2\/tags?post=78594"}],"curies":[{"name":"wp","href":"https:\/\/api.w.org\/{rel}","templated":true}]}}