{"id":78608,"date":"2017-04-27T06:06:46","date_gmt":"2017-04-27T10:06:46","guid":{"rendered":"http:\/\/www.eltrabajo.cl\/2017\/?p=78608"},"modified":"2017-04-27T06:06:46","modified_gmt":"2017-04-27T10:06:46","slug":"extraccion-ilegal-de-aridos-afecta-bosque-nativo-protegido","status":"publish","type":"post","link":"https:\/\/eltrabajo.cl\/portal\/extraccion-ilegal-de-aridos-afecta-bosque-nativo-protegido\/","title":{"rendered":"Extracci\u00f3n ilegal de \u00e1ridos afecta bosque nativo protegido"},"content":{"rendered":"<figure id=\"attachment_78610\" aria-describedby=\"caption-attachment-78610\" style=\"width: 580px\" class=\"wp-caption alignnone\"><img data-recalc-dims=\"1\" loading=\"lazy\" decoding=\"async\" class=\"size-full wp-image-78610\" src=\"https:\/\/i0.wp.com\/www.eltrabajo.cl\/2017\/wp-content\/uploads\/2017\/04\/Eduardo-Torres-comunero-Katy-Galaz-Ra%C3%ADces-de-Aconcagua.jpg?resize=580%2C349\" alt=\"Eduardo Torres, comunero del sector El Asiento, junto a Katy Galaz, vocera de la agrupaci\u00f3n \u00abRa\u00edces de Aconcagua\u00bb.\" width=\"580\" height=\"349\" srcset=\"https:\/\/i0.wp.com\/eltrabajo.cl\/portal\/wp-content\/uploads\/2017\/04\/Eduardo-Torres-comunero-Katy-Galaz-Ra%C3%ADces-de-Aconcagua.jpg?w=580&amp;ssl=1 580w, https:\/\/i0.wp.com\/eltrabajo.cl\/portal\/wp-content\/uploads\/2017\/04\/Eduardo-Torres-comunero-Katy-Galaz-Ra%C3%ADces-de-Aconcagua.jpg?resize=200%2C120&amp;ssl=1 200w, https:\/\/i0.wp.com\/eltrabajo.cl\/portal\/wp-content\/uploads\/2017\/04\/Eduardo-Torres-comunero-Katy-Galaz-Ra%C3%ADces-de-Aconcagua.jpg?resize=300%2C181&amp;ssl=1 300w, https:\/\/i0.wp.com\/eltrabajo.cl\/portal\/wp-content\/uploads\/2017\/04\/Eduardo-Torres-comunero-Katy-Galaz-Ra%C3%ADces-de-Aconcagua.jpg?resize=150%2C90&amp;ssl=1 150w\" sizes=\"auto, (max-width: 580px) 100vw, 580px\" \/><figcaption id=\"caption-attachment-78610\" class=\"wp-caption-text\">Eduardo Torres, comunero del sector El Asiento, junto a Katy Galaz, vocera de la agrupaci\u00f3n \u00abRa\u00edces de Aconcagua\u00bb.<\/figcaption><\/figure>\n<ul>\n<li><span style=\"color: #ff0000;\"><strong>Camiones cargados con rocas gigantes provienen del Santuario de Los Cipreses:<\/strong><\/span>\u00a0Seg\u00fan Conaf, las especies afectadas en este terreno corresponder\u00edan a Formaci\u00f3n Xerof\u00edlica de alto valor ecol\u00f3gico y Bosque de Preservaci\u00f3n, interviniendo especies como el Guayac\u00e1n, Litre, Espino, Quillay, Boll\u00e9n, Quisco, Chagual, Maravilla del Campo, Hua\u00f1il y Colliguay.<\/li>\n<\/ul>\n<p>Desde hace un mes, quiz\u00e1s un poco m\u00e1s, los sanfelipe\u00f1os empezaron a preguntarse de d\u00f3nde proven\u00edan los camiones tolva cargados con rocas de grandes dimensiones, los cuales, sin las m\u00ednimas medidas de seguridad, atravesaban la ciudad a distintas horas del d\u00eda, sin importar el riesgo que esta faena implicaba para automovilistas y transe\u00fantes.<br \/>\nAquella inquietud puso en alerta a la comunidad y luego de las distintas denuncias realizadas a trav\u00e9s de las redes sociales, a prop\u00f3sito del incidente donde una inmensa roca cay\u00f3 al medio de la calzada en Maip\u00fa, hecho publicado en nuestra edici\u00f3n del lunes pasado, qued\u00f3 al descubierto una situaci\u00f3n a\u00fan m\u00e1s grave: el material pesado est\u00e1 siendo extra\u00eddo de forma ilegal desde el sector de El Asiento, espec\u00edficamente desde el Santuario de la Naturaleza Serran\u00eda del Cipr\u00e9s.<br \/>\nAs\u00ed lo dio a conocer Eduardo Torres, comunero del sector, quien asegura haber puesto la denuncia respectiva en Conaf (Corporaci\u00f3n Nacional Forestal), entidad que habr\u00eda hecho la inspecci\u00f3n correspondiente el pasado 13 de abril, detectando graves anomal\u00edas provocadas por una extracci\u00f3n de \u00e1ridos no autorizada.<br \/>\n\u00abSeg\u00fan una carta que me entreg\u00f3 la Conaf, estas rocas son extra\u00eddas desde una parte del Santuario de la Naturaleza de la Serran\u00eda de los Cipreses, cerca de donde fue el incendio\u2026 Ellos detectaron que esta faena no tiene ning\u00fan plan de manejo y es completamente ilegal porque est\u00e1 afectando la ley 20.283, que promueve la recuperaci\u00f3n de bosque nativo y fomento forestal\u00bb, detall\u00f3 Torres.<br \/>\nSeg\u00fan el comunero, Conaf habr\u00eda confirmado adem\u00e1s, que la empresa a cargo de estos trabajos no present\u00f3 el correspondiente \u2018plan de manejo\u2019, y que todo el material que est\u00e1 siendo extra\u00eddo por la contratista representa un serio riesgo para la comunidad. \u00abEn cualquier momento en caso de aluvi\u00f3n, puede ir a parar al Asiento, no hay ning\u00fan estudio que diga que esto no podr\u00eda pasar\u00bb, afirm\u00f3 Torres.<br \/>\nJunto con lo anterior, el vecino sanfelipe\u00f1o se dio el trabajo de preguntar por la autorizaci\u00f3n de la Municipalidad de San Felipe para el desarrollo de esta faena, y cont\u00f3 que \u00abyo fui a consultar al municipio, porque como contribuyentes sabemos que antes de empezar un negocio debes tener una patente y ah\u00ed me dijeron que no existe ninguna patente municipal que autorice extraer estos \u00e1ridos, as\u00ed que ayer (el martes) se present\u00f3 una denuncia formal al alcalde pidi\u00e9ndole que tome cartas en el asunto\u00bb, sentenci\u00f3 el comunero de El Asiento.<br \/>\nDiario El Trabajo tuvo acceso a la misiva firmada por Denisse N\u00fa\u00f1ez, Jefa Provincial de Conaf San Felipe-Los Andes, en la que se detalla que \u00abdurante la visita inspectiva (13 de abril) se constat\u00f3 la extracci\u00f3n de \u00e1ridos al interior de la cuenca de El Asiento, y a consecuencia de ello, la intervenci\u00f3n de vegetaci\u00f3n de la quebrada, la construcci\u00f3n y ampliaci\u00f3n de caminos, detonaciones, tr\u00e1nsito de camiones, tanto en la comunidad de El Asiento, como en el mismo villorrio, generando material particulado en suspensi\u00f3n y el riesgo a sus habitantes\u00bb.<br \/>\nSeg\u00fan el escrito, en una primera instancia \u00abse pudo determinar que se han destruido 1.2 Ha de formaciones vegetales nativas, de las cuales, 0.64 Ha corresponden a Formaci\u00f3n Xerof\u00edlica de alto valor ecol\u00f3gico y 0.56 Ha, a Bosque de Preservaci\u00f3n\u00bb, incluyendo las siguientes especies: Guayac\u00e1n, Litre, Espino, Quillay, Boll\u00e9n, Quisco, Chagual, Maravilla del Campo, Hua\u00f1il y Colliguay.<br \/>\nCon estos antecedentes, la agrupaci\u00f3n ambientalista de San Felipe \u2018Ra\u00edces de Aconcagua\u2019, ha solicitado a las distintas autoridades la paralizaci\u00f3n inmediata de estas faenas. As\u00ed lo describi\u00f3 Katy Galaz, una de sus voceras, quien advirti\u00f3 que se est\u00e1 desarrollando un programa de recolecci\u00f3n de firmas, de apoyo a la comunidad, para sumar respaldo contra este tipo de faenas.<br \/>\n\u00abEstamos siendo apoyados por varias organizaciones de Putaendo y San Felipe para llevar a cabo las acciones que sean necesarias: Superintendencia, Gobernaci\u00f3n, Municipalidad y Ministerio de Educaci\u00f3n, que est\u00e1 relacionado con el tema de los monumentos nacionales y tendr\u00eda incidencia en t\u00e9rminos de pronunciarse respecto de este santuario natura. La idea es paralizar las obras r\u00e1pidamente y exigir una compensaci\u00f3n, que reparen todo el patrimonio da\u00f1ado\u00bb, sentenci\u00f3 la ambientalista.<\/p>\n<figure id=\"attachment_78609\" aria-describedby=\"caption-attachment-78609\" style=\"width: 580px\" class=\"wp-caption alignnone\"><img data-recalc-dims=\"1\" loading=\"lazy\" decoding=\"async\" class=\"size-full wp-image-78609\" src=\"https:\/\/i0.wp.com\/www.eltrabajo.cl\/2017\/wp-content\/uploads\/2017\/04\/1serrania-cipres.jpg?resize=580%2C350\" alt=\"Uno punto dos hect\u00e1reas de bosque nativo habr\u00edan sido depredadas por extracci\u00f3n ilegal de \u00e1ridos durante los \u00faltimos meses en Serran\u00eda del Cipr\u00e9s.\" width=\"580\" height=\"350\" srcset=\"https:\/\/i0.wp.com\/eltrabajo.cl\/portal\/wp-content\/uploads\/2017\/04\/1serrania-cipres.jpg?w=580&amp;ssl=1 580w, https:\/\/i0.wp.com\/eltrabajo.cl\/portal\/wp-content\/uploads\/2017\/04\/1serrania-cipres.jpg?resize=200%2C121&amp;ssl=1 200w, https:\/\/i0.wp.com\/eltrabajo.cl\/portal\/wp-content\/uploads\/2017\/04\/1serrania-cipres.jpg?resize=300%2C181&amp;ssl=1 300w, https:\/\/i0.wp.com\/eltrabajo.cl\/portal\/wp-content\/uploads\/2017\/04\/1serrania-cipres.jpg?resize=150%2C91&amp;ssl=1 150w\" sizes=\"auto, (max-width: 580px) 100vw, 580px\" \/><figcaption id=\"caption-attachment-78609\" class=\"wp-caption-text\">Uno punto dos hect\u00e1reas de bosque nativo habr\u00edan sido depredadas por extracci\u00f3n ilegal de \u00e1ridos durante los \u00faltimos meses en Serran\u00eda del Cipr\u00e9s.<\/figcaption><\/figure>\n","protected":false},"excerpt":{"rendered":"<p>Camiones cargados con rocas gigantes provienen del Santuario de Los Cipreses:\u00a0Seg\u00fan Conaf, las especies afectadas en este terreno corresponder\u00edan a Formaci\u00f3n Xerof\u00edlica de alto valor ecol\u00f3gico y Bosque de Preservaci\u00f3n, interviniendo especies&#8230;<\/p>\n","protected":false},"author":1,"featured_media":78609,"comment_status":"open","ping_status":"open","sticky":false,"template":"","format":"standard","meta":{"advanced_seo_description":"","jetpack_seo_html_title":"","jetpack_seo_noindex":false,"_jetpack_memberships_contains_paid_content":false,"footnotes":""},"categories":[15],"tags":[],"class_list":["post-78608","post","type-post","status-publish","format-standard","has-post-thumbnail","hentry","category-comunidad"],"jetpack_featured_media_url":"https:\/\/i0.wp.com\/eltrabajo.cl\/portal\/wp-content\/uploads\/2017\/04\/1serrania-cipres.jpg?fit=580%2C350&ssl=1","jetpack_sharing_enabled":true,"jetpack_likes_enabled":true,"jetpack-related-posts":[],"_links":{"self":[{"href":"https:\/\/eltrabajo.cl\/portal\/wp-json\/wp\/v2\/posts\/78608","targetHints":{"allow":["GET"]}}],"collection":[{"href":"https:\/\/eltrabajo.cl\/portal\/wp-json\/wp\/v2\/posts"}],"about":[{"href":"https:\/\/eltrabajo.cl\/portal\/wp-json\/wp\/v2\/types\/post"}],"author":[{"embeddable":true,"href":"https:\/\/eltrabajo.cl\/portal\/wp-json\/wp\/v2\/users\/1"}],"replies":[{"embeddable":true,"href":"https:\/\/eltrabajo.cl\/portal\/wp-json\/wp\/v2\/comments?post=78608"}],"version-history":[{"count":0,"href":"https:\/\/eltrabajo.cl\/portal\/wp-json\/wp\/v2\/posts\/78608\/revisions"}],"wp:featuredmedia":[{"embeddable":true,"href":"https:\/\/eltrabajo.cl\/portal\/wp-json\/wp\/v2\/media\/78609"}],"wp:attachment":[{"href":"https:\/\/eltrabajo.cl\/portal\/wp-json\/wp\/v2\/media?parent=78608"}],"wp:term":[{"taxonomy":"category","embeddable":true,"href":"https:\/\/eltrabajo.cl\/portal\/wp-json\/wp\/v2\/categories?post=78608"},{"taxonomy":"post_tag","embeddable":true,"href":"https:\/\/eltrabajo.cl\/portal\/wp-json\/wp\/v2\/tags?post=78608"}],"curies":[{"name":"wp","href":"https:\/\/api.w.org\/{rel}","templated":true}]}}