{"id":78613,"date":"2017-04-28T06:00:17","date_gmt":"2017-04-28T10:00:17","guid":{"rendered":"http:\/\/www.eltrabajo.cl\/2017\/?p=78613"},"modified":"2017-04-28T06:00:17","modified_gmt":"2017-04-28T10:00:17","slug":"feria-del-libro-usado-sera-este-sabado-en-la-terraza-de-la-plaza-de-armas","status":"publish","type":"post","link":"https:\/\/eltrabajo.cl\/portal\/feria-del-libro-usado-sera-este-sabado-en-la-terraza-de-la-plaza-de-armas\/","title":{"rendered":"Feria del Libro usado ser\u00e1 este s\u00e1bado en la terraza de la Plaza de Armas"},"content":{"rendered":"<figure id=\"attachment_78614\" aria-describedby=\"caption-attachment-78614\" style=\"width: 580px\" class=\"wp-caption alignnone\"><img data-recalc-dims=\"1\" loading=\"lazy\" decoding=\"async\" class=\"size-full wp-image-78614\" src=\"https:\/\/i0.wp.com\/www.eltrabajo.cl\/2017\/wp-content\/uploads\/2017\/04\/Libros-Juanito1.jpg?resize=580%2C349\" alt=\"JUANITO Y EL LIBRO.- Esta obra de teatro se presentar\u00e1 al mediod\u00eda en el teatro municipal. \" width=\"580\" height=\"349\" srcset=\"https:\/\/i0.wp.com\/eltrabajo.cl\/portal\/wp-content\/uploads\/2017\/04\/Libros-Juanito1.jpg?w=580&amp;ssl=1 580w, https:\/\/i0.wp.com\/eltrabajo.cl\/portal\/wp-content\/uploads\/2017\/04\/Libros-Juanito1.jpg?resize=200%2C120&amp;ssl=1 200w, https:\/\/i0.wp.com\/eltrabajo.cl\/portal\/wp-content\/uploads\/2017\/04\/Libros-Juanito1.jpg?resize=300%2C181&amp;ssl=1 300w, https:\/\/i0.wp.com\/eltrabajo.cl\/portal\/wp-content\/uploads\/2017\/04\/Libros-Juanito1.jpg?resize=150%2C90&amp;ssl=1 150w\" sizes=\"auto, (max-width: 580px) 100vw, 580px\" \/><figcaption id=\"caption-attachment-78614\" class=\"wp-caption-text\">JUANITO Y EL LIBRO.- Esta obra de teatro se presentar\u00e1 al mediod\u00eda en el teatro municipal.<\/figcaption><\/figure>\n<ul>\n<li><span style=\"color: #ff0000;\"><strong>Homenaje tambi\u00e9n a Carlos Ruiz Zald\u00edvar:<\/strong><\/span><\/li>\n<\/ul>\n<p>Este s\u00e1bado en la Terraza de nuestra Plaza de Armas, se dar\u00e1n cita decenas de amantes a la buena lectura para cerrar el Mes del Libro con una Feria Del Libro Usado 2017, iniciativa que por vez primera se desarrolla en nuestra comuna. Tambi\u00e9n ser\u00e1 un s\u00e1bado de poemas, teatro infantil y muchos libros volando por ah\u00ed.<br \/>\n\u00abEsta es la primera vez que realizamos una feria del libro usado en conmemoraci\u00f3n del D\u00eda del Libro, estamos de una semana full lanzamiento de libros, cerraremos esta jornada con esta feria, quienes quieran vender sus libros usados y quienes quieran tambi\u00e9n hacer trueques, podr\u00e1n hacerlos. Este mismo s\u00e1bado al mediod\u00eda tendremos teatro Juanito y El libro a las 12:00 en el teatro municipal, habr\u00e1n otras actividades con el trovador local Claudio Berr\u00edos, estaremos con micr\u00f3fono abierto para quienes quieran cantar, declamar y leer poes\u00eda, quienes quieran participar en esta feria no tendr\u00e1n que pagar permisos municipales, pues hay una ordenanza especial para los actos de Cultura\u00bb, explic\u00f3 a Diario El Trabajo el consejero regional de cultura, Ricardo Ruiz.<\/p>\n<p><strong>TREMENDO JUANITO<\/strong><br \/>\nJuanito es un ni\u00f1o que pasa todos los d\u00edas sentado frente al computador, hasta el punto que sus ojos quedan como dos huevos fritos. Su abuela, con quien vive, se preocupa de llevarlo en brazos todas las noches desde el computador, en donde se queda dormido jugando, hasta su cama. Una noche la abuelita decide poner un libro bajo la almohada de su nieto para ver si durante el sue\u00f1o se le pega algo de esos hermosos conocimientos que entregan los libros.<br \/>\nEs as\u00ed como durante el sue\u00f1o Juanito vive un experiencia fant\u00e1stica, llena de aventuras y de seres incre\u00edbles que le van ense\u00f1ando la importancia de la lectura, de las bibliotecas, la imaginaci\u00f3n y de tantas otras cosas que hacen que Juanito comprenda por fin lo entretenido, bello e importante que es leer.<br \/>\nTambi\u00e9n a las 18:00 horas se desarrollar\u00e1 un homenaje al multifac\u00e9tico Carlos Ruiz Zald\u00edvar, en la misma terraza.<br \/>\n<strong>Roberto Gonz\u00e1lez Short<\/strong><\/p>\n<figure id=\"attachment_78615\" aria-describedby=\"caption-attachment-78615\" style=\"width: 580px\" class=\"wp-caption alignnone\"><img data-recalc-dims=\"1\" loading=\"lazy\" decoding=\"async\" class=\"size-full wp-image-78615\" src=\"https:\/\/i0.wp.com\/www.eltrabajo.cl\/2017\/wp-content\/uploads\/2017\/04\/Libros-Usados1.jpg?resize=580%2C348\" alt=\"FERIA DE LIBROS USADOS.- Desde las 11:00 horas en la terraza de nuestra Plaza de Armas, usted podr\u00e1 llegar con su libro y hacer cualquier trueque con otros lectores, tambi\u00e9n habr\u00e1 libros a la venta. \" width=\"580\" height=\"348\" srcset=\"https:\/\/i0.wp.com\/eltrabajo.cl\/portal\/wp-content\/uploads\/2017\/04\/Libros-Usados1.jpg?w=580&amp;ssl=1 580w, https:\/\/i0.wp.com\/eltrabajo.cl\/portal\/wp-content\/uploads\/2017\/04\/Libros-Usados1.jpg?resize=200%2C120&amp;ssl=1 200w, https:\/\/i0.wp.com\/eltrabajo.cl\/portal\/wp-content\/uploads\/2017\/04\/Libros-Usados1.jpg?resize=300%2C180&amp;ssl=1 300w, https:\/\/i0.wp.com\/eltrabajo.cl\/portal\/wp-content\/uploads\/2017\/04\/Libros-Usados1.jpg?resize=150%2C90&amp;ssl=1 150w\" sizes=\"auto, (max-width: 580px) 100vw, 580px\" \/><figcaption id=\"caption-attachment-78615\" class=\"wp-caption-text\">FERIA DE LIBROS USADOS.- Desde las 11:00 horas en la terraza de nuestra Plaza de Armas, usted podr\u00e1 llegar con su libro y hacer cualquier trueque con otros lectores, tambi\u00e9n habr\u00e1 libros a la venta.<\/figcaption><\/figure>\n<figure id=\"attachment_78616\" aria-describedby=\"caption-attachment-78616\" style=\"width: 580px\" class=\"wp-caption alignnone\"><img data-recalc-dims=\"1\" loading=\"lazy\" decoding=\"async\" class=\"size-full wp-image-78616\" src=\"https:\/\/i0.wp.com\/www.eltrabajo.cl\/2017\/wp-content\/uploads\/2017\/04\/Libros-Carloncho1.jpg?resize=580%2C349\" alt=\"CARLITOS RUIZ.- El querido Carloncho ser\u00e1 recordado este s\u00e1bado en La Terraza.\" width=\"580\" height=\"349\" srcset=\"https:\/\/i0.wp.com\/eltrabajo.cl\/portal\/wp-content\/uploads\/2017\/04\/Libros-Carloncho1.jpg?w=580&amp;ssl=1 580w, https:\/\/i0.wp.com\/eltrabajo.cl\/portal\/wp-content\/uploads\/2017\/04\/Libros-Carloncho1.jpg?resize=200%2C120&amp;ssl=1 200w, https:\/\/i0.wp.com\/eltrabajo.cl\/portal\/wp-content\/uploads\/2017\/04\/Libros-Carloncho1.jpg?resize=300%2C181&amp;ssl=1 300w, https:\/\/i0.wp.com\/eltrabajo.cl\/portal\/wp-content\/uploads\/2017\/04\/Libros-Carloncho1.jpg?resize=150%2C90&amp;ssl=1 150w\" sizes=\"auto, (max-width: 580px) 100vw, 580px\" \/><figcaption id=\"caption-attachment-78616\" class=\"wp-caption-text\">CARLITOS RUIZ.- El querido Carloncho ser\u00e1 recordado este s\u00e1bado en La Terraza.<\/figcaption><\/figure>\n<figure id=\"attachment_78617\" aria-describedby=\"caption-attachment-78617\" style=\"width: 580px\" class=\"wp-caption alignnone\"><img data-recalc-dims=\"1\" loading=\"lazy\" decoding=\"async\" class=\"size-full wp-image-78617\" src=\"https:\/\/i0.wp.com\/www.eltrabajo.cl\/2017\/wp-content\/uploads\/2017\/04\/Libros-Ricardo-Ruiz.jpg?resize=580%2C349\" alt=\"Ricardo Ruiz, consejero regional de cultura.\" width=\"580\" height=\"349\" srcset=\"https:\/\/i0.wp.com\/eltrabajo.cl\/portal\/wp-content\/uploads\/2017\/04\/Libros-Ricardo-Ruiz.jpg?w=580&amp;ssl=1 580w, https:\/\/i0.wp.com\/eltrabajo.cl\/portal\/wp-content\/uploads\/2017\/04\/Libros-Ricardo-Ruiz.jpg?resize=200%2C120&amp;ssl=1 200w, https:\/\/i0.wp.com\/eltrabajo.cl\/portal\/wp-content\/uploads\/2017\/04\/Libros-Ricardo-Ruiz.jpg?resize=300%2C181&amp;ssl=1 300w, https:\/\/i0.wp.com\/eltrabajo.cl\/portal\/wp-content\/uploads\/2017\/04\/Libros-Ricardo-Ruiz.jpg?resize=150%2C90&amp;ssl=1 150w\" sizes=\"auto, (max-width: 580px) 100vw, 580px\" \/><figcaption id=\"caption-attachment-78617\" class=\"wp-caption-text\">Ricardo Ruiz, consejero regional de cultura.<\/figcaption><\/figure>\n","protected":false},"excerpt":{"rendered":"<p>Homenaje tambi\u00e9n a Carlos Ruiz Zald\u00edvar: Este s\u00e1bado en la Terraza de nuestra Plaza de Armas, se dar\u00e1n cita decenas de amantes a la buena lectura para cerrar el Mes del Libro&#8230;<\/p>\n","protected":false},"author":1,"featured_media":78615,"comment_status":"open","ping_status":"open","sticky":false,"template":"","format":"standard","meta":{"advanced_seo_description":"","jetpack_seo_html_title":"","jetpack_seo_noindex":false,"_jetpack_memberships_contains_paid_content":false,"footnotes":""},"categories":[20],"tags":[],"class_list":["post-78613","post","type-post","status-publish","format-standard","has-post-thumbnail","hentry","category-arte-y-cultura"],"jetpack_featured_media_url":"https:\/\/i0.wp.com\/eltrabajo.cl\/portal\/wp-content\/uploads\/2017\/04\/Libros-Usados1.jpg?fit=580%2C348&ssl=1","jetpack_sharing_enabled":true,"jetpack_likes_enabled":true,"jetpack-related-posts":[],"_links":{"self":[{"href":"https:\/\/eltrabajo.cl\/portal\/wp-json\/wp\/v2\/posts\/78613","targetHints":{"allow":["GET"]}}],"collection":[{"href":"https:\/\/eltrabajo.cl\/portal\/wp-json\/wp\/v2\/posts"}],"about":[{"href":"https:\/\/eltrabajo.cl\/portal\/wp-json\/wp\/v2\/types\/post"}],"author":[{"embeddable":true,"href":"https:\/\/eltrabajo.cl\/portal\/wp-json\/wp\/v2\/users\/1"}],"replies":[{"embeddable":true,"href":"https:\/\/eltrabajo.cl\/portal\/wp-json\/wp\/v2\/comments?post=78613"}],"version-history":[{"count":0,"href":"https:\/\/eltrabajo.cl\/portal\/wp-json\/wp\/v2\/posts\/78613\/revisions"}],"wp:featuredmedia":[{"embeddable":true,"href":"https:\/\/eltrabajo.cl\/portal\/wp-json\/wp\/v2\/media\/78615"}],"wp:attachment":[{"href":"https:\/\/eltrabajo.cl\/portal\/wp-json\/wp\/v2\/media?parent=78613"}],"wp:term":[{"taxonomy":"category","embeddable":true,"href":"https:\/\/eltrabajo.cl\/portal\/wp-json\/wp\/v2\/categories?post=78613"},{"taxonomy":"post_tag","embeddable":true,"href":"https:\/\/eltrabajo.cl\/portal\/wp-json\/wp\/v2\/tags?post=78613"}],"curies":[{"name":"wp","href":"https:\/\/api.w.org\/{rel}","templated":true}]}}