{"id":78619,"date":"2017-04-28T06:01:10","date_gmt":"2017-04-28T10:01:10","guid":{"rendered":"http:\/\/www.eltrabajo.cl\/2017\/?p=78619"},"modified":"2017-04-28T06:01:10","modified_gmt":"2017-04-28T10:01:10","slug":"los-rellenos-son-para-residuos-domiciliarios-y-no-para-recibir-arena","status":"publish","type":"post","link":"https:\/\/eltrabajo.cl\/portal\/los-rellenos-son-para-residuos-domiciliarios-y-no-para-recibir-arena\/","title":{"rendered":"\u00abLos rellenos son para residuos domiciliarios y no para recibir arena\u00bb"},"content":{"rendered":"<figure id=\"attachment_78620\" aria-describedby=\"caption-attachment-78620\" style=\"width: 580px\" class=\"wp-caption alignnone\"><img data-recalc-dims=\"1\" loading=\"lazy\" decoding=\"async\" class=\"size-full wp-image-78620\" src=\"https:\/\/i0.wp.com\/www.eltrabajo.cl\/2017\/wp-content\/uploads\/2017\/04\/Tania-Bertoglio-seremi-Medio-Ambiente.jpg?resize=580%2C349\" alt=\"Tania Bertoglio, Secretaria Regional Ministerial de Medio Ambiente.\" width=\"580\" height=\"349\" srcset=\"https:\/\/i0.wp.com\/eltrabajo.cl\/portal\/wp-content\/uploads\/2017\/04\/Tania-Bertoglio-seremi-Medio-Ambiente.jpg?w=580&amp;ssl=1 580w, https:\/\/i0.wp.com\/eltrabajo.cl\/portal\/wp-content\/uploads\/2017\/04\/Tania-Bertoglio-seremi-Medio-Ambiente.jpg?resize=200%2C120&amp;ssl=1 200w, https:\/\/i0.wp.com\/eltrabajo.cl\/portal\/wp-content\/uploads\/2017\/04\/Tania-Bertoglio-seremi-Medio-Ambiente.jpg?resize=300%2C181&amp;ssl=1 300w, https:\/\/i0.wp.com\/eltrabajo.cl\/portal\/wp-content\/uploads\/2017\/04\/Tania-Bertoglio-seremi-Medio-Ambiente.jpg?resize=150%2C90&amp;ssl=1 150w\" sizes=\"auto, (max-width: 580px) 100vw, 580px\" \/><figcaption id=\"caption-attachment-78620\" class=\"wp-caption-text\">Tania Bertoglio, Secretaria Regional Ministerial de Medio Ambiente.<\/figcaption><\/figure>\n<ul>\n<li><strong><span style=\"color: #ff0000;\">Tania Bertoglio, Seremi de Medio Ambiente:<\/span>\u00a0Si bien, la autoridad medioambiental, no quiso oponerse de forma tajante al proyecto de Las Salinas, dio luces de que su cartera no avalar\u00e1 resoluciones que no est\u00e9n respaldadas en la ley.<\/strong><\/li>\n<\/ul>\n<p>El proyecto inmobiliario de Las Salinas y su consiguiente traslado de arenas contaminadas hacia distintos sectores de la zona interior de la Regi\u00f3n de Valpara\u00edso -entre ellas el Relleno Sanitario La Hormiga en San Felipe-, es un conflicto que parece estar lejos de tener una resoluci\u00f3n definitiva, y desde ah\u00ed es que se torne fundamental conocer la postura que tienen hoy las autoridades y representantes de las reparticiones p\u00fablicas involucradas en el Sistema de Evaluaci\u00f3n de Impacto Ambiental (SEIA), a la que ha sido sometido el cuestionado plan inmobiliario.<br \/>\nEsta vez fue la Secretaria Regional Ministerial (Seremi) de Medio Ambiente, Tania Bertoglio, quien se refiri\u00f3 al proceso de evaluaci\u00f3n multisectorial que se est\u00e1 desarrollando en torno al proyecto Las Salinas, asegurando que desde su cartera ser\u00e1n \u201clo m\u00e1s rigurosos y estrictos posible, porque en un vertedero o relleno sanitario est\u00e1n autorizados residuos domiciliarios, no arenas contaminadas\u201d, en referencia a la intenci\u00f3n de depositar este material en suelos sanfelipe\u00f1os.<br \/>\nBertoglio no quiso anticipar si desde su repartici\u00f3n se opondr\u00e1n o dar\u00e1n luz verde al proyecto, argumentando que a\u00fan se encuentran en un proceso de evaluaci\u00f3n, a ra\u00edz de lo cual se remiti\u00f3 a empe\u00f1ar su palabra en cautelar el cumplimiento de la legislaci\u00f3n medioambiental.<br \/>\n\u201cYo s\u00f3lo puedo dar fe que vamos a ser s\u00faper rigurosos, solicitaremos todos los antecedentes necesarios. \u00bfQu\u00e9 quiere decir eso? Que tienen que demostrarnos a trav\u00e9s de un estudio, todos los antecedentes para yo poder descartar que efectivamente esa arena no est\u00e9 contaminada, y adem\u00e1s en qu\u00e9 van a utilizar la arena, porque los rellenos son para recibir residuos domiciliarios\u201d, insisti\u00f3 la profesional<br \/>\nRespecto a cu\u00e1nto puede incidir la postura de la cartera regional de Medio Ambiente, Bertoglio fue tajante en afirmar que \u201clo que es vinculante, es la votaci\u00f3n de la Comisi\u00f3n Ambiental Regional, si aprueba o no una resoluci\u00f3n de un proyecto\u201d, concluy\u00f3 la Seremi de Medio Ambiente de Valpara\u00edso.<\/p>\n<p><strong>EXTRACCI\u00d3N ILEGAL DE \u00c1RIDOS<\/strong><br \/>\nConsultada sobre el da\u00f1o que estar\u00eda sufriendo el Santuario de la Naturaleza en el sector de El Asiento, a ra\u00edz de la eventual extracci\u00f3n ilegal de \u00e1ridos desde el Cerro El Tabaco, Bertoglio se mostr\u00f3 preocupada por la tala \u201cindiscriminada\u201d del bosque nativo y asever\u00f3 que se desarrollar\u00e1 una investigaci\u00f3n para saber si es OHL, la empresa mandante de los contratistas que est\u00e1n realizando estas faenas, en las cercan\u00edas de los cipreses.<br \/>\n\u201cEso est\u00e1 ahora en manos de Conaf (Corporaci\u00f3n Nacional Forestal), aun as\u00ed, a trav\u00e9s de la Superintendencia de Medio Ambiente, que es el organismo fiscalizador del Ministerio de Medio Ambiente, ellos ya estuvieron en el lugar y lo que est\u00e1n viendo e investigando es si esta extracci\u00f3n de roca es producto de una Resoluci\u00f3n de Calificaci\u00f3n Ambiental (RCA) aprobada, con respecto de la ampliaci\u00f3n de la ruta 60 CH y si efectivamente, tanto el transporte como la extracci\u00f3n est\u00e1n dentro de esa RCA\u201d, decret\u00f3 la autoridad, agregando que estas empresas se exponen a multas millonarias si llegasen a estar infringiendo la RCA.<\/p>\n","protected":false},"excerpt":{"rendered":"<p>Tania Bertoglio, Seremi de Medio Ambiente:\u00a0Si bien, la autoridad medioambiental, no quiso oponerse de forma tajante al proyecto de Las Salinas, dio luces de que su cartera no avalar\u00e1 resoluciones que no&#8230;<\/p>\n","protected":false},"author":1,"featured_media":78620,"comment_status":"open","ping_status":"open","sticky":false,"template":"","format":"standard","meta":{"advanced_seo_description":"","jetpack_seo_html_title":"","jetpack_seo_noindex":false,"_jetpack_memberships_contains_paid_content":false,"footnotes":""},"categories":[1],"tags":[],"class_list":["post-78619","post","type-post","status-publish","format-standard","has-post-thumbnail","hentry","category-cronica"],"jetpack_featured_media_url":"https:\/\/i0.wp.com\/eltrabajo.cl\/portal\/wp-content\/uploads\/2017\/04\/Tania-Bertoglio-seremi-Medio-Ambiente.jpg?fit=580%2C349&ssl=1","jetpack_sharing_enabled":true,"jetpack_likes_enabled":true,"jetpack-related-posts":[],"_links":{"self":[{"href":"https:\/\/eltrabajo.cl\/portal\/wp-json\/wp\/v2\/posts\/78619","targetHints":{"allow":["GET"]}}],"collection":[{"href":"https:\/\/eltrabajo.cl\/portal\/wp-json\/wp\/v2\/posts"}],"about":[{"href":"https:\/\/eltrabajo.cl\/portal\/wp-json\/wp\/v2\/types\/post"}],"author":[{"embeddable":true,"href":"https:\/\/eltrabajo.cl\/portal\/wp-json\/wp\/v2\/users\/1"}],"replies":[{"embeddable":true,"href":"https:\/\/eltrabajo.cl\/portal\/wp-json\/wp\/v2\/comments?post=78619"}],"version-history":[{"count":0,"href":"https:\/\/eltrabajo.cl\/portal\/wp-json\/wp\/v2\/posts\/78619\/revisions"}],"wp:featuredmedia":[{"embeddable":true,"href":"https:\/\/eltrabajo.cl\/portal\/wp-json\/wp\/v2\/media\/78620"}],"wp:attachment":[{"href":"https:\/\/eltrabajo.cl\/portal\/wp-json\/wp\/v2\/media?parent=78619"}],"wp:term":[{"taxonomy":"category","embeddable":true,"href":"https:\/\/eltrabajo.cl\/portal\/wp-json\/wp\/v2\/categories?post=78619"},{"taxonomy":"post_tag","embeddable":true,"href":"https:\/\/eltrabajo.cl\/portal\/wp-json\/wp\/v2\/tags?post=78619"}],"curies":[{"name":"wp","href":"https:\/\/api.w.org\/{rel}","templated":true}]}}